{"id":293618,"date":"2025-08-03T13:24:10","date_gmt":"2025-08-03T13:24:10","guid":{"rendered":"https:\/\/www.europesays.com\/fr\/293618\/"},"modified":"2025-08-03T13:24:10","modified_gmt":"2025-08-03T13:24:10","slug":"environ-250-personnes-rassemblees-pour-une-rave-party-en-ille-et-vilaine","status":"publish","type":"post","link":"https:\/\/www.europesays.com\/fr\/293618\/","title":{"rendered":"Environ 250 personnes rassembl\u00e9es pour une rave party en Ille-et-Vilaine"},"content":{"rendered":"<p>Les teufeurs se sont install\u00e9s vers 2 h, au milieu du Bois de Rihain, situ\u00e9 le long d\u2019un axe routier secondaire reliant Visseiche \u00e0 Moulins. Rapidement un mur de son a \u00e9t\u00e9 mont\u00e9 dans une clairi\u00e8re isol\u00e9e. Au cours de la nuit, les gendarmes pr\u00e9sents sur place ont d\u00e9nombr\u00e9 environ 250 personnes au plus fort de la soir\u00e9e. Aucun incident n\u2019a \u00e9t\u00e9 relev\u00e9 au cours de la nuit. Un rassemblement qui se tenait ill\u00e9galement, le pr\u00e9fet d\u2019Ille-et-Vilaine ayant pris, pour le mois d\u2019ao\u00fbt, un arr\u00eat\u00e9 d\u2019interdiction des rassemblements festifs \u00e0 caract\u00e8re musical sur l\u2019ensemble du d\u00e9partement. Apr\u00e8s avoir fix\u00e9 aux organisateurs un ultimatum pour mettre fin au rassemblement, les forces de l\u2019ordre sont intervenues, dans le calme, vers 8 h, pour faire cesser la musique. Une fois le son coup\u00e9, les premiers raveurs ont commenc\u00e9 a quitt\u00e9 les lieux, o\u00f9 les gendarmes avaient mis en place un dispositif de surveillance et de contr\u00f4le. \u00c0 la mi-journ\u00e9e il restait encore sur place environ une quarantaine de voitures.<\/p>\n","protected":false},"excerpt":{"rendered":"Les teufeurs se sont install\u00e9s vers 2 h, au milieu du Bois de Rihain, situ\u00e9 le long d\u2019un&hellip;\n","protected":false},"author":2,"featured_media":293619,"comment_status":"","ping_status":"","sticky":false,"template":"","format":"standard","meta":{"footnotes":""},"categories":[2821],"tags":[1111,11,829,765,1777,674,1011,27,848,12,584,25],"class_list":{"0":"post-293618","1":"post","2":"type-post","3":"status-publish","4":"format-standard","5":"has-post-thumbnail","7":"category-rennes","8":"tag-actu","9":"tag-actualites","10":"tag-bretagne","11":"tag-en-continu","12":"tag-eu","13":"tag-europe","14":"tag-fr","15":"tag-france","16":"tag-ille-et-vilaine","17":"tag-news","18":"tag-rennes","19":"tag-republique-francaise"},"share_on_mastodon":{"url":"https:\/\/pubeurope.com\/@fr\/114965057639971838","error":""},"_links":{"self":[{"href":"https:\/\/www.europesays.com\/fr\/wp-json\/wp\/v2\/posts\/293618","targetHints":{"allow":["GET"]}}],"collection":[{"href":"https:\/\/www.europesays.com\/fr\/wp-json\/wp\/v2\/posts"}],"about":[{"href":"https:\/\/www.europesays.com\/fr\/wp-json\/wp\/v2\/types\/post"}],"author":[{"embeddable":true,"href":"https:\/\/www.europesays.com\/fr\/wp-json\/wp\/v2\/users\/2"}],"replies":[{"embeddable":true,"href":"https:\/\/www.europesays.com\/fr\/wp-json\/wp\/v2\/comments?post=293618"}],"version-history":[{"count":0,"href":"https:\/\/www.europesays.com\/fr\/wp-json\/wp\/v2\/posts\/293618\/revisions"}],"wp:featuredmedia":[{"embeddable":true,"href":"https:\/\/www.europesays.com\/fr\/wp-json\/wp\/v2\/media\/293619"}],"wp:attachment":[{"href":"https:\/\/www.europesays.com\/fr\/wp-json\/wp\/v2\/media?parent=293618"}],"wp:term":[{"taxonomy":"category","embeddable":true,"href":"https:\/\/www.europesays.com\/fr\/wp-json\/wp\/v2\/categories?post=293618"},{"taxonomy":"post_tag","embeddable":true,"href":"https:\/\/www.europesays.com\/fr\/wp-json\/wp\/v2\/tags?post=293618"}],"curies":[{"name":"wp","href":"https:\/\/api.w.org\/{rel}","templated":true}]}}