{"id":293625,"date":"2025-08-03T13:30:12","date_gmt":"2025-08-03T13:30:12","guid":{"rendered":"https:\/\/www.europesays.com\/fr\/293625\/"},"modified":"2025-08-03T13:30:12","modified_gmt":"2025-08-03T13:30:12","slug":"un-logement-durgence-cree-dans-cette-commune-au-sud-de-nantes","status":"publish","type":"post","link":"https:\/\/www.europesays.com\/fr\/293625\/","title":{"rendered":"Un logement d\u2019urgence cr\u00e9\u00e9 dans cette commune au sud de Nantes"},"content":{"rendered":"<p>La r\u00e9novation de la \u00ab\u00a0Maison Bleue\u00a0\u00bb rue de l\u2019Oc\u00e9an \u00e0 Machecoul-Saint-M\u00eame est termin\u00e9e. Il s\u2019agit d\u2019un logement municipal enti\u00e8rement r\u00e9nov\u00e9 pour \u00a0offrir un h\u00e9bergement temporaire et digne \u00e0 des familles en situation d\u2019urgence\u00a0, explique la premi\u00e8re adjointe, Laura Glass. \u00a0Ce projet s\u2019inscrit dans une d\u00e9marche de solidarit\u00e9 et d\u2019accueil port\u00e9e par la municipalit\u00e9.\u00a0<\/p>\n<p>?\u00c0 LIRE AUSSI\u00a0:<a href=\"https:\/\/www.ouest-france.fr\/societe\/logement\/un-logement-durgence-bientot-disponible-des-lautomne-dans-cette-petite-commune-de-loire-atlantique-7f51f0f0-6c85-11f0-8947-a3fb7037f9d8#:~:text=La%2520commune%2520d&#039;Avessac%2520en,%25C3%25A0%2520des%2520situations%2520d&#039;urgence.&amp;text=Le%2520logement%252C%2520b%25C3%25A2ti%2520sur%2520une,%25C3%25AAtre%2520op%25C3%25A9rationnel%2520d%25C3%25A8s%2520l&#039;automne.\" target=\"_self\" rel=\"nofollow noopener\"> Un logement d\u2019urgence bient\u00f4t disponible d\u00e8s l\u2019automne dans cette petite commune de Loire-Atlantique<\/a> <\/p>\n<p>Ce logement est propri\u00e9t\u00e9 de la municipalit\u00e9 depuis plusieurs ann\u00e9es et servait jusqu\u2019\u00e0 r\u00e9cemment de logement d\u2019urgence pour des citoyens en situation de pr\u00e9carit\u00e9. Cette maison souffrait d\u2019un important manque d\u2019isolation et d\u2019un entretien limit\u00e9. Des travaux de r\u00e9novation ont \u00e9t\u00e9 entrepris afin d\u2019en am\u00e9liorer le confort et de la rendre apte \u00e0 accueillir dignement une famille dans le besoin.<\/p>\n<p>Soutien<\/p>\n<p>Ce projet a \u00e9t\u00e9 rendu possible gr\u00e2ce au soutien financier de l\u2019\u00c9tat, du Conseil D\u00e9partemental, ainsi que du programme europ\u00e9en Leader (Liaison entre Actions de D\u00e9veloppement de l\u2019\u00c9conomie Rurale) qui accompagne le d\u00e9veloppement des territoires ruraux.<\/p>\n<p>\u00ab\u00a0La Maison Bleue\u00a0\u00bb sera inaugur\u00e9e le mercredi 27\u00a0ao\u00fbt 2025 \u00e0 16\u00a0h\u00a030.<\/p>\n<p>\u00a0<\/p>\n","protected":false},"excerpt":{"rendered":"La r\u00e9novation de la \u00ab\u00a0Maison Bleue\u00a0\u00bb rue de l\u2019Oc\u00e9an \u00e0 Machecoul-Saint-M\u00eame est termin\u00e9e. Il s\u2019agit d\u2019un logement municipal&hellip;\n","protected":false},"author":2,"featured_media":293626,"comment_status":"","ping_status":"","sticky":false,"template":"","format":"standard","meta":{"footnotes":""},"categories":[2818],"tags":[1111,11,7052,11803,1777,674,1011,27,1908,766,12,2636,25,7053,3083],"class_list":{"0":"post-293625","1":"post","2":"type-post","3":"status-publish","4":"format-standard","5":"has-post-thumbnail","7":"category-nantes","8":"tag-actu","9":"tag-actualites","10":"tag-commune","11":"tag-cree","12":"tag-eu","13":"tag-europe","14":"tag-fr","15":"tag-france","16":"tag-logement","17":"tag-nantes","18":"tag-news","19":"tag-pays-de-la-loire","20":"tag-republique-francaise","21":"tag-sud","22":"tag-urgence"},"share_on_mastodon":{"url":"https:\/\/pubeurope.com\/@fr\/114965081168591249","error":""},"_links":{"self":[{"href":"https:\/\/www.europesays.com\/fr\/wp-json\/wp\/v2\/posts\/293625","targetHints":{"allow":["GET"]}}],"collection":[{"href":"https:\/\/www.europesays.com\/fr\/wp-json\/wp\/v2\/posts"}],"about":[{"href":"https:\/\/www.europesays.com\/fr\/wp-json\/wp\/v2\/types\/post"}],"author":[{"embeddable":true,"href":"https:\/\/www.europesays.com\/fr\/wp-json\/wp\/v2\/users\/2"}],"replies":[{"embeddable":true,"href":"https:\/\/www.europesays.com\/fr\/wp-json\/wp\/v2\/comments?post=293625"}],"version-history":[{"count":0,"href":"https:\/\/www.europesays.com\/fr\/wp-json\/wp\/v2\/posts\/293625\/revisions"}],"wp:featuredmedia":[{"embeddable":true,"href":"https:\/\/www.europesays.com\/fr\/wp-json\/wp\/v2\/media\/293626"}],"wp:attachment":[{"href":"https:\/\/www.europesays.com\/fr\/wp-json\/wp\/v2\/media?parent=293625"}],"wp:term":[{"taxonomy":"category","embeddable":true,"href":"https:\/\/www.europesays.com\/fr\/wp-json\/wp\/v2\/categories?post=293625"},{"taxonomy":"post_tag","embeddable":true,"href":"https:\/\/www.europesays.com\/fr\/wp-json\/wp\/v2\/tags?post=293625"}],"curies":[{"name":"wp","href":"https:\/\/api.w.org\/{rel}","templated":true}]}}