{"id":293632,"date":"2025-08-03T13:34:09","date_gmt":"2025-08-03T13:34:09","guid":{"rendered":"https:\/\/www.europesays.com\/fr\/293632\/"},"modified":"2025-08-03T13:34:09","modified_gmt":"2025-08-03T13:34:09","slug":"une-voiture-en-travers-de-lautoroute-coupe-deux-voies-de-circulation","status":"publish","type":"post","link":"https:\/\/www.europesays.com\/fr\/293632\/","title":{"rendered":"une voiture en travers de l&rsquo;autoroute coupe deux voies de circulation"},"content":{"rendered":"<p>            Par<br \/>\n        <strong><br \/>\n            <a href=\"https:\/\/actu.fr\/auteur\/mareva-laville-actu-fr\" title=\"Consulter tous les articles de Mar\u00e9va Laville\" target=\"_blank\" rel=\"noopener\">Mar\u00e9va Laville<\/a><br \/>\n        <\/strong><\/p>\n<p>        Publi\u00e9 le<\/p>\n<p>            3 ao\u00fbt 2025 \u00e0 15h13        <\/p>\n<p>La sortie du p\u00e9riph\u00e9rique de <a href=\"http:\/\/www.actu.fr\/toulouse\" target=\"_blank\" rel=\"noopener\">Toulouse<\/a> en direction de <a href=\"https:\/\/actu.fr\/tag\/autoroute-64-a64\" target=\"_blank\" rel=\"noopener\"><strong>l\u2019A64<\/strong> <\/a>est compliqu\u00e9e ce dimanche 3\u00a0ao\u00fbt 2025 apr\u00e8s-midi. Un <strong>accident<\/strong> est survenu au sud-ouest, juste apr\u00e8s la sortie 38 Le Chapitre, sur la <strong>Pyr\u00e9n\u00e9enne<\/strong>, dans le sens Toulouse-Bayonne, dans le secteur de l\u2019Oncopole.<\/p>\n<p>    <a href=\"https:\/\/www.google.com\/maps\/embed?pb=!1m16!1m12!1m3!1d11031.356646170054!2d1.4124697736077356!3d43.55855915699056!2m3!1f0!2f0!3f0!3m2!1i1024!2i768!4f13.1!2m1!1ssortie%20le%20chapitre!5e0!3m2!1sfr!2sfr!4v1754226469338!5m2!1sfr!2sfr\" title=\"Ouvrie le lien\" target=\"_blank\" rel=\"noopener\">Cliquez ici pour visualiser le contenu<\/a><\/p>\n<p>Une voiture en travers de la route<\/p>\n<p class=\" wall-content\">\u00ab\u2009Une voiture se trouve<strong> en travers de la voie de gauche<\/strong>\u2009\u00bb, pr\u00e9cise Radio Vinci Autoroutes. \u00ab\u2009Elle est en train d\u2019\u00eatre install\u00e9e sur le camion du d\u00e9panneur\u2009\u00bb, indique-t-on sur 107.7 aux alentours de 15\u00a0heures.<\/p>\n<p>Deux voies neutralis\u00e9es<\/p>\n<p class=\" wall-content\">Pompiers et patrouilleurs sont sur place le temps de l\u2019\u00e9vacuation, qui g\u00e9n\u00e8re des ralentissements dans ce secteur.<\/p>\n<p class=\" wall-content\">Pour cause\u2009:<strong> les deux voies les plus \u00e0 gauche sont neutralis\u00e9es.<\/strong> \u00ab\u2009Une fois la sortie du Chapitre pass\u00e9e, il faut se d\u00e9porter sur la voie de droite\u2009\u00bb, d\u00e9taille Radio Vinci Autoroutes, qui recommande aux automobilistes de ralentir.<\/p>\n<p>Vid\u00e9os : en ce moment sur Actu<\/p>\n<p class=\" wall-content\">Suivez toute l\u2019actualit\u00e9 de vos villes et m\u00e9dias favoris en vous inscrivant \u00e0 <a href=\"https:\/\/moncompte.actu.fr\" title=\"D\u00e9couvez Mon Actu\" rel=\"nofollow noopener\" data-trk=\"{&quot;cta&quot;:{&quot;action&quot;:&quot;https:\\\/\\\/moncompte.actu.fr&quot;,&quot;category&quot;:&quot;mon compte&quot;,&quot;from&quot;:&quot;article footer&quot;,&quot;name&quot;:&quot;Mon actu&quot;,&quot;type&quot;:&quot;cta&quot;}}\" target=\"_blank\">Mon Actu<\/a>.<\/p>\n<ul class=\"ac-article-tag wall-content\">\n<li><a href=\"https:\/\/actu.fr\/tag\/accident\" data-trk=\"{&quot;cta&quot;:{&quot;action&quot;:&quot;Accident&quot;,&quot;category&quot;:&quot;tag&quot;,&quot;from&quot;:&quot;article footer&quot;,&quot;name&quot;:&quot;Accident&quot;,&quot;type&quot;:&quot;cta&quot;}}\" target=\"_blank\" rel=\"noopener\">#Accident<\/a><\/li>\n<li><a href=\"https:\/\/actu.fr\/tag\/autoroute-64-a64\" data-trk=\"{&quot;cta&quot;:{&quot;action&quot;:&quot;Autoroute 64 (A64)&quot;,&quot;category&quot;:&quot;tag&quot;,&quot;from&quot;:&quot;article footer&quot;,&quot;name&quot;:&quot;Autoroute 64 (A64)&quot;,&quot;type&quot;:&quot;cta&quot;}}\" target=\"_blank\" rel=\"noopener\">#Autoroute 64 (A64)<\/a><\/li>\n<\/ul>\n","protected":false},"excerpt":{"rendered":"Par Mar\u00e9va Laville Publi\u00e9 le 3 ao\u00fbt 2025 \u00e0 15h13 La sortie du p\u00e9riph\u00e9rique de Toulouse en direction&hellip;\n","protected":false},"author":2,"featured_media":293633,"comment_status":"","ping_status":"","sticky":false,"template":"","format":"standard","meta":{"footnotes":""},"categories":[2816],"tags":[119,1111,11,4799,1777,674,118,1011,27,12,2680,25,2312],"class_list":{"0":"post-293632","1":"post","2":"type-post","3":"status-publish","4":"format-standard","5":"has-post-thumbnail","7":"category-toulouse","8":"tag-accident","9":"tag-actu","10":"tag-actualites","11":"tag-autoroute-64-a64","12":"tag-eu","13":"tag-europe","14":"tag-faits-divers","15":"tag-fr","16":"tag-france","17":"tag-news","18":"tag-occitanie","19":"tag-republique-francaise","20":"tag-toulouse"},"share_on_mastodon":{"url":"https:\/\/pubeurope.com\/@fr\/114965096946591236","error":""},"_links":{"self":[{"href":"https:\/\/www.europesays.com\/fr\/wp-json\/wp\/v2\/posts\/293632","targetHints":{"allow":["GET"]}}],"collection":[{"href":"https:\/\/www.europesays.com\/fr\/wp-json\/wp\/v2\/posts"}],"about":[{"href":"https:\/\/www.europesays.com\/fr\/wp-json\/wp\/v2\/types\/post"}],"author":[{"embeddable":true,"href":"https:\/\/www.europesays.com\/fr\/wp-json\/wp\/v2\/users\/2"}],"replies":[{"embeddable":true,"href":"https:\/\/www.europesays.com\/fr\/wp-json\/wp\/v2\/comments?post=293632"}],"version-history":[{"count":0,"href":"https:\/\/www.europesays.com\/fr\/wp-json\/wp\/v2\/posts\/293632\/revisions"}],"wp:featuredmedia":[{"embeddable":true,"href":"https:\/\/www.europesays.com\/fr\/wp-json\/wp\/v2\/media\/293633"}],"wp:attachment":[{"href":"https:\/\/www.europesays.com\/fr\/wp-json\/wp\/v2\/media?parent=293632"}],"wp:term":[{"taxonomy":"category","embeddable":true,"href":"https:\/\/www.europesays.com\/fr\/wp-json\/wp\/v2\/categories?post=293632"},{"taxonomy":"post_tag","embeddable":true,"href":"https:\/\/www.europesays.com\/fr\/wp-json\/wp\/v2\/tags?post=293632"}],"curies":[{"name":"wp","href":"https:\/\/api.w.org\/{rel}","templated":true}]}}