{"id":293638,"date":"2025-08-03T13:38:09","date_gmt":"2025-08-03T13:38:09","guid":{"rendered":"https:\/\/www.europesays.com\/fr\/293638\/"},"modified":"2025-08-03T13:38:09","modified_gmt":"2025-08-03T13:38:09","slug":"deux-rave-parties-sauvages-interrompues-par-la-police-cette-nuit","status":"publish","type":"post","link":"https:\/\/www.europesays.com\/fr\/293638\/","title":{"rendered":"Deux rave-parties sauvages interrompues par la police cette nuit"},"content":{"rendered":"<p>Plus de 1\u00a0200 participants \u00e0 deux rave-parties sauvages ont \u00e9t\u00e9 dispers\u00e9s par la police samedi soir \u00e0 Marseille.<\/p>\n<p>Les premiers avaient commenc\u00e9 les festivit\u00e9s bien t\u00f4t, en se r\u00e9unissant d\u00e8s 20\u00a0heures sur la <a href=\"https:\/\/www.laprovence.com\/article\/region\/69876776475710\/plages-du-prado-a-marseille-reprise-en-main\" target=\"_blank\" rel=\"noopener\">plage des Sablines<\/a> qui longe l\u2019avenue Pierre Mend\u00e8s\u00a0France, dans le 8e arrondissement de Marseille.<\/p>\n<p>Alert\u00e9e par des riverains, gu\u00e8re dispos\u00e9s \u00e0 passer la nuit au son des basses, la police a rapidement ralli\u00e9 les lieux et dispers\u00e9 environ 450 personnes, non sans s\u2019int\u00e9resser de pr\u00e8s aux organisateurs d\u2019une part (il s\u2019agirait d\u2019une soci\u00e9t\u00e9 dont l\u2019activit\u00e9 tourne autour des arts du spectacle vivant, Ndlr) et \u00e0 l\u2019exploitant de cette portion des Sablines d\u2019autre part, qui serait actuellement en proc\u00e8s avec la mairie, puisqu\u2019il conteste depuis plusieurs ann\u00e9es la fin d\u2019une ancienne concession.<\/p>\n<p>Ouverture illicite d\u2019un d\u00e9bit de boissons et travail dissimul\u00e9<\/p>\n<p>La police a engag\u00e9 une proc\u00e9dure pour ouverture illicite d\u2019un d\u00e9bit de boisson et <a href=\"https:\/\/www.laprovence.com\/article\/faits-divers-justice\/1314492413430314\/le-loueur-de-bateaux-a-cassis-condamne-pour-travail-dissimule-a-de-la-prison-avec-sursis-et-une-forte-amende\" target=\"_blank\" rel=\"noopener\">travail dissimul\u00e9<\/a>.<\/p>\n<p>Un peu avant 1\u00a0heure du matin, ce sont encore des riverains, mais cette fois-ci dans le 9e arrondissement, qui ont signal\u00e9 au 17 qu\u2019une rave-party particuli\u00e8rement bruyante se d\u00e9roulait dans la piscine abandonn\u00e9e de <a href=\"https:\/\/www.laprovence.com\/article\/region\/7447483541602714\/piscines-nord-et-luminy-deux-projets-qui-pataugent-a-marseille\" target=\"_blank\" rel=\"noopener\">Luminy<\/a>. Les policiers y ont \u00e9vacu\u00e9 800 personnes, non sans essuyer quelques jets de projectiles dans les premiers moments, avant que la dispersion ne s\u2019ach\u00e8ve dans le calme. Les forces de l\u2019ordre ont \u00e9galement saisi deux enceintes ainsi qu\u2019un groupe \u00e9lectrog\u00e8ne.<\/p>\n","protected":false},"excerpt":{"rendered":"Plus de 1\u00a0200 participants \u00e0 deux rave-parties sauvages ont \u00e9t\u00e9 dispers\u00e9s par la police samedi soir \u00e0 Marseille.&hellip;\n","protected":false},"author":2,"featured_media":293639,"comment_status":"","ping_status":"","sticky":false,"template":"","format":"standard","meta":{"footnotes":""},"categories":[2814],"tags":[17,1111,11,3477,4070,1777,674,274,1011,27,43358,884,12,5912,1072,882,43357,25,34701],"class_list":{"0":"post-293638","1":"post","2":"type-post","3":"status-publish","4":"format-standard","5":"has-post-thumbnail","7":"category-marseille","8":"tag-17","9":"tag-actu","10":"tag-actualites","11":"tag-cette","12":"tag-deux","13":"tag-eu","14":"tag-europe","15":"tag-faits-divers-justice","16":"tag-fr","17":"tag-france","18":"tag-interrompues","19":"tag-marseille","20":"tag-news","21":"tag-par","22":"tag-police","23":"tag-provence-alpes-cote-dazur","24":"tag-rave-parties","25":"tag-republique-francaise","26":"tag-sauvages"},"share_on_mastodon":{"url":"https:\/\/pubeurope.com\/@fr\/114965112751319759","error":""},"_links":{"self":[{"href":"https:\/\/www.europesays.com\/fr\/wp-json\/wp\/v2\/posts\/293638","targetHints":{"allow":["GET"]}}],"collection":[{"href":"https:\/\/www.europesays.com\/fr\/wp-json\/wp\/v2\/posts"}],"about":[{"href":"https:\/\/www.europesays.com\/fr\/wp-json\/wp\/v2\/types\/post"}],"author":[{"embeddable":true,"href":"https:\/\/www.europesays.com\/fr\/wp-json\/wp\/v2\/users\/2"}],"replies":[{"embeddable":true,"href":"https:\/\/www.europesays.com\/fr\/wp-json\/wp\/v2\/comments?post=293638"}],"version-history":[{"count":0,"href":"https:\/\/www.europesays.com\/fr\/wp-json\/wp\/v2\/posts\/293638\/revisions"}],"wp:featuredmedia":[{"embeddable":true,"href":"https:\/\/www.europesays.com\/fr\/wp-json\/wp\/v2\/media\/293639"}],"wp:attachment":[{"href":"https:\/\/www.europesays.com\/fr\/wp-json\/wp\/v2\/media?parent=293638"}],"wp:term":[{"taxonomy":"category","embeddable":true,"href":"https:\/\/www.europesays.com\/fr\/wp-json\/wp\/v2\/categories?post=293638"},{"taxonomy":"post_tag","embeddable":true,"href":"https:\/\/www.europesays.com\/fr\/wp-json\/wp\/v2\/tags?post=293638"}],"curies":[{"name":"wp","href":"https:\/\/api.w.org\/{rel}","templated":true}]}}