{"id":29364,"date":"2025-04-16T14:12:41","date_gmt":"2025-04-16T14:12:41","guid":{"rendered":"https:\/\/www.europesays.com\/fr\/29364\/"},"modified":"2025-04-16T14:12:41","modified_gmt":"2025-04-16T14:12:41","slug":"de-chanteuse-electro-pop-a-creatrice-de-t-shirts-a-rouen-nea-veut-transmettre-des-messages-forts","status":"publish","type":"post","link":"https:\/\/www.europesays.com\/fr\/29364\/","title":{"rendered":"De chanteuse \u00e9lectro-pop \u00e0 cr\u00e9atrice de t-shirts \u00e0 Rouen, N\u00e9a veut \u00ab transmettre des messages forts \u00bb"},"content":{"rendered":"<p>            Par<br \/>\n        <strong><br \/>\n            <a href=\"https:\/\/actu.fr\/auteur\/adrien-filoche\" title=\"Consulter tous les articles de Adrien Filoche\" rel=\"nofollow noopener\" target=\"_blank\">Adrien Filoche<\/a><br \/>\n        <\/strong><\/p>\n<p>        Publi\u00e9 le<\/p>\n<p>            11 avr. 2025 \u00e0 19h20        <\/p>\n<p>Chanteuse dans un groupe d\u2019\u00e9lectro pop, <strong>N\u00e9a Kirsten<\/strong> a mis de c\u00f4t\u00e9 la musique pour lancer il y a pr\u00e8s d\u2019un an sa marque de v\u00eatements \u00e0 <a href=\"https:\/\/actu.fr\/normandie\/rouen_76540\" rel=\"nofollow noopener\" target=\"_blank\">Rouen (Seine-Maritime).<\/a> Twenty Five se pr\u00e9sente comme une marque de streetwear <strong>unisexe<\/strong>, <strong>haut de gamme<\/strong> et<strong> \u00e9co-responsable<\/strong>. L\u2019artiste r\u00e9cup\u00e8re des textiles vierges aupr\u00e8s de fournisseurs, et elle se charge ensuite d\u2019imaginer des designs qui s\u2019int\u00e9greront sur la pi\u00e8ce. \u00ab\u2009Mon objectif, c\u2019est de transmettre des messages, des valeurs fortes, d\u2019anticonformisme, de libert\u00e9, de provocation \u00e0 travers des slogans recherch\u00e9s et travaill\u00e9s. \u00c7a correspond \u00e0 ma personnalit\u00e9\u2009\u00bb, r\u00e9sume la cr\u00e9atrice en souriant.<\/p>\n<p>Des v\u00eatements disruptifs et unisexes<\/p>\n<p class=\" wall-content\">\u00ab\u2009Un peu avant le confinement, j\u2019avais d\u00e9j\u00e0 commenc\u00e9 \u00e0 faire des t-shirts pour mon groupe de musique\u2009\u00bb, recontextualise N\u00e9a. Priv\u00e9e de ses activit\u00e9s festives pendant <a href=\"https:\/\/actu.fr\/societe\/coronavirus\" rel=\"nofollow noopener\" target=\"_blank\">la p\u00e9riode Covid<\/a>, l\u2019artiste d\u00e9cid\u00e9 de se r\u00e9orienter \u00e0 100\u2009% dans ce projet. \u00ab\u2009Il me fallait quelque chose de plus stable.\u2009\u00bb<\/p>\n<p class=\" wall-content\">Aujourd\u2019hui, la cr\u00e9atrice commercialise ses produits dans deux enseignes, <strong>Ma Premi\u00e8re Boutique \u00e0 Rouen<\/strong>, et un second magasin dans le quartier du Marais \u00e0 Paris. Ses cr\u00e9ations sont \u00e9galement en vente en ligne, o\u00f9 elle ne produit \u00ab\u2009qu\u2019\u00e0 la commande\u2009\u00bb.<\/p>\n<p>      <img   decoding=\"async\" loading=\"lazy\" class=\"\" src=\"https:\/\/www.europesays.com\/fr\/wp-content\/uploads\/2025\/04\/twenty-five-vetements-rouen-960x640.jpg\" alt=\"N\u00e9a et ses cr\u00e9ations.\" width=\"960\" height=\"640\"\/><br \/>\n    N\u00e9a et ses cr\u00e9ations. (\u00a9Photos transmises\/Baptiste L\u00e9onne)<\/p>\n<p class=\" wall-content\">N\u00e9a con\u00e7oit initialement <strong>des t-shirts et des sweats<\/strong>, mais la cr\u00e9atrice a \u00e9largi sa gamme avec notamment des <strong>robes<\/strong>, des <strong>marini\u00e8res<\/strong>, ou encore des <strong>tote bags.<\/strong> C\u00f4t\u00e9 tarifs, Twenty Five n\u2019est pas forc\u00e9ment accessible pour tous les budgets. \u00ab\u2009On reste sur des pi\u00e8ces uniques, haut de gamme, en coton, et travaill\u00e9es\u2009\u00bb, pr\u00e9sente-t-elle. Pour un t-shirt, il faudra d\u00e9bourser 65\u00a0euros.<\/p>\n<p>Transmettre des messages \u00e0 travers un v\u00eatement<\/p>\n<p class=\" wall-content\">\u00ab\u2009Il y a un v\u00e9ritable travail de r\u00e9flexion, de recherches, pour trouver la bonne phrase et le bon design pour l\u2019exprimer\u2009\u00bb, souligne N\u00e9a. Passionn\u00e9e de photographie, d\u2019art et de mode, elle puise principalement ses inspirations dans les collections des d\u00e9fil\u00e9s\u2009: \u00ab\u2009Je m\u2019inspire des grands cr\u00e9ateurs\u2009\u00bb.<\/p>\n<blockquote class=\"ac-article-quote wall-content\">\n<p>J&rsquo;aime bien les slogans provocateurs, mais il faut que \u00e7a reste subtil. <\/p>\n<p>    <strong>N\u00e9a Kirsten<\/strong><br \/>\n        cr\u00e9atrice de la marque Twenty Five    <\/p><\/blockquote>\n<p class=\" wall-content\">\u00c0 travers Twenty Five, l\u2019artiste poursuit cette volont\u00e9 qu\u2019elle a toujours eue de s\u2019exprimer, en utilisant cette fois-ci un autre m\u00e9dia que le chant. Pour autant, N\u00e9a ne ferme pas la porte \u00e0 un retour la musique, pour allier ses deux passions.<\/p>\n<p>Twenty Five \u00e0 d\u00e9couvrir sur <a href=\"https:\/\/www.instagram.com\/twentyfivetees\/\" rel=\"nofollow noopener\" target=\"_blank\">Instagram<\/a>, <a href=\"https:\/\/www.facebook.com\/profile.php?id=100063922244448&amp;ref=page_internal#\" rel=\"nofollow noopener\" target=\"_blank\">Facebook<\/a> et sur <a href=\"https:\/\/twentyfivetees.com\/\" rel=\"nofollow noopener\" target=\"_blank\">son site Internet<\/a>Suivez l\u2019actualit\u00e9 de Rouen sur <a href=\"https:\/\/www.whatsapp.com\/channel\/0029VaKfnf99hXF2ddApFB1D\" rel=\"nofollow noopener\" target=\"_blank\">notre cha\u00eene WhatsApp<\/a> et sur <a href=\"https:\/\/www.tiktok.com\/@76actu.fr?lang=fr\" rel=\"nofollow noopener\" target=\"_blank\">notre compte TikTok<\/a><\/p>\n<p class=\" wall-content\">Suivez toute l\u2019actualit\u00e9 de vos villes et m\u00e9dias favoris en vous inscrivant \u00e0 <a href=\"https:\/\/moncompte.actu.fr\" title=\"D\u00e9couvez Mon Actu\" rel=\"nofollow noopener\" data-trk=\"{&quot;cta&quot;:{&quot;action&quot;:&quot;https:\\\/\\\/moncompte.actu.fr&quot;,&quot;category&quot;:&quot;mon compte&quot;,&quot;from&quot;:&quot;article footer&quot;,&quot;name&quot;:&quot;Mon actu&quot;,&quot;type&quot;:&quot;cta&quot;}}\" target=\"_blank\">Mon Actu<\/a>.<\/p>\n<ul class=\"ac-article-tag wall-content\">\n<li><a href=\"https:\/\/actu.fr\/tag\/bon-plan-a-rouen\" data-trk=\"{&quot;cta&quot;:{&quot;action&quot;:&quot;Bon plan \\u00e0 Rouen&quot;,&quot;category&quot;:&quot;tag&quot;,&quot;from&quot;:&quot;article footer&quot;,&quot;name&quot;:&quot;Bon plan \\u00e0 Rouen&quot;,&quot;type&quot;:&quot;cta&quot;}}\" rel=\"nofollow noopener\" target=\"_blank\">#Bon plan \u00e0 Rouen<\/a><\/li>\n<li><a href=\"https:\/\/actu.fr\/tag\/nouveaux-commerces\" data-trk=\"{&quot;cta&quot;:{&quot;action&quot;:&quot;Nouveaux commerces&quot;,&quot;category&quot;:&quot;tag&quot;,&quot;from&quot;:&quot;article footer&quot;,&quot;name&quot;:&quot;Nouveaux commerces&quot;,&quot;type&quot;:&quot;cta&quot;}}\" rel=\"nofollow noopener\" target=\"_blank\">#Nouveaux commerces<\/a><\/li>\n<\/ul>\n<p>                    <script async src=\"\/\/www.instagram.com\/embed.js\"><\/script><script async src=\"\/\/www.tiktok.com\/embed.js\"><\/script><\/p>\n","protected":false},"excerpt":{"rendered":"Par Adrien Filoche Publi\u00e9 le 11 avr. 2025 \u00e0 19h20 Chanteuse dans un groupe d\u2019\u00e9lectro pop, N\u00e9a Kirsten&hellip;\n","protected":false},"author":2,"featured_media":29365,"comment_status":"","ping_status":"","sticky":false,"template":"","format":"standard","meta":{"footnotes":""},"categories":[9587],"tags":[1111,11,9086,1777,674,1011,27,1757,12,5161,3147,25,9590],"class_list":{"0":"post-29364","1":"post","2":"type-post","3":"status-publish","4":"format-standard","5":"has-post-thumbnail","7":"category-rouen","8":"tag-actu","9":"tag-actualites","10":"tag-bon-plan-a-rouen","11":"tag-eu","12":"tag-europe","13":"tag-fr","14":"tag-france","15":"tag-insolite","16":"tag-news","17":"tag-normandie","18":"tag-nouveaux-commerces","19":"tag-republique-francaise","20":"tag-rouen"},"share_on_mastodon":{"url":"https:\/\/pubeurope.com\/@fr\/114348054510384802","error":""},"_links":{"self":[{"href":"https:\/\/www.europesays.com\/fr\/wp-json\/wp\/v2\/posts\/29364","targetHints":{"allow":["GET"]}}],"collection":[{"href":"https:\/\/www.europesays.com\/fr\/wp-json\/wp\/v2\/posts"}],"about":[{"href":"https:\/\/www.europesays.com\/fr\/wp-json\/wp\/v2\/types\/post"}],"author":[{"embeddable":true,"href":"https:\/\/www.europesays.com\/fr\/wp-json\/wp\/v2\/users\/2"}],"replies":[{"embeddable":true,"href":"https:\/\/www.europesays.com\/fr\/wp-json\/wp\/v2\/comments?post=29364"}],"version-history":[{"count":0,"href":"https:\/\/www.europesays.com\/fr\/wp-json\/wp\/v2\/posts\/29364\/revisions"}],"wp:featuredmedia":[{"embeddable":true,"href":"https:\/\/www.europesays.com\/fr\/wp-json\/wp\/v2\/media\/29365"}],"wp:attachment":[{"href":"https:\/\/www.europesays.com\/fr\/wp-json\/wp\/v2\/media?parent=29364"}],"wp:term":[{"taxonomy":"category","embeddable":true,"href":"https:\/\/www.europesays.com\/fr\/wp-json\/wp\/v2\/categories?post=29364"},{"taxonomy":"post_tag","embeddable":true,"href":"https:\/\/www.europesays.com\/fr\/wp-json\/wp\/v2\/tags?post=29364"}],"curies":[{"name":"wp","href":"https:\/\/api.w.org\/{rel}","templated":true}]}}