{"id":293640,"date":"2025-08-03T13:39:10","date_gmt":"2025-08-03T13:39:10","guid":{"rendered":"https:\/\/www.europesays.com\/fr\/293640\/"},"modified":"2025-08-03T13:39:10","modified_gmt":"2025-08-03T13:39:10","slug":"un-chauffard-a-seme-la-panique-sur-la-corniche-kennedy-a-marseille-et-grievement-blesse-2-personnes","status":"publish","type":"post","link":"https:\/\/www.europesays.com\/fr\/293640\/","title":{"rendered":"Un chauffard a sem\u00e9 la panique sur la corniche Kennedy \u00e0 Marseille et gri\u00e8vement bless\u00e9 2 personnes"},"content":{"rendered":"<p>Un chauffard a sem\u00e9 la panique et gri\u00e8vement bless\u00e9 deux personnes dans la soir\u00e9e de samedi 2\u00a0ao\u00fbt, sur la corniche Kennedy.<\/p>\n<p>Il \u00e9tait 23\u00a0heures, lorsque les vrombissements d\u2019une puissante Audi d\u00e9boulant \u00e0 tr\u00e8s grande vitesse sur la corniche Kennedy, dans le 7e arrondissement de <a href=\"https:\/\/www.laprovence.com\/bouches-du-rhone\/marseille-13055\" target=\"_blank\" rel=\"noopener\">Marseille<\/a>, ont fait fr\u00e9mir tous les clients attabl\u00e9s au Petit Pavillon juste en dessous. \u00ab\u00a0Toute la terrasse a trembl\u00e9 et s\u2019est lev\u00e9e en criant en entendant le bolide arriver droit dessus\u00a0\u00bb, t\u00e9moigne une cliente.<\/p>\n","protected":false},"excerpt":{"rendered":"Un chauffard a sem\u00e9 la panique et gri\u00e8vement bless\u00e9 deux personnes dans la soir\u00e9e de samedi 2\u00a0ao\u00fbt, sur&hellip;\n","protected":false},"author":2,"featured_media":293641,"comment_status":"","ping_status":"","sticky":false,"template":"","format":"standard","meta":{"footnotes":""},"categories":[2814],"tags":[17,1111,11,4378,7958,1777,674,274,1011,27,30466,884,12,11464,882,25,43359,3356],"class_list":{"0":"post-293640","1":"post","2":"type-post","3":"status-publish","4":"format-standard","5":"has-post-thumbnail","7":"category-marseille","8":"tag-17","9":"tag-actu","10":"tag-actualites","11":"tag-chauffard","12":"tag-corniche","13":"tag-eu","14":"tag-europe","15":"tag-faits-divers-justice","16":"tag-fr","17":"tag-france","18":"tag-kennedy","19":"tag-marseille","20":"tag-news","21":"tag-panique","22":"tag-provence-alpes-cote-dazur","23":"tag-republique-francaise","24":"tag-seme","25":"tag-sur"},"share_on_mastodon":{"url":"https:\/\/pubeurope.com\/@fr\/114965116530018443","error":""},"_links":{"self":[{"href":"https:\/\/www.europesays.com\/fr\/wp-json\/wp\/v2\/posts\/293640","targetHints":{"allow":["GET"]}}],"collection":[{"href":"https:\/\/www.europesays.com\/fr\/wp-json\/wp\/v2\/posts"}],"about":[{"href":"https:\/\/www.europesays.com\/fr\/wp-json\/wp\/v2\/types\/post"}],"author":[{"embeddable":true,"href":"https:\/\/www.europesays.com\/fr\/wp-json\/wp\/v2\/users\/2"}],"replies":[{"embeddable":true,"href":"https:\/\/www.europesays.com\/fr\/wp-json\/wp\/v2\/comments?post=293640"}],"version-history":[{"count":0,"href":"https:\/\/www.europesays.com\/fr\/wp-json\/wp\/v2\/posts\/293640\/revisions"}],"wp:featuredmedia":[{"embeddable":true,"href":"https:\/\/www.europesays.com\/fr\/wp-json\/wp\/v2\/media\/293641"}],"wp:attachment":[{"href":"https:\/\/www.europesays.com\/fr\/wp-json\/wp\/v2\/media?parent=293640"}],"wp:term":[{"taxonomy":"category","embeddable":true,"href":"https:\/\/www.europesays.com\/fr\/wp-json\/wp\/v2\/categories?post=293640"},{"taxonomy":"post_tag","embeddable":true,"href":"https:\/\/www.europesays.com\/fr\/wp-json\/wp\/v2\/tags?post=293640"}],"curies":[{"name":"wp","href":"https:\/\/api.w.org\/{rel}","templated":true}]}}