{"id":293644,"date":"2025-08-03T13:44:11","date_gmt":"2025-08-03T13:44:11","guid":{"rendered":"https:\/\/www.europesays.com\/fr\/293644\/"},"modified":"2025-08-03T13:44:11","modified_gmt":"2025-08-03T13:44:11","slug":"le-relais-francais-4x100-m-4-nages-de-leon-marchand-et-maxime-grousset-medaille-dargent","status":"publish","type":"post","link":"https:\/\/www.europesays.com\/fr\/293644\/","title":{"rendered":"le relais fran\u00e7ais 4&#215;100 m 4 nages de L\u00e9on Marchand et Maxime Grousset m\u00e9daill\u00e9 d&rsquo;argent"},"content":{"rendered":"<p class=\"c-chapo \">\n  A peine une demi-heure apr\u00e8s sa d\u00e9monstration sur le 400 m 4 nages, L\u00e9on Marchand a d\u00e9croch\u00e9 une belle m\u00e9daille d&rsquo;argent avec le relais 4&#215;100 m 4 nages, dimanche.\n<\/p>\n<p>            lire plus tard<\/p>\n<p id=\"dialog__title\" class=\"dialog__title\">Pour sauvegarder cet article, connectez-vous ou cr\u00e9ez un compte franceinfo<\/p>\n<p class=\"dialog__description\">Sans paiement. Sans abonnement.<\/p>\n<p>        Fermer la fen\u00eatre d\u2019activation des notifications France Info<\/p>\n<p>            cr\u00e9er votre compte<\/p>\n<p>            se connecter<\/p>\n<p>        Fermer la fen\u00eatre de pr\u00e9sentation<\/p>\n<p>          France T\u00e9l\u00e9visions &#8211; R\u00e9daction Sport<\/p>\n<p>    Publi\u00e9 le 03\/08\/2025 14:43<\/p>\n<p>      Mis \u00e0 jour le 03\/08\/2025 15:29<\/p>\n<p>        Temps de lecture : 2min<\/p>\n<p>    <img decoding=\"async\"  alt=\"L\u00e9on Marchand (\u00e0 droite) et Yann Le Goff (\u00e0 gauche) apr\u00e8s le relais 4x100 m 4 nages des Mondiaux de natation, \u00e0 Singapour, le 3 ao\u00fbt 2025. (FRANCOIS-XAVIER MARIT \/ AFP)\" width=\"432\" height=\"243\" src=\"https:\/\/www.europesays.com\/fr\/wp-content\/uploads\/2025\/08\/000-68mr6yu-688f5e5e93ad6982678443.jpg\" fetchpriority=\"high\"\/><\/p>\n<p>      L\u00e9on Marchand (\u00e0 droite) et Yann Le Goff (\u00e0 gauche) apr\u00e8s le relais 4&#215;100 m 4 nages des Mondiaux de natation, \u00e0 Singapour, le 3 ao\u00fbt 2025. (FRANCOIS-XAVIER MARIT \/ AFP)<\/p>\n<p>L&rsquo;\u00e9quipe de France termine ses Mondiaux de natation en beaut\u00e9. Dans la foul\u00e9e du<a href=\"https:\/\/www.franceinfo.fr\/sports\/natation\/championnats-du-monde\/mondiaux-de-natation-leon-marchand-s-offre-une-septieme-medaille-d-or-planetaire-en-carriere-apres-une-nouvelle-demonstration-sur-400-m-4-nages_7415599.html\" rel=\"nofollow noopener\" target=\"_blank\">\u00a0titre sur 400 m 4 nages de L\u00e9on Marchand<\/a>, le relais 4&#215;100 m 4 nages masculin est all\u00e9 chercher une magnifique m\u00e9daille d&rsquo;argent, dimanche 3 ao\u00fbt, \u00e0 Singapour. Renforc\u00e9 par L\u00e9on Marchand, accompagn\u00e9 de Yoahnn Ndoye-Brouard, Maxime Grousset et Yann Le Goff, le quatuor tricolore a termin\u00e9 deuxi\u00e8me avec un nouveau record de France (3&rsquo;27\u00a0\u00bb96), derri\u00e8re les Russes (3&rsquo;26\u00a0\u00bb93), mais devant les Am\u00e9ricains (3&rsquo;28\u00a0\u00bb62).<\/p>\n<p>    <img decoding=\"async\" class=\"francetv-player-wrapper__image\" alt=\"Yohann Ndoye-Brouard, en dos, L\u00e9on Marchand, en brasse, Maxime Grousset, en papillon, et Yann Le Goff, en nage libre, offrent \u00e0 l'\u00e9quipe de France une magnifique m\u00e9daille d'argent mondiale sur le 4x100 m\u00e8tres 4 nages. En 3'27&quot;96, ils explosent le record de France.\u00a0J\u00e9r\u00e9mie Delbois et Cl\u00e9ment Secchi, qui ont disput\u00e9 les s\u00e9ries matinales, sont \u00e9galement m\u00e9daill\u00e9s.\"  width=\"432\" height=\"243\" src=\"https:\/\/www.europesays.com\/fr\/wp-content\/uploads\/2025\/08\/https:\/\/assets.webservices.francetelevisions.fr\/v1\/assets\/images\/a9\/61\/ca\/9f5981bd-a713-442b-9bf8-86.jpeg\" fetchpriority=\"high\"\/><\/p>\n<p>              Yohann Ndoye-Brouard, en dos, L\u00e9on Marchand, en brasse, Maxime Grousset, en papillon, et Yann Le Goff, en nage libre, offrent \u00e0 l&rsquo;\u00e9quipe de France une magnifique m\u00e9daille d&rsquo;argent mondiale sur le 4&#215;100 m\u00e8tres 4 nages. En 3&rsquo;27&Prime;96, ils explosent le record de France.\u00a0J\u00e9r\u00e9mie Delbois et Cl\u00e9ment Secchi, qui ont disput\u00e9 les s\u00e9ries matinales, sont \u00e9galement m\u00e9daill\u00e9s.<\/p>\n<p>      5min<\/p>\n<p>Double m\u00e9daill\u00e9 de bronze sur ces Mondiaux, Yohann Ndoye-Brouard avait parfaitement lanc\u00e9 le collectif tricolore en 52\u00a0\u00bb26, <a href=\"https:\/\/www.franceinfo.fr\/sports\/natation\/championnats-du-monde\/video-mondiaux-de-natation-yohann-ndoye-brouard-s-offre-une-belle-medaille-de-bronze-sur-100-m-dos_7406050.html\" rel=\"nofollow noopener\" target=\"_blank\">\u00e0 trois petits dixi\u00e8mes de son record de France r\u00e9alis\u00e9 cinq jours plus t\u00f4t<\/a>. Parti en deuxi\u00e8me position, et alors qu&rsquo;il avait \u00e9cras\u00e9 la finale du 400 m 4 nages 35 minutes plus t\u00f4t seulement, L\u00e9on Marchand s&rsquo;est arrach\u00e9 en brasse (58\u00a0\u00bb44) pour propulser le double champion du monde en papillon (50 m et 100m), Maxime Grousset.<\/p>\n<p>Le N\u00e9o-Cal\u00e9donien a r\u00e9alis\u00e9 un passage exceptionnel (49\u00a0\u00bb27), permettant m\u00eame aux Bleus de prendre la t\u00eate durant quelques secondes pour mettre le n\u00e9ophyte Yann Le Goff (22 ans), qui disputait ses premiers Mondiaux, en orbite. Pr\u00e9f\u00e9r\u00e9 \u00e0 Rafael Fente-Damers sur ce dernier aller-retour en crawl, le Breton s&rsquo;est transcend\u00e9 (47\u00a0\u00bb99) pour maintenir les Am\u00e9ricains \u00e0 bonne distance et ainsi taper \u00e0 l&rsquo;arriv\u00e9e en deuxi\u00e8me position, d\u00e9crochant dans le m\u00eame temps <a href=\"https:\/\/www.franceinfo.fr\/sports\/natation\/championnats-du-monde\/mondiaux-de-natation-le-relais-francais-4x100-m-nage-libre-mixte-medaille-de-bronze-d-argent-deuxieme-podium-de-la-journee-pour-maxime-grousset_7413925.html\" rel=\"nofollow noopener\" target=\"_blank\">une deuxi\u00e8me m\u00e9daille apr\u00e8s celle en bronze du relais mixte 4&#215;100\u00a0m\u00a0nage libre de la veille<\/a>.<\/p>\n<p>    <img decoding=\"async\" class=\"francetv-player-wrapper__image\" alt=\"M\u00e9daill\u00e9 d'argent mondial du 4x100 m\u00e8tres 4 nages, Yann Le Goff revient sur sa performance et ses magnifiques premiers Mondiaux de natation. Maxime Grousset et Yohann Ndoye-Brouard sont \u00e9galement interview\u00e9s.\"  width=\"432\" height=\"243\" src=\"https:\/\/www.europesays.com\/fr\/wp-content\/uploads\/2025\/08\/https:\/\/assets.webservices.francetelevisions.fr\/v1\/assets\/images\/77\/72\/7e\/a1a1e11a-c87b-4bf3-866a-44.jpeg\" fetchpriority=\"high\"\/><\/p>\n<p>              M\u00e9daill\u00e9 d&rsquo;argent mondial du 4&#215;100 m\u00e8tres 4 nages, Yann Le Goff revient sur sa performance et ses magnifiques premiers Mondiaux de natation. Maxime Grousset et Yohann Ndoye-Brouard sont \u00e9galement interview\u00e9s.<\/p>\n<p>      2min<\/p>\n<p>Sans le Toulousain, le relais bleu avait d\u00e9croch\u00e9 le septi\u00e8me temps des s\u00e9ries, marqu\u00e9es par l&rsquo;\u00e9limination des Australiens et des Chinois, champions olympiques en titre. Un an apr\u00e8s leur m\u00e9daille de bronze \u00e0 domicile lors des Jeux olympiques de Paris, les nageurs tricolores s&rsquo;adjugent un nouveau podium international. Il s&rsquo;agit de la huiti\u00e8me m\u00e9daille de ces Mondiaux pour la d\u00e9l\u00e9gation fran\u00e7aise qui termine meilleure nation europ\u00e9enne et troisi\u00e8me mondiale.<\/p>\n<p class=\"related-tags__title\" role=\"heading\" aria-level=\"2\">les mots-cl\u00e9s associ\u00e9s \u00e0 cet article\n    <\/p>\n","protected":false},"excerpt":{"rendered":"A peine une demi-heure apr\u00e8s sa d\u00e9monstration sur le 400 m 4 nages, L\u00e9on Marchand a d\u00e9croch\u00e9 une&hellip;\n","protected":false},"author":2,"featured_media":293645,"comment_status":"","ping_status":"","sticky":false,"template":"","format":"standard","meta":{"footnotes":""},"categories":[1888],"tags":[1111,1928,11,1927,1777,674,1011,27,12,1926,626,1925,25],"class_list":{"0":"post-293644","1":"post","2":"type-post","3":"status-publish","4":"format-standard","5":"has-post-thumbnail","7":"category-paris","8":"tag-actu","9":"tag-actu-paris","10":"tag-actualites","11":"tag-actualites-paris","12":"tag-eu","13":"tag-europe","14":"tag-fr","15":"tag-france","16":"tag-news","17":"tag-news-paris","18":"tag-paris","19":"tag-paris-news","20":"tag-republique-francaise"},"share_on_mastodon":{"url":"https:\/\/pubeurope.com\/@fr\/114965136453441341","error":""},"_links":{"self":[{"href":"https:\/\/www.europesays.com\/fr\/wp-json\/wp\/v2\/posts\/293644","targetHints":{"allow":["GET"]}}],"collection":[{"href":"https:\/\/www.europesays.com\/fr\/wp-json\/wp\/v2\/posts"}],"about":[{"href":"https:\/\/www.europesays.com\/fr\/wp-json\/wp\/v2\/types\/post"}],"author":[{"embeddable":true,"href":"https:\/\/www.europesays.com\/fr\/wp-json\/wp\/v2\/users\/2"}],"replies":[{"embeddable":true,"href":"https:\/\/www.europesays.com\/fr\/wp-json\/wp\/v2\/comments?post=293644"}],"version-history":[{"count":0,"href":"https:\/\/www.europesays.com\/fr\/wp-json\/wp\/v2\/posts\/293644\/revisions"}],"wp:featuredmedia":[{"embeddable":true,"href":"https:\/\/www.europesays.com\/fr\/wp-json\/wp\/v2\/media\/293645"}],"wp:attachment":[{"href":"https:\/\/www.europesays.com\/fr\/wp-json\/wp\/v2\/media?parent=293644"}],"wp:term":[{"taxonomy":"category","embeddable":true,"href":"https:\/\/www.europesays.com\/fr\/wp-json\/wp\/v2\/categories?post=293644"},{"taxonomy":"post_tag","embeddable":true,"href":"https:\/\/www.europesays.com\/fr\/wp-json\/wp\/v2\/tags?post=293644"}],"curies":[{"name":"wp","href":"https:\/\/api.w.org\/{rel}","templated":true}]}}