{"id":293646,"date":"2025-08-03T13:45:13","date_gmt":"2025-08-03T13:45:13","guid":{"rendered":"https:\/\/www.europesays.com\/fr\/293646\/"},"modified":"2025-08-03T13:45:13","modified_gmt":"2025-08-03T13:45:13","slug":"legislative-a-paris-michel-barnier-appelle-rachida-dati-a-ne-pas-se-tromper","status":"publish","type":"post","link":"https:\/\/www.europesays.com\/fr\/293646\/","title":{"rendered":"L\u00e9gislative \u00e0 Paris\u00a0: Michel Barnier appelle Rachida Dati \u00e0 \u00ab\u00a0ne pas se tromper\u00a0\u00bb"},"content":{"rendered":"<p>La passe d\u2019armes se poursuit. Rachida Dati a <strong>\u00ab\u00a0une ambition l\u00e9gitime\u00a0\u00bb<\/strong> pour la mairie de Paris mais ne doit<strong> \u00ab\u00a0pas se tromper\u00a0\u00bb<\/strong> d\u2019\u00e9lection en candidatant aussi pour la l\u00e9gislative dans la deuxi\u00e8me circonscription de la capitale, a comment\u00e9 samedi 2\u00a0ao\u00fbt 2025 Michel Barnier. La ministre de la Culture avait annonc\u00e9 lundi sa candidature \u00e0 cette l\u00e9gislative partielle, lan\u00e7ant les hostilit\u00e9s contre l\u2019ex-Premier ministre, qui brigue le m\u00eame poste de d\u00e9put\u00e9 et <a href=\"https:\/\/rennes.maville.com\/actu\/actudet_-legislative-a-paris-reunion-entre-rachida-dati-michel-barnier-et-bruno-retailleau-ce-dimanche-_54135-6915544_actu.Htm\" target=\"_self\" rel=\"nofollow noopener\">porte les couleurs du m\u00eame parti, Les R\u00e9publicains (LR)<\/a>, rappelle l\u2019Agence France-Presse (AFP).<\/p>\n<p><strong>\u00ab\u00a0Je veux que les Parisiens puissent voter pour plut\u00f4t que contre quelqu\u2019un. C\u2019est \u00e0 Rachida Dati, qui a une ambition l\u00e9gitime pour animer des listes d\u2019union \u00e0 Paris, de ne pas se tromper et de choisir le bon chemin\u00a0\u00bb,<\/strong> commente-t-il dans La Tribune dimanche, <a href=\"https:\/\/rennes.maville.com\/actu\/actudet_-legislative-a-paris.-michel-barnier-investi-par-lr-malgre-la-menace-de-rachida-dati-d-etre-candidate-_54135-6916669_actu.Htm\" target=\"_self\" rel=\"nofollow noopener\">d\u00e9sign\u00e9 par LR comme candidat \u00e0 cette l\u00e9gislative<\/a>.<\/p>\n<p>\u00ab\u00a0Il n\u2019y a aucune ambigu\u00eft\u00e9\u00a0\u00bb<\/p>\n<p><strong>\u00ab\u00a0Je ne suis pas candidat \u00e0 autre chose qu\u2019\u00e0 la d\u00e9putation\u00a0\u00bb,<\/strong> mart\u00e8le l\u2019\u00e9ph\u00e9m\u00e8re ancien Premier ministre. <strong>\u00ab\u00a0Rachida Dati le sait. Je le lui ai dit et je l\u2019ai m\u00eame \u00e9crit aux adh\u00e9rents Les R\u00e9publicains [\u2026]. Il n\u2019y a aucune ambigu\u00eft\u00e9 l\u00e0-dessus\u00a0\u00bb,<\/strong> ajoute-t-il, se disant pr\u00eat \u00e0 soutenir la ministre dans sa course pour l\u2019H\u00f4tel de Ville.<\/p>\n<p>Des proches de la maire du VIIe\u00a0arrondissement, <a href=\"https:\/\/rennes.maville.com\/actu\/actudet_-fragilisee-par-son-futur-proces-rachida-dati-ne-renonce-pas-_54135-6911243_actu.Htm\" target=\"_self\" rel=\"nofollow noopener\">renvoy\u00e9e le 22\u00a0juillet en proc\u00e8s pour corruption et trafic d\u2019influence<\/a>, craignent que Michel Barnier ait lui aussi des ambitions pour la mairie de Paris si elle ne pouvait pas se pr\u00e9senter.<\/p>\n<p><strong>Lire aussi\u00a0: <\/strong> <a href=\"https:\/\/rennes.maville.com\/actu\/actudet_-rachida-dati-renvoyee-en-proces-bijoux-oublies-gdf-suez-qatar...-le-point-sur-ses-autres-affaires-_54135-6911010_actu.Htm\" target=\"_self\" rel=\"nofollow noopener\">Rachida Dati renvoy\u00e9e en proc\u00e8s\u00a0: bijoux oubli\u00e9s, GDF Suez, Qatar\u2026 Le point sur ses autres affaires<\/a><\/p>\n<p>\u00ab\u00a0Je suis Parisien depuis plus de vingt ans\u00a0\u00bb<\/p>\n<p>Ils lui reprochent aussi d\u2019\u00eatre<strong> \u00ab\u00a0parachut\u00e9\u00a0\u00bb<\/strong>. <strong>\u00ab\u00a0Cela fait plus de vingt-cinq ans que j\u2019ai quitt\u00e9, volontairement, mes fonctions en Savoie\u00a0\u00bb<\/strong>, <strong>\u00ab\u00a0je suis Parisien depuis plus de vingt ans. J\u2019habite depuis plus de douze ans dans cette circonscription\u00a0\u00bb,<\/strong> r\u00e9pond-il.<\/p>\n<p>Ces rivalit\u00e9s risquent d\u2019entra\u00eener une nouvelle guerre fratricide <a href=\"https:\/\/rennes.maville.com\/actu\/actudet_-legislative-a-paris-lr-espere-trouver-un-accord-avec-rachida-dati-d-ici-la-rentree-_54135-6917852_actu.Htm\" target=\"_self\" rel=\"nofollow noopener\">dont Les R\u00e9publicains sont coutumiers<\/a>. Pour tenter de l\u2019\u00e9viter, le parti esp\u00e8re trouver un accord avec Rachida Dati <strong>\u00ab\u00a0d\u2019ici la rentr\u00e9e\u00a0\u00bb<\/strong>.<\/p>\n<p>Interrog\u00e9 par le journal sur les ambitions que lui pr\u00eatent certains pour 2027, Michel Barnier redit qu\u2019il sera <strong>\u00ab\u00a0pr\u00e9sent dans le d\u00e9bat public\u00a0\u00bb<\/strong> pour la pr\u00e9sidentielle et les l\u00e9gislatives.<\/p>\n<p>\u00a0<\/p>\n","protected":false},"excerpt":{"rendered":"La passe d\u2019armes se poursuit. Rachida Dati a \u00ab\u00a0une ambition l\u00e9gitime\u00a0\u00bb pour la mairie de Paris mais ne&hellip;\n","protected":false},"author":2,"featured_media":293647,"comment_status":"","ping_status":"","sticky":false,"template":"","format":"standard","meta":{"footnotes":""},"categories":[1888],"tags":[1111,1928,11,1927,18235,41749,3450,33380,11035,1777,674,1011,27,39286,3103,12,1926,626,1925,33379,25,43360],"class_list":{"0":"post-293646","1":"post","2":"type-post","3":"status-publish","4":"format-standard","5":"has-post-thumbnail","7":"category-paris","8":"tag-actu","9":"tag-actu-paris","10":"tag-actualites","11":"tag-actualites-paris","12":"tag-appelle","13":"tag-barnier","14":"tag-brest","15":"tag-dati","16":"tag-election","17":"tag-eu","18":"tag-europe","19":"tag-fr","20":"tag-france","21":"tag-legislative","22":"tag-michel","23":"tag-news","24":"tag-news-paris","25":"tag-paris","26":"tag-paris-news","27":"tag-rachida","28":"tag-republique-francaise","29":"tag-tromper"},"share_on_mastodon":{"url":"https:\/\/pubeurope.com\/@fr\/114965140248336450","error":""},"_links":{"self":[{"href":"https:\/\/www.europesays.com\/fr\/wp-json\/wp\/v2\/posts\/293646","targetHints":{"allow":["GET"]}}],"collection":[{"href":"https:\/\/www.europesays.com\/fr\/wp-json\/wp\/v2\/posts"}],"about":[{"href":"https:\/\/www.europesays.com\/fr\/wp-json\/wp\/v2\/types\/post"}],"author":[{"embeddable":true,"href":"https:\/\/www.europesays.com\/fr\/wp-json\/wp\/v2\/users\/2"}],"replies":[{"embeddable":true,"href":"https:\/\/www.europesays.com\/fr\/wp-json\/wp\/v2\/comments?post=293646"}],"version-history":[{"count":0,"href":"https:\/\/www.europesays.com\/fr\/wp-json\/wp\/v2\/posts\/293646\/revisions"}],"wp:featuredmedia":[{"embeddable":true,"href":"https:\/\/www.europesays.com\/fr\/wp-json\/wp\/v2\/media\/293647"}],"wp:attachment":[{"href":"https:\/\/www.europesays.com\/fr\/wp-json\/wp\/v2\/media?parent=293646"}],"wp:term":[{"taxonomy":"category","embeddable":true,"href":"https:\/\/www.europesays.com\/fr\/wp-json\/wp\/v2\/categories?post=293646"},{"taxonomy":"post_tag","embeddable":true,"href":"https:\/\/www.europesays.com\/fr\/wp-json\/wp\/v2\/tags?post=293646"}],"curies":[{"name":"wp","href":"https:\/\/api.w.org\/{rel}","templated":true}]}}