{"id":293654,"date":"2025-08-03T13:49:16","date_gmt":"2025-08-03T13:49:16","guid":{"rendered":"https:\/\/www.europesays.com\/fr\/293654\/"},"modified":"2025-08-03T13:49:16","modified_gmt":"2025-08-03T13:49:16","slug":"jubile-de-leglise-a-rome-nous-sommes-avec-les-jeunes-de-gaza-et-dukraine-assure-le-pape-leon-xiv","status":"publish","type":"post","link":"https:\/\/www.europesays.com\/fr\/293654\/","title":{"rendered":"Jubil\u00e9 de l&rsquo;\u00c9glise \u00e0 Rome : \u00ab\u00a0Nous sommes avec les jeunes de Gaza et d&rsquo;Ukraine\u00a0\u00bb, assure le pape L\u00e9on XIV"},"content":{"rendered":"<ul class=\"jsx-862013697 ArticleChapo__List\">\n<li class=\"jsx-862013697 ArticleChapo__List_Item flex\">Le pape L\u00e9on XIV a c\u00e9l\u00e9br\u00e9 \u00e0 Rome une messe en plein air devant plus d&rsquo;un million de p\u00e8lerins du monde entier.<\/li>\n<li class=\"jsx-862013697 ArticleChapo__List_Item flex\">Il a assur\u00e9 que l&rsquo;\u00c9glise et la jeunesse du monde \u00e9taient solidaires avec ceux vivant dans des r\u00e9gions d\u00e9chir\u00e9es par la guerre.<\/li>\n<li class=\"jsx-862013697 ArticleChapo__List_Item flex\">Les c\u00e9l\u00e9brations qui ont dur\u00e9 une semaine s&rsquo;ach\u00e8vent ce dimanche.<\/li>\n<\/ul>\n<p><a href=\"https:\/\/www.tf1info.fr\/actualite\/invasion-de-l-ukraine-par-la-russie-une-guerre-qui-dure-12951\/\" rel=\"noopener\" class=\"jsx-484472199 Link jsx-1428418400 jsx-554215408\" target=\"_blank\"><\/p>\n<p style=\"font-weight:400\" class=\"jsx-1837267516\">Suivez la couverture compl\u00e8te<\/p>\n<p style=\"font-weight:800\" class=\"jsx-1837267516\">Ukraine : 4\u1d49 ann\u00e9e de guerre<\/p>\n<p><\/a><\/p>\n<p data-module=\"article-paragraph\" class=\"jsx-3046738180 Paragraph\">Le pape <a href=\"https:\/\/www.tf1info.fr\/international\/video-leon-xiv-ces-premiers-messages-et-ces-choix-qui-donnent-des-indices-sur-le-positionnement-politique-du-nouveau-pape-2369850.html\" target=\"_blank\" rel=\"noopener\">L\u00e9on XIV<\/a> a c\u00e9l\u00e9br\u00e9 ce dimanche 3 ao\u00fbt \u00e0 Rome une messe en plein air devant plus d&rsquo;un million de p\u00e8lerins, en cl\u00f4ture d&rsquo;<a href=\"https:\/\/www.tf1info.fr\/international\/un-million-de-jeunes-catholiques-attendus-ce-samedi-a-rome-pour-une-veillee-geante-avec-le-pape-leon-xiv-2386610.html\" target=\"_blank\" rel=\"noopener\">un \u00ab\u00a0Jubil\u00e9 des Jeunes\u00a0\u00bb qui a attir\u00e9 des catholiques du monde entier<\/a>. \u00ab\u00a0Il y a une question br\u00fblante dans nos c\u0153urs, un besoin de v\u00e9rit\u00e9 que nous ne pouvons ignorer, qui nous conduit \u00e0 nous demander : qu&rsquo;est-ce que le vrai bonheur ? Quel est le v\u00e9ritable sens de la vie ? Qu&rsquo;est-ce qui peut nous lib\u00e9rer de l&rsquo;enfermement dans l&rsquo;absurdit\u00e9, l&rsquo;ennui et la m\u00e9diocrit\u00e9 ? \u00ab\u00a0, a d\u00e9clar\u00e9 le souverain pontife \u00e2g\u00e9 de 69 ans dans son hom\u00e9lie.<\/p>\n<p data-module=\"article-paragraph\" class=\"jsx-3046738180 Paragraph Paragraph__End\">\u00ab\u00a0Aspirez aux grandes choses, \u00e0 la saintet\u00e9, o\u00f9 que vous soyez. Ne vous contentez pas de moins\u00a0\u00bb, a lanc\u00e9<a href=\"https:\/\/www.tf1info.fr\/international\/video-leon-xiv-premier-bain-de-foule-en-papamobile-du-pape-qui-deambule-parmi-des-milliers-de-fideles-vatican-2371506.html\" target=\"_blank\" rel=\"noopener\"> L\u00e9on XIV <\/a>aux jeunes fid\u00e8les. \u00ab\u00a0A votre retour dans vos pays, continuez \u00e0 marcher avec joie sur les traces du Sauveur, et r\u00e9pandez votre enthousiasme ainsi que le t\u00e9moignage de votre foi \u00e0 tous ceux que vous rencontrerez\u00a0\u00bb.<\/p>\n<p>\u00ab\u00a0Plus proches que jamais des jeunes qui souffrent\u00a0\u00bb<\/p>\n<p data-module=\"article-paragraph\" class=\"jsx-3046738180 Paragraph\">Le pape a aussi assur\u00e9 que l&rsquo;\u00c9glise et la jeunesse du monde \u00e9taient solidaires avec ceux vivant dans des r\u00e9gions d\u00e9chir\u00e9es par la guerre. \u00ab\u00a0Nous sommes plus proches que jamais des jeunes qui souffrent des maux les plus graves caus\u00e9s par d&rsquo;autres \u00eatres humains\u00a0\u00bb, a-t-il dit lors de l&rsquo;Ang\u00e9lus, s&rsquo;exprimant en anglais.<\/p>\n<p data-module=\"article-paragraph\" class=\"jsx-3046738180 Paragraph Paragraph__End\">\u00ab\u00a0Nous sommes avec les jeunes de Gaza. Nous sommes avec <a href=\"https:\/\/www.tf1info.fr\/international\/video-resolution-de-la-guerre-en-ukraine-ce-que-le-pape-leon-xiv-a-dit-a-poutine-2375192.html\" target=\"_blank\" rel=\"noopener\">les jeunes d&rsquo;Ukraine<\/a>, avec ceux de tous les pays ensanglant\u00e9s par la guerre\u00a0\u00bb, a d\u00e9clar\u00e9 <a href=\"https:\/\/www.tf1info.fr\/international\/ukraine-droits-de-douane-comment-la-messe-inaugurale-du-pape-leon-xiv-a-tourne-au-sommet-diplomatique-informel-2371561.html\" target=\"_blank\" rel=\"noopener\">le souverain pontife<\/a>. \u00ab\u00a0Mes jeunes fr\u00e8res et s\u0153urs, vous \u00eates le signe qu&rsquo;un monde diff\u00e9rent est possible, un monde de fraternit\u00e9 et d&rsquo;amiti\u00e9 o\u00f9 les conflits ne sont pas r\u00e9solus par les armes mais par le dialogue\u00a0\u00bb, a-t-il ajout\u00e9.<\/p>\n<p>Les c\u00e9l\u00e9brations s&rsquo;ach\u00e8vent<\/p>\n<p data-module=\"article-paragraph\" class=\"jsx-3046738180 Paragraph\">Les c\u00e9l\u00e9brations qui ont dur\u00e9 une semaine s&rsquo;ach\u00e8vent ce dimanche, point culminant de l&rsquo;ann\u00e9e sainte du Jubil\u00e9, au lendemain d&rsquo;une veill\u00e9e g\u00e9ante dans le vaste espace ouvert en p\u00e9riph\u00e9rie de la ville. Samedi soir, avant la veill\u00e9e, les organisateurs ont fait \u00e9tat de la pr\u00e9sence de 800.000 personnes. Ce dimanche, le Vatican a annonc\u00e9 que ce nombre \u00e9tait pass\u00e9 \u00e0 un million de personnes. La plupart des participants ont dormi \u00e0 m\u00eame le sol sous des tentes, dans des sacs de couchage ou sur des nattes, en attendant la messe de dimanche sous un ciel ensoleill\u00e9.<\/p>\n<p data-module=\"article-paragraph\" class=\"jsx-3046738180 Paragraph Paragraph__End\">Au son de la musique d&rsquo;une chorale, des \u00e9v\u00eaques v\u00eatus de vert ont commenc\u00e9 \u00e0 remplir l&rsquo;\u00e9norme sc\u00e8ne, avant que le pape, arriv\u00e9 par h\u00e9licopt\u00e8re, ne commence la messe. Le Vatican a indiqu\u00e9 que 450 \u00e9v\u00eaques et environ 700 pr\u00eatres participaient \u00e0 la messe.<\/p>\n<p><a href=\"https:\/\/www.tf1info.fr\/international\/remettons-nous-en-route-ce-que-les-choix-du-nom-de-la-devise-et-du-blason-de-leon-xiv-revelent-du-pape-2370002.html\" rel=\"noopener\" class=\"jsx-3308031228 Link flex\" target=\"_blank\"><img decoding=\"async\" src=\"https:\/\/www.europesays.com\/fr\/wp-content\/uploads\/2025\/08\/leon-xiv-rencontre-cardinaux-10-mai-2025-58d053-0@1x.jpeg\" alt=\"Handout \/ VATICAN MEDIA \/ AFP\" loading=\"lazy\" importance=\"low\" fetchpriority=\"low\" class=\"\" aria-hidden=\"true\"\/><\/p>\n<p class=\"jsx-3657663356 ReadMoreArticle__Title\">Lire aussi<\/p>\n<p class=\"jsx-3657663356\">\u00ab\u00a0Remettons-nous en route\u00a0\u00bb : ce que les choix du nom, de la devise et du blason de L\u00e9on XIV r\u00e9v\u00e8lent du pape<\/p>\n<p><\/a><\/p>\n<p data-module=\"article-paragraph\" class=\"jsx-3046738180 Paragraph\">Le pape a \u00e9t\u00e9 accueilli par des cris et des applaudissements assourdissants apr\u00e8s son arriv\u00e9e en h\u00e9licopt\u00e8re samedi, alors qu&rsquo;il faisait le tour du site en papamobile. D&rsquo;une superficie de plus de 500.000 m\u00b2, le terrain a la taille d&rsquo;environ 70 terrains de football.<\/p>\n<p data-module=\"article-paragraph\" class=\"jsx-3046738180 Paragraph Paragraph__End\">Le p\u00e8lerinage des jeunes a eu lieu environ trois mois apr\u00e8s le d\u00e9but du pontificat de L\u00e9on et 25 ans apr\u00e8s que l&rsquo;ancien pape Jean-Paul II ait organis\u00e9 le dernier rassemblement similaire \u00e0 Rome. L&rsquo;\u00c9glise a pr\u00e9vu une s\u00e9rie d&rsquo;\u00e9v\u00e9nements pour les jeunes p\u00e8lerins au cours de la semaine, notamment la transformation du Circus Maximus, o\u00f9 se d\u00e9roulaient les courses de chars dans la Rome antique, en un confessionnal en plein air.<\/p>\n<p>A. LG avec AFP<\/p>\n","protected":false},"excerpt":{"rendered":"Le pape L\u00e9on XIV a c\u00e9l\u00e9br\u00e9 \u00e0 Rome une messe en plein air devant plus d&rsquo;un million de&hellip;\n","protected":false},"author":2,"featured_media":293655,"comment_status":"","ping_status":"","sticky":false,"template":"","format":"standard","meta":{"footnotes":""},"categories":[1590],"tags":[1111,11,1921,4628,1777,674,1922,12,20114,9474,220,1917,4193,133,1920],"class_list":{"0":"post-293654","1":"post","2":"type-post","3":"status-publish","4":"format-standard","5":"has-post-thumbnail","7":"category-ukraine","8":"tag-actu","9":"tag-actualites","10":"tag-article-video","11":"tag-bande-de-gaza","12":"tag-eu","13":"tag-europe","14":"tag-info","15":"tag-news","16":"tag-pape-leon-xiv","17":"tag-religion-et-croyances","18":"tag-ukraine","19":"tag-ukraine-4-annee-de-guerre","20":"tag-vatican","21":"tag-video","22":"tag-video-international"},"share_on_mastodon":{"url":"https:\/\/pubeurope.com\/@fr\/114965155959175674","error":""},"_links":{"self":[{"href":"https:\/\/www.europesays.com\/fr\/wp-json\/wp\/v2\/posts\/293654","targetHints":{"allow":["GET"]}}],"collection":[{"href":"https:\/\/www.europesays.com\/fr\/wp-json\/wp\/v2\/posts"}],"about":[{"href":"https:\/\/www.europesays.com\/fr\/wp-json\/wp\/v2\/types\/post"}],"author":[{"embeddable":true,"href":"https:\/\/www.europesays.com\/fr\/wp-json\/wp\/v2\/users\/2"}],"replies":[{"embeddable":true,"href":"https:\/\/www.europesays.com\/fr\/wp-json\/wp\/v2\/comments?post=293654"}],"version-history":[{"count":0,"href":"https:\/\/www.europesays.com\/fr\/wp-json\/wp\/v2\/posts\/293654\/revisions"}],"wp:featuredmedia":[{"embeddable":true,"href":"https:\/\/www.europesays.com\/fr\/wp-json\/wp\/v2\/media\/293655"}],"wp:attachment":[{"href":"https:\/\/www.europesays.com\/fr\/wp-json\/wp\/v2\/media?parent=293654"}],"wp:term":[{"taxonomy":"category","embeddable":true,"href":"https:\/\/www.europesays.com\/fr\/wp-json\/wp\/v2\/categories?post=293654"},{"taxonomy":"post_tag","embeddable":true,"href":"https:\/\/www.europesays.com\/fr\/wp-json\/wp\/v2\/tags?post=293654"}],"curies":[{"name":"wp","href":"https:\/\/api.w.org\/{rel}","templated":true}]}}