{"id":293656,"date":"2025-08-03T13:50:09","date_gmt":"2025-08-03T13:50:09","guid":{"rendered":"https:\/\/www.europesays.com\/fr\/293656\/"},"modified":"2025-08-03T13:50:09","modified_gmt":"2025-08-03T13:50:09","slug":"les-30-de-droits-de-douane-sur-le-pays-vont-faire-tres-mal","status":"publish","type":"post","link":"https:\/\/www.europesays.com\/fr\/293656\/","title":{"rendered":"les 30% de droits de douane sur le pays vont faire tr\u00e8s mal"},"content":{"rendered":"<p>Fabriqu\u00e9es avec du cuir d&rsquo;autruche venu d&rsquo;Afrique du Sud, les santiags con\u00e7ues aux \u00c9tats-Unis sont des victimes collat\u00e9rales de la politique tarifaire de l&rsquo;administration Trump.<\/p>\n<p>Cons\u00e9quence insolite <a href=\"https:\/\/www.bfmtv.com\/economie\/international\/report-des-nouvelles-surtaxes-au-7-aout-donald-trump-accorde-quelques-jours-de-repit-sur-l-application-des-droits-de-douane_AD-202508010079.html\" title=\"Faux d\u00e9part pour les droits de douane: Trump signe un d\u00e9cret pour les reporter au 7 ao\u00fbt\" class=\"internal_link\" rel=\"nofollow noopener\" target=\"_blank\">des taxes douani\u00e8res de Donald Trump<\/a>, des santiags \u00ab\u00a0made in USA\u00a0\u00bb vont p\u00e2tir du taux de 30% visant l&rsquo;Afrique du Sud, qui produit l&rsquo;\u00e9crasante majorit\u00e9 du cuir d&rsquo;autruche tant pris\u00e9 pour la confection de ces bottes.<\/p>\n<p>Les plus prestigieuses marques du Texas fabriquant ce symbole de l&rsquo;Americana s&rsquo;approvisionnent exclusivement \u00e0 Oudtshoorn, \u00e0 400 km \u00e0 l&rsquo;est du Cap. Dans cette capitale mondiale de l&rsquo;autruche et ses alentours, le nombre d&rsquo;\u00e2mes avoisine celui des volatiles: une centaine de milliers.<\/p>\n<blockquote class=\"embed embed_quote\"><p>\u00ab\u00a0On ne sait pas quelle sera la gravit\u00e9 de l&rsquo;impact mais il ne sera pas positif, c&rsquo;est s\u00fbr\u00a0\u00bb, euph\u00e9mise aupr\u00e8s de l&rsquo;AFP Laubscher Coetzee, quatri\u00e8me g\u00e9n\u00e9ration d&rsquo;une famille d&rsquo;\u00e9leveurs connus pour la qualit\u00e9 de ses plumes.<\/p><\/blockquote>\n<p>Depuis pr\u00e8s de deux si\u00e8cles, les fermes d&rsquo;autruche ont fait leur nid dans cette vaste plaine enserr\u00e9e de montagnes rocheuses rouge\u00e2tres, baptis\u00e9e Petit Karoo.<\/p>\n<p>Cape Karoo International (CKI), une forme de coop\u00e9rative appartenant \u00e0 environ 200 \u00e9leveurs de la r\u00e9gion, fournit \u00e0 elle seule, selon son directeur g\u00e9n\u00e9ral, plus de 55% de la production mondiale de produits issus de l&rsquo;autruche. L&rsquo;Afrique du Sud, cible d&rsquo;attaques du pr\u00e9sident am\u00e9ricain depuis des mois, en totalise 70%.<\/p>\n<p>Au-del\u00e0 de la France et de l&rsquo;Italie, o\u00f9 ils fournissent les grands noms de la mode en peau pour sacs \u00e0 main, 20% du cuir de CKI est export\u00e9 vers les \u00c9tats-Unis o\u00f9 des institutions de la santiag, comme Lucchese ou Justin, se l&rsquo;arrachent au Texas.<\/p>\n<p>La paire, on\u00e9reuse, se chiffre \u00e0 plusieurs centaines de dollars, voire davantage.<\/p>\n<p>Cuir d&rsquo;autruche<\/p>\n<p>Le patron de Rios of Mercedes, autre prestigieuse manufacture install\u00e9e au Texas et dont l&rsquo;histoire remonte \u00e0 1853, vante <a href=\"https:\/\/www.bfmtv.com\/economie\/consommation\/ce-tanneur-est-le-seul-en-france-a-produire-du-cuir-d-autruche_AN-201910200016.html\" title=\"Ce tanneur est le seul en France \u00e0 produire du cuir d&#039;autruche\" class=\"internal_link\" rel=\"nofollow noopener\" target=\"_blank\">le cuir d&rsquo;autruche<\/a> dans une vid\u00e9o de juin 2024.<\/p>\n<blockquote class=\"embed embed_quote\"><p>\u00ab\u00a0Les gens me demandent toujours quelle est la meilleure peau pour fabriquer des bottes. Je pense que c&rsquo;est l&rsquo;autruche\u00a0\u00bb, tranche Ryan Vaughan, chapeau de cow-boy pos\u00e9 sur la t\u00eate apr\u00e8s un \u00ab\u00a0howdy\u00a0\u00bb introductif typique du sud des \u00c9tats-Unis. \u00ab\u00a0Elle \u00e9pouse parfaitement la forme du pied. Elle est extr\u00eamement r\u00e9sistante.\u00a0\u00bb<\/p><\/blockquote>\n<p>Justin se vante de \u00ab\u00a0fabriquer aux \u00c9tats-Unis avec des mat\u00e9riaux du monde entier\u00a0\u00bb et Lucchese dans un communiqu\u00e9 \u00e0 l&rsquo;AFP se dit \u00ab\u00a0fier de fabriquer ses bottes \u00e0 la main dans l&rsquo;\u00c9tat du Texas depuis 141 ans\u00a0\u00bb tout en devant \u00ab\u00a0parfois chercher au-del\u00e0 des fronti\u00e8res pour trouver (&#8230;) des mati\u00e8res premi\u00e8res\u00a0\u00bb.<\/p>\n<blockquote class=\"embed embed_quote\"><p>\u00ab\u00a0Ce que veut l&rsquo;administration Trump, c&rsquo;est que la fabrication soit faite aux \u00c9tats-Unis. Dans notre cas, on exporte la mati\u00e8re premi\u00e8re, le cuir &#8211; qu&rsquo;ils ne peuvent pas produire \u00e0 partir d&rsquo;autruches locales aux \u00c9tats-Unis car ils n&rsquo;en ont pas\u00a0\u00bb, observe Francois de Wet, directeur g\u00e9n\u00e9ral de CKI qui emploie 1.200 personnes.<\/p><\/blockquote>\n<p>La sp\u00e9cificit\u00e9 climatique du Petit Karoo explique le succ\u00e8s de l&rsquo;\u00e9levage local, estime Laubscher Coetzee devant les flammes dansant dans la chemin\u00e9e de cette propri\u00e9t\u00e9 b\u00e2tie en 1896 par son arri\u00e8re-grand-p\u00e8re.<\/p>\n<p>\u00ab\u00a0Il y a une raison pour laquelle le secteur de l&rsquo;autruche existe toujours 200 ans apr\u00e8s ses d\u00e9buts. Les gens ont essay\u00e9 partout dans le monde, aux \u00c9tats-Unis, en Australie, et m\u00eame ailleurs en Afrique du Sud. C&rsquo;est un peu un animal du d\u00e9sert\u00a0\u00bb, d\u00e9crit ce sp\u00e9cialiste de la reproduction, qui vend quelque 600 animaux par an \u00e0 d&rsquo;autres \u00e9leveurs.<\/p>\n<p>Si l&rsquo;autruche est devenue la coqueluche des environs, c&rsquo;est que le climat n&rsquo;autorise pas d&rsquo;autre activit\u00e9 agricole, avec moins de 400 mm de pluie par an en moyenne. \u00ab\u00a0Tout tourne autour des autruches ici. C&rsquo;est une r\u00e9gion semi-d\u00e9sertique, rien ne peut pousser ici, il n&rsquo;y a pas assez d&rsquo;eau\u00a0\u00bb, constate Leon Lareman, cadre de CKI.<\/p>\n<p>Chapeaux \u00e0 plumes<\/p>\n<blockquote class=\"embed embed_quote\"><p>\u00ab\u00a0Toute la valeur ajout\u00e9e est cr\u00e9\u00e9e aux \u00c9tats-Unis, donc on fait d\u00e9j\u00e0 ce que souhaite l&rsquo;administration Trump\u00a0\u00bb, plaide Francois de Wet.<\/p><\/blockquote>\n<p>Et comme il est impossible que les producteurs sud-africains supportent seuls le poids des 30% de taxes douani\u00e8res, le fabricant texan ainsi que l&rsquo;acheteur de bottes de cow-boy vont r\u00e9gler selon lui une partie de cette addition.<\/p>\n<p>Ces peaux, reconnaissables aux marques de plumes caract\u00e9ristiques, se vendent aux manufactures am\u00e9ricaines environ 20 dollars le \u00ab\u00a0square foot\u00a0\u00bb (pied carr\u00e9, 930 cm2).<\/p>\n<blockquote class=\"embed embed_quote\"><p>\u00ab\u00a0On a export\u00e9 vers les \u00c9tats-Unis un volume de cuir d&rsquo;autruche sup\u00e9rieur \u00e0 la normale ces deux \u00e0 trois derniers mois, ce qui nous laisse une petite marge de man\u0153uvre\u00a0\u00bb, explique Francois de Wet.<\/p><\/blockquote>\n<p>\u00ab\u00a0On ne pr\u00e9voit pas de licenciement \u00e0 court terme\u00a0\u00bb, assure-t-il. \u00ab\u00a0Mais \u00e0 long terme, si <a href=\"https:\/\/www.bfmtv.com\/economie\/international\/l-amerique-etait-morte-maintenant-elle-est-brulante-a-la-veille-du-choc-de-droits-de-douane-donald-trump-jubile-sur-son-reseau-social_AV-202507310323.html\" title=\"&quot;L&#039;Am\u00e9rique \u00e9tait morte, maintenant elle est br\u00fblante&quot;: \u00e0 la veille du choc de droits de douane, Donald Trump jubile sur son r\u00e9seau social\" class=\"internal_link\" rel=\"nofollow noopener\" target=\"_blank\">l&rsquo;int\u00e9gralit\u00e9 des droits de douane<\/a> est maintenue, cela entra\u00eenera certainement un recul de notre activit\u00e9.\u00a0\u00bb<\/p>\n<p>Oudtshoorn porte d\u00e9j\u00e0 les marques d&rsquo;une crise pass\u00e9e: ces palais d&rsquo;autruche, fusion d&rsquo;architecture coloniale n\u00e9erlandaise et d&rsquo;art nouveau que leurs propri\u00e9taires avaient fait \u00e9difier \u00e0 l&rsquo;\u00e2ge d&rsquo;or de la production de plumes. Jusqu&rsquo;\u00e0 ce que tout s&rsquo;effondre \u00e0 la fin de la Belle \u00c9poque en Europe avec l&rsquo;arriv\u00e9e de l&rsquo;automobile, pas assez haute de plafond pour que la haute soci\u00e9t\u00e9 puisse y porter ses chapeaux \u00e0 plumes.<\/p>\n","protected":false},"excerpt":{"rendered":"Fabriqu\u00e9es avec du cuir d&rsquo;autruche venu d&rsquo;Afrique du Sud, les santiags con\u00e7ues aux \u00c9tats-Unis sont des victimes collat\u00e9rales&hellip;\n","protected":false},"author":2,"featured_media":293657,"comment_status":"","ping_status":"","sticky":false,"template":"","format":"standard","meta":{"footnotes":""},"categories":[1589],"tags":[11,73,1866,12,1864,1865,1863,308],"class_list":{"0":"post-293656","1":"post","2":"type-post","3":"status-publish","4":"format-standard","5":"has-post-thumbnail","7":"category-etats-unis","8":"tag-actualites","9":"tag-etats-unis","10":"tag-etats-unis-damerique","11":"tag-news","12":"tag-united-states","13":"tag-united-states-of-america","14":"tag-us","15":"tag-usa"},"share_on_mastodon":{"url":"https:\/\/pubeurope.com\/@fr\/114965159822816146","error":""},"_links":{"self":[{"href":"https:\/\/www.europesays.com\/fr\/wp-json\/wp\/v2\/posts\/293656","targetHints":{"allow":["GET"]}}],"collection":[{"href":"https:\/\/www.europesays.com\/fr\/wp-json\/wp\/v2\/posts"}],"about":[{"href":"https:\/\/www.europesays.com\/fr\/wp-json\/wp\/v2\/types\/post"}],"author":[{"embeddable":true,"href":"https:\/\/www.europesays.com\/fr\/wp-json\/wp\/v2\/users\/2"}],"replies":[{"embeddable":true,"href":"https:\/\/www.europesays.com\/fr\/wp-json\/wp\/v2\/comments?post=293656"}],"version-history":[{"count":0,"href":"https:\/\/www.europesays.com\/fr\/wp-json\/wp\/v2\/posts\/293656\/revisions"}],"wp:featuredmedia":[{"embeddable":true,"href":"https:\/\/www.europesays.com\/fr\/wp-json\/wp\/v2\/media\/293657"}],"wp:attachment":[{"href":"https:\/\/www.europesays.com\/fr\/wp-json\/wp\/v2\/media?parent=293656"}],"wp:term":[{"taxonomy":"category","embeddable":true,"href":"https:\/\/www.europesays.com\/fr\/wp-json\/wp\/v2\/categories?post=293656"},{"taxonomy":"post_tag","embeddable":true,"href":"https:\/\/www.europesays.com\/fr\/wp-json\/wp\/v2\/tags?post=293656"}],"curies":[{"name":"wp","href":"https:\/\/api.w.org\/{rel}","templated":true}]}}