{"id":293658,"date":"2025-08-03T13:51:13","date_gmt":"2025-08-03T13:51:13","guid":{"rendered":"https:\/\/www.europesays.com\/fr\/293658\/"},"modified":"2025-08-03T13:51:13","modified_gmt":"2025-08-03T13:51:13","slug":"la-grande-bretagne-renforce-son-aide-medicale-aux-enfants-de-gaza","status":"publish","type":"post","link":"https:\/\/www.europesays.com\/fr\/293658\/","title":{"rendered":"La Grande-Bretagne Renforce Son Aide M\u00e9dicale Aux Enfants De Gaza"},"content":{"rendered":"<p class=\"Cover_content-excerpt__yFjHf excerpt\">\u00c0 ce jour, environ 5 000 enfants ont \u00e9t\u00e9 \u00e9vacu\u00e9s de Gaza, principalement vers l\u2019\u00c9gypte et les pays du Golfe.<\/p>\n<p><img decoding=\"async\" alt=\"i24NEWS\" src=\"https:\/\/www.europesays.com\/fr\/wp-content\/uploads\/2025\/08\/1352b9caa849f9325c12157cf9dfc47bc0e3c73e.png\" class=\"\"\/><\/p>\n<p>i24NEWS<\/p>\n<p><img decoding=\"async\" alt=\"Keir Starmer \u00e0 Auschwitz-Birkenau en Pologne, le 17 janvier 2025. &#13;&#10;\" src=\"https:\/\/www.europesays.com\/fr\/wp-content\/uploads\/2025\/08\/19b2217c361bcd92cbcf82b987fb9b5b.png\" class=\"\"\/>Keir Starmer \u00e0 Auschwitz-Birkenau en Pologne, le 17 janvier 2025. &#13;<br \/>\nALEKSANDRA SZMIGIEL \/ AFP<\/p>\n<p class=\"\" data-is=\"component-paragraph\">Le Royaume-Uni intensifie ses efforts pour offrir des soins m\u00e9dicaux urgents aux enfants de Gaza. Une nouvelle initiative, qui devrait \u00eatre annonc\u00e9e dans les prochaines semaines, permettra \u00e0 un plus grand nombre d\u2019enfants bless\u00e9s ou malades de b\u00e9n\u00e9ficier de traitements sp\u00e9cialis\u00e9s au sein du Service national de sant\u00e9 (NHS), lorsque cela repr\u00e9sente la meilleure option pour leur prise en charge. Jusqu\u2019\u00e0 300 enfants pourraient \u00eatre transf\u00e9r\u00e9s en Grande-Bretagne, accompagn\u00e9s d\u2019un parent ou tuteur, et, si n\u00e9cessaire, de leurs fr\u00e8res et s\u0153urs. Le minist\u00e8re de l\u2019Int\u00e9rieur proc\u00e9dera \u00e0 des contr\u00f4les biom\u00e9triques et s\u00e9curitaires avant leur d\u00e9part.<\/p>\n<p class=\"\" data-is=\"component-paragraph\">Cette initiative s\u2019inscrit en parall\u00e8le des actions de l\u2019ONG Project Pure Hope, qui a d\u00e9j\u00e0 permis \u00e0 trois enfants de recevoir des soins priv\u00e9s au Royaume-Uni. \u00c0 ce jour, environ 5 000 enfants ont \u00e9t\u00e9 \u00e9vacu\u00e9s de Gaza, principalement vers l\u2019\u00c9gypte et les pays du Golfe. Un porte-parole du gouvernement britannique a d\u00e9clar\u00e9 : \u00ab Nous avan\u00e7ons dans nos plans pour \u00e9vacuer davantage d\u2019enfants n\u00e9cessitant des soins urgents, y compris en les accueillant au Royaume-Uni pour un traitement sp\u00e9cialis\u00e9, lorsque cela est dans leur int\u00e9r\u00eat. \u00bb\u00a0<\/p>\n","protected":false},"excerpt":{"rendered":"\u00c0 ce jour, environ 5 000 enfants ont \u00e9t\u00e9 \u00e9vacu\u00e9s de Gaza, principalement vers l\u2019\u00c9gypte et les pays&hellip;\n","protected":false},"author":2,"featured_media":293659,"comment_status":"","ping_status":"","sticky":false,"template":"","format":"standard","meta":{"footnotes":""},"categories":[1588],"tags":[11,1777,674,12,473,1853,1851,1850,1852],"class_list":{"0":"post-293658","1":"post","2":"type-post","3":"status-publish","4":"format-standard","5":"has-post-thumbnail","7":"category-royaume-uni","8":"tag-actualites","9":"tag-eu","10":"tag-europe","11":"tag-news","12":"tag-royaume-uni","13":"tag-royaume-uni-de-grande-bretagne-et-dirlande-du-nord","14":"tag-uk","15":"tag-united-kingdom","16":"tag-united-kingdom-of-great-britain-and-northern-ireland"},"share_on_mastodon":{"url":"https:\/\/pubeurope.com\/@fr\/114965163904635673","error":""},"_links":{"self":[{"href":"https:\/\/www.europesays.com\/fr\/wp-json\/wp\/v2\/posts\/293658","targetHints":{"allow":["GET"]}}],"collection":[{"href":"https:\/\/www.europesays.com\/fr\/wp-json\/wp\/v2\/posts"}],"about":[{"href":"https:\/\/www.europesays.com\/fr\/wp-json\/wp\/v2\/types\/post"}],"author":[{"embeddable":true,"href":"https:\/\/www.europesays.com\/fr\/wp-json\/wp\/v2\/users\/2"}],"replies":[{"embeddable":true,"href":"https:\/\/www.europesays.com\/fr\/wp-json\/wp\/v2\/comments?post=293658"}],"version-history":[{"count":0,"href":"https:\/\/www.europesays.com\/fr\/wp-json\/wp\/v2\/posts\/293658\/revisions"}],"wp:featuredmedia":[{"embeddable":true,"href":"https:\/\/www.europesays.com\/fr\/wp-json\/wp\/v2\/media\/293659"}],"wp:attachment":[{"href":"https:\/\/www.europesays.com\/fr\/wp-json\/wp\/v2\/media?parent=293658"}],"wp:term":[{"taxonomy":"category","embeddable":true,"href":"https:\/\/www.europesays.com\/fr\/wp-json\/wp\/v2\/categories?post=293658"},{"taxonomy":"post_tag","embeddable":true,"href":"https:\/\/www.europesays.com\/fr\/wp-json\/wp\/v2\/tags?post=293658"}],"curies":[{"name":"wp","href":"https:\/\/api.w.org\/{rel}","templated":true}]}}