{"id":293660,"date":"2025-08-03T13:52:17","date_gmt":"2025-08-03T13:52:17","guid":{"rendered":"https:\/\/www.europesays.com\/fr\/293660\/"},"modified":"2025-08-03T13:52:17","modified_gmt":"2025-08-03T13:52:17","slug":"guerre-a-gaza-pourquoi-lalliance-avec-israel-est-une-affaire-detat-en-allemagne","status":"publish","type":"post","link":"https:\/\/www.europesays.com\/fr\/293660\/","title":{"rendered":"Guerre \u00e0 Gaza : Pourquoi l&rsquo;alliance avec Isra\u00ebl est une Affaire d&rsquo;\u00c9tat en Allemagne"},"content":{"rendered":"<p><img fetchpriority=\"high\" decoding=\"async\" src=\"https:\/\/www.europesays.com\/fr\/wp-content\/uploads\/2025\/08\/9504c610-6beb-11f0-ac5c-69a1d84c292a.jpg.webp.webp\"   alt=\"Manifestation en faveur des Palestiniens \u00e0 Berlin.\" loading=\"eager\" width=\"1024\" height=\"576\" style=\"aspect-ratio:1024 \/ 576\" class=\"bbc-139onq\"\/><\/p>\n<p class=\"bbc-nyj3yn\" role=\"text\">Cr\u00e9dit photo, Getty Images<\/p>\n<p>L\u00e9gende image, La position de l&rsquo;Allemagne dans le conflit \u00e0 Gaza a provoqu\u00e9 de nombreuses manifestations en faveur des Palestiniens.<strong id=\"article-byline\" aria-hidden=\"true\" class=\"bbc-m04vo2\">Article Information<\/strong><\/p>\n<ul class=\"bbc-1rvtlej\">\n<li class=\"bbc-oe8da4\">\n<ul role=\"list\" class=\"bbc-r1yif8\">\n<li>Author, Atahualpa Amerise<\/li>\n<li>Role,  BBC News Mundo<\/li>\n<\/ul>\n<\/li>\n<li class=\"bbc-12x2qfl\">\n<p>il y a 3 heures<\/p>\n<\/li>\n<\/ul>\n<p dir=\"ltr\" class=\"bbc-1y32vyc e17g058b0\"><b>Le droit d&rsquo;Isra\u00ebl \u00e0 l&rsquo;existence et \u00e0 sa s\u00e9curit\u00e9 est une raison d&rsquo;\u00c9tat pour l&rsquo;Allemagne, le meilleur ami europ\u00e9en d&rsquo;un pays de plus en plus point\u00e9 du doigt pour sa strat\u00e9gie militaire \u00e0 Gaza.<\/b><\/p>\n<p dir=\"ltr\" class=\"bbc-1y32vyc e17g058b0\">L&rsquo;Allemagne soutient Isra\u00ebl dans les forums internationaux, est son principal partenaire commercial dans la r\u00e9gion, maintient d&rsquo;importants accords militaires et son r\u00e9cit officiel relie directement l&rsquo;existence d&rsquo;Isra\u00ebl \u00e0 l&rsquo;identit\u00e9 politique et morale de Berlin.<\/p>\n<p dir=\"ltr\" class=\"bbc-1y32vyc e17g058b0\">Cet alignement r\u00e9pond non seulement \u00e0 des int\u00e9r\u00eats strat\u00e9giques, mais \u00e0 un contexte historique unique : contrairement \u00e0 d&rsquo;autres pays europ\u00e9ens, la relation de l&rsquo;Allemagne avec Isra\u00ebl est marqu\u00e9e par le souvenir tragique de l&rsquo;Holocauste.<\/p>\n<p dir=\"ltr\" class=\"bbc-1y32vyc e17g058b0\">Apr\u00e8s le massacre de millions de Juifs par le r\u00e9gime nazi il y a plus de huit d\u00e9cennies, l&rsquo;Allemagne a pris un engagement relatif \u00e0 l&rsquo;existence et \u00e0 la s\u00e9curit\u00e9 de l&rsquo;\u00c9tat isra\u00e9lien, un engagement que la guerre \u00e0 Gaza et surtout la famine actuelle mettent \u00e0 l&rsquo;\u00e9preuve.<\/p>\n<p dir=\"ltr\" class=\"bbc-1y32vyc e17g058b0\">Alors que d&rsquo;autres gouvernements europ\u00e9ens ont intensifi\u00e9 leurs critiques \u00e0 l&rsquo;\u00e9gard d&rsquo;Isra\u00ebl, Berlin a maintenu une position plus prudente, en particulier dans les premiers mois du conflit.<\/p>\n<p dir=\"ltr\" class=\"bbc-1y32vyc e17g058b0\">Cependant, la d\u00e9t\u00e9rioration de la situation humanitaire dans la bande de Gaza, la famine d\u00e9nonc\u00e9e par les organisations internationales et les accusations croissantes de crimes de guerre contre Isra\u00ebl ont commenc\u00e9 \u00e0 faire douter d&rsquo;un consensus qui semblait in\u00e9branlable.<\/p>\n<p dir=\"ltr\" class=\"bbc-1y32vyc e17g058b0\">\u00ab\u00a0Le gouvernement allemand est toujours pro-Isra\u00e9lien, mais nous assistons \u00e0 un changement\u00a0\u00bb, a d\u00e9clar\u00e9 \u00e0 BBC Mundo le sociologue Meron Mendel, directeur du Centre \u00e9ducatif Anne Frank \u00e0 Francfort et auteur du livre Talking about Israel: a German Debate (Parler d&rsquo;Isra\u00ebl: un d\u00e9bat allemand).<\/p>\n<p><strong id=\"A-lire-aussi-sur-BBC-Afrique\" data-testid=\"eoj-recommendations-heading\" dir=\"ltr\" class=\"bbc-12wkmmh e1mgz4ek1\">A lire aussi sur BBC Afrique:<\/strong><\/p>\n<p>La responsabilit\u00e9 historique<\/p>\n<p dir=\"ltr\" class=\"bbc-1y32vyc e17g058b0\">Les relations \u00e9troites entre l&rsquo;Allemagne et Isra\u00ebl remontent au milieu du XXe si\u00e8cle, lorsque les blessures de l&rsquo;Holocauste \u00e9taient fra\u00eeches et que le moment \u00e9tait venu d&rsquo;assumer des responsabilit\u00e9s.<\/p>\n<p dir=\"ltr\" class=\"bbc-1y32vyc e17g058b0\">En 1952, sept ans apr\u00e8s la fin de la Seconde Guerre mondiale et quatre ans apr\u00e8s la cr\u00e9ation de l&rsquo;\u00c9tat d&rsquo;Isra\u00ebl, l&rsquo;Allemagne a sign\u00e9 l&rsquo;Accord de Luxembourg avec ce dernier, dans lequel elle s&rsquo;engageait \u00e0 payer des r\u00e9parations \u00e9conomiques pour les crimes du r\u00e9gime nazi.<\/p>\n<p><img decoding=\"async\" src=\"https:\/\/www.europesays.com\/fr\/wp-content\/uploads\/2025\/08\/018703f0-696e-11f0-89ea-4d6f9851f623.jpg.webp.webp\"   alt=\"Signature de l'Accord de r\u00e9parations entre Isra\u00ebl et la R\u00e9publique f\u00e9d\u00e9rale d'Allemagne\" loading=\"lazy\" width=\"1024\" height=\"706\" style=\"aspect-ratio:1024 \/ 706\" class=\"bbc-139onq\"\/><\/p>\n<p class=\"bbc-nyj3yn\" role=\"text\">Cr\u00e9dit photo, Getty Images<\/p>\n<p>L\u00e9gende image, L&rsquo;accord de r\u00e9paration entre Isra\u00ebl et la R\u00e9publique f\u00e9d\u00e9rale d&rsquo;Allemagne a \u00e9t\u00e9 sign\u00e9 \u00e0 Luxembourg en 1952 pour entrer en vigueur l&rsquo;ann\u00e9e suivante.<\/p>\n<p dir=\"ltr\" class=\"bbc-1y32vyc e17g058b0\">En plus de jeter les bases de la consolidation de l&rsquo;\u00c9tat isra\u00e9lien, la d\u00e9cision a ouvert une voie de coop\u00e9ration qui perdure \u00e0 ce jour.<\/p>\n<p dir=\"ltr\" class=\"bbc-1y32vyc e17g058b0\">Pendant des d\u00e9cennies, cependant, cette politique ne s&rsquo;est pas traduite par un soutien inconditionnel: \u00ab\u00a0Si vous regardez la culture de la m\u00e9moire en Allemagne de 1950 au d\u00e9but du XXIe si\u00e8cle, m\u00eame lorsqu&rsquo;ils se tournaient vers le pass\u00e9, ils ne pensaient pas imm\u00e9diatement \u00e0 Isra\u00ebl ou \u00e0 la politique isra\u00e9lienne\u00a0\u00bb, explique Meron Mendel.<\/p>\n<p dir=\"ltr\" class=\"bbc-1y32vyc e17g058b0\">Il explique que la perception g\u00e9n\u00e9rale des Allemands \u00e0 l&rsquo;\u00e9gard des Juifs et d&rsquo;Isra\u00ebl \u00e9tait davantage li\u00e9e au fait \u00ab\u00a0d&rsquo;assumer le pass\u00e9 de la g\u00e9n\u00e9ration des parents et de comm\u00e9morer les \u00e9v\u00e9nements de l&rsquo;Holocauste.\u00a0\u00bb<\/p>\n<p dir=\"ltr\" class=\"bbc-1y32vyc e17g058b0\">Cependant, un tournant s&rsquo;est produit en 2008 lorsque la chanceli\u00e8re allemande de l&rsquo;\u00e9poque, Angela Merkel, a d\u00e9clar\u00e9 devant le Parlement isra\u00e9lien que la s\u00e9curit\u00e9 d&rsquo;Isra\u00ebl faisait partie du Staatsr\u00e4son allemand (ou affaire d&rsquo;\u00c9tat).<\/p>\n<p><img decoding=\"async\" src=\"https:\/\/www.europesays.com\/fr\/wp-content\/uploads\/2025\/08\/0d6fec80-6bef-11f0-ac5c-69a1d84c292a.jpg.webp.webp\"   alt=\"Merkel et Netanyahu\" loading=\"lazy\" width=\"1024\" height=\"576\" style=\"aspect-ratio:1024 \/ 576\" class=\"bbc-139onq\"\/><\/p>\n<p class=\"bbc-nyj3yn\" role=\"text\">Cr\u00e9dit photo, Getty Images<\/p>\n<p>L\u00e9gende image, Le gouvernement Merkel a relev\u00e9 le niveau d&rsquo;engagement de l&rsquo;Allemagne envers Isra\u00ebl.<\/p>\n<p dir=\"ltr\" class=\"bbc-1y32vyc e17g058b0\">Ce concept, qui \u00e9tablit un engagement inconditionnel envers l&rsquo;existence et la s\u00e9curit\u00e9 de l&rsquo;\u00c9tat isra\u00e9lien, a \u00e9t\u00e9 adopt\u00e9 comme principe directeur de la politique \u00e9trang\u00e8re allemande et a \u00e9t\u00e9 approuv\u00e9 par les successeurs de Merkel: Olaf Scholz et Friedrich Merz.<\/p>\n<p dir=\"ltr\" class=\"bbc-1y32vyc e17g058b0\">Michael Brenner, professeur d&rsquo;histoire \u00e0 l&rsquo;Universit\u00e9 am\u00e9ricaine, d\u00e9clare \u00e0 BBC Mundo que \u00ab\u00a0l&rsquo;Allemagne se sent une responsabilit\u00e9 particuli\u00e8re de prot\u00e9ger Isra\u00ebl lorsque sa s\u00e9curit\u00e9 est menac\u00e9e\u00a0\u00bb, et cite en exemple le massacre du 7 octobre 2023 qui a donn\u00e9 lieu \u00e0 la guerre actuelle \u00e0 Gaza.<\/p>\n<p dir=\"ltr\" class=\"bbc-1y32vyc e17g058b0\">Brenner, auteur de huit livres sur l&rsquo;histoire des Juifs et leur relation avec l&rsquo;Allemagne, assure que cet engagement ne na\u00eet pas d&rsquo;un sentiment de culpabilit\u00e9 mais du principe de \u00ab\u00a0responsabilit\u00e9\u00a0\u00bb historique pr\u00e9sent dans le discours politique et acad\u00e9mique allemand.<\/p>\n<p dir=\"ltr\" class=\"bbc-1y32vyc e17g058b0\">\u00ab\u00a0Apr\u00e8s deux ou trois g\u00e9n\u00e9rations, on ne peut plus parler de culpabilit\u00e9. Mais la majorit\u00e9 de l&rsquo;\u00e9lite politique est convaincue que l&rsquo;Allemagne devrait s&rsquo;opposer \u00e0 l&rsquo;antis\u00e9mitisme en raison de son histoire\u00a0\u00bb, ajoute le politologue Matthias K\u00fcntzel, chercheur au Centre Vidal Sassoon \u00e0 J\u00e9rusalem et membre du Conseil allemand des relations ext\u00e9rieures.<\/p>\n<p dir=\"ltr\" class=\"bbc-1y32vyc e17g058b0\">Les experts soutiennent que le soutien allemand \u00e0 Isra\u00ebl joue un r\u00f4le symbolique dans l&rsquo;identit\u00e9 politique allemande contemporaine en tant que d\u00e9monstration que le pays a appris de son pass\u00e9.<\/p>\n<p dir=\"ltr\" class=\"bbc-1y32vyc e17g058b0\">Mendel explique que cette politique \u00ab\u00a0est devenue une sorte de consensus, de l&rsquo;extr\u00eame gauche \u00e0 l&rsquo;extr\u00eame droite, \u00e0 travers le spectre politique allemand.\u00a0\u00bb<\/p>\n<p>Alliance \u00e9conomique, militaire et diplomatique<\/p>\n<p dir=\"ltr\" class=\"bbc-1y32vyc e17g058b0\">Bien que l&rsquo;histoire soit le facteur d\u00e9terminant, la relation entre l&rsquo;Allemagne et Isra\u00ebl repose sur une base strat\u00e9gique qui englobe \u00e9galement l&rsquo;\u00e9conomie, la d\u00e9fense et la diplomatie.<\/p>\n<p dir=\"ltr\" class=\"bbc-1y32vyc e17g058b0\">L&rsquo;\u00c9tat allemand est aujourd&rsquo;hui le principal partenaire commercial d&rsquo;Isra\u00ebl au sein de l&rsquo;Union europ\u00e9enne, avec un \u00e9change qui comprend la technologie, l&rsquo;innovation, les infrastructures et la coop\u00e9ration scientifique.<\/p>\n<p dir=\"ltr\" class=\"bbc-1y32vyc e17g058b0\">Ces derni\u00e8res ann\u00e9es, l&rsquo;Allemagne a repr\u00e9sent\u00e9 pr\u00e8s de 20% du commerce total d&rsquo;Isra\u00ebl avec l&rsquo;Union europ\u00e9enne, ce qui la place au premier rang bien au-dessus des autres pays du bloc comme la France ou l&rsquo;Italie.<\/p>\n<p dir=\"ltr\" class=\"bbc-1y32vyc e17g058b0\">Et en mati\u00e8re de d\u00e9fense, le Berlin est le deuxi\u00e8me fournisseur d&rsquo;armements d&rsquo;Isra\u00ebl apr\u00e8s les \u00c9tats-Unis, avec des livraisons comprenant des sous-marins, des syst\u00e8mes de d\u00e9fense a\u00e9rienne ou des technologies pour chars.<\/p>\n<p dir=\"ltr\" class=\"bbc-1y32vyc e17g058b0\">Depuis l&rsquo;attaque du Hamas en octobre 2023, Berlin a fourni pour environ 500 millions de dollars d&rsquo;armes \u00e0 son alli\u00e9, selon le journal Financial Times.<\/p>\n<p><img decoding=\"async\" src=\"https:\/\/www.europesays.com\/fr\/wp-content\/uploads\/2025\/08\/36868530-696e-11f0-8dbd-f3d32ebd3327.jpg.webp.webp\"   alt=\"Sous-marin allemand en Isra\u00ebl\" loading=\"lazy\" width=\"1024\" height=\"683\" style=\"aspect-ratio:1024 \/ 683\" class=\"bbc-139onq\"\/><\/p>\n<p class=\"bbc-nyj3yn\" role=\"text\">Cr\u00e9dit photo, Getty Images<\/p>\n<p>L\u00e9gende image, Isra\u00ebl poss\u00e8de plusieurs sous-marins de fabrication allemande dans sa flotte.<\/p>\n<p dir=\"ltr\" class=\"bbc-1y32vyc e17g058b0\">De son c\u00f4t\u00e9, Isra\u00ebl obtient \u00e9galement d&rsquo;importants contrats de vente d&rsquo;armes \u00e0 l&rsquo;Allemagne, comme le syst\u00e8me antimissile Arrow 3, acquis par Berlin pour un co\u00fbt d&rsquo;environ 3 500 millions de dollars am\u00e9ricains.<\/p>\n<p dir=\"ltr\" class=\"bbc-1y32vyc e17g058b0\">Outre le commerce et la d\u00e9fense, le lien s&rsquo;\u00e9tend \u00e9galement au renseignement et \u00e0 la diplomatie : les deux pays coop\u00e8rent au sein d&rsquo;organisations multilat\u00e9rales telles que l&rsquo;ONU et l&rsquo;UE, o\u00f9 l&rsquo;Allemagne s&rsquo;aligne g\u00e9n\u00e9ralement sur les positions isra\u00e9liennes ou fait contrepoids aux critiques internationales.<\/p>\n<p dir=\"ltr\" class=\"bbc-1y32vyc e17g058b0\">Ils entretiennent \u00e9galement de nombreux programmes \u00e9ducatifs et culturels, des jumelages entre villes, entre structures de jeunes et entre universit\u00e9s.<\/p>\n<p dir=\"ltr\" class=\"bbc-1y32vyc e17g058b0\">Pour le politologue Matthias K\u00fcntzel, auteur de plusieurs ouvrages sur l&rsquo;antis\u00e9mitisme, le lien bilat\u00e9ral \u00e9troit est en partie d\u00fb au fait qu&rsquo;Isra\u00ebl est une d\u00e9mocratie \u00e0 part enti\u00e8re au Moyen-Orient &#8211; une r\u00e9gion tr\u00e8s instable &#8211; ce qui fait que l&rsquo;Allemagne consid\u00e8re leur relation comme une valeur strat\u00e9gique vis-\u00e0-vis de l&rsquo;Iran et d&rsquo;autres acteurs r\u00e9gionaux tels que la Russie et la Chine.<\/p>\n<p dir=\"ltr\" class=\"bbc-1y32vyc e17g058b0\">En tout cas, l&rsquo;historien Michael Brenner qualifie, malgr\u00e9 le fait que le facteur g\u00e9ostrat\u00e9gique soit important, \u00ab\u00a0sans l&rsquo;histoire de l&rsquo;Holocauste, cette coop\u00e9ration n&rsquo;aurait jamais atteint une telle profondeur.\u00a0\u00bb<\/p>\n<p>Ce qui change avec la guerre \u00e0 Gaza<\/p>\n<p><img decoding=\"async\" src=\"https:\/\/www.europesays.com\/fr\/wp-content\/uploads\/2025\/08\/43214be0-696e-11f0-af20-030418be2ca5.jpg.webp.webp\"   alt=\"Manifestation pro-palestinienne en Allemagne\" loading=\"lazy\" width=\"1024\" height=\"683\" style=\"aspect-ratio:1024 \/ 683\" class=\"bbc-139onq\"\/><\/p>\n<p class=\"bbc-nyj3yn\" role=\"text\">Cr\u00e9dit photo, Getty Images<\/p>\n<p>L\u00e9gende image, Les manifestations pro-palestiniennes dans plusieurs villes d&rsquo;Allemagne se sont intensifi\u00e9es ces derniers mois, mettant la pression sur le gouvernement.<strong id=\"Lire-aussi-\" data-testid=\"eoj-recommendations-heading\" dir=\"ltr\" class=\"bbc-12wkmmh e1mgz4ek1\">Lire aussi :<\/strong><\/p>\n<p dir=\"ltr\" class=\"bbc-1y32vyc e17g058b0\">S&rsquo;il y a quelque chose puisse mettre \u00e0 l&rsquo;\u00e9preuve la d\u00e9fense \u00e0 toute \u00e9preuve de l&rsquo;Allemagne contre Isra\u00ebl, c&rsquo;est bien la guerre \u00e0 Gaza.<\/p>\n<p dir=\"ltr\" class=\"bbc-1y32vyc e17g058b0\">Quelque 60 000 Palestiniens sont morts dans la bande de Gaza au cours des 21 derniers mois, selon le minist\u00e8re de la Sant\u00e9 de Gaza, alors que les organisations internationales mettent en garde contre une grave famine qui fait des ravages sur la population la plus vuln\u00e9rable.<\/p>\n<p dir=\"ltr\" class=\"bbc-1y32vyc e17g058b0\">Selon les chiffres du minist\u00e8re de la Sant\u00e9 de Gaza, depuis le d\u00e9but de la guerre &#8211; apr\u00e8s l&rsquo;attaque du Hamas contre Isra\u00ebl le 7 octobre 2023 &#8211; 147 personnes, dont 88 enfants, sont mortes dans ce territoire de causes imputables \u00e0 la malnutrition.<\/p>\n<p dir=\"ltr\" class=\"bbc-1y32vyc e17g058b0\">Bien que Berlin ait maintenu son soutien \u00e0 Isra\u00ebl dans les principaux forums internationaux, des mouvements qui sugg\u00e8rent un changement de position commencent \u00e0 \u00eatre observ\u00e9s.<\/p>\n<p dir=\"ltr\" class=\"bbc-1y32vyc e17g058b0\">L&rsquo;Allemagne n&rsquo;a pas adh\u00e9r\u00e9 \u00e0 la d\u00e9claration pr\u00e9sent\u00e9e la semaine derni\u00e8re par 28 pays &#8211; y compris les principaux \u00c9tats europ\u00e9ens &#8211; qui exige cat\u00e9goriquement qu&rsquo;Isra\u00ebl arr\u00eate la guerre \u00e0 Gaza.<\/p>\n<p dir=\"ltr\" class=\"bbc-1y32vyc e17g058b0\">Cependant, il a pr\u00e9sent\u00e9 avec le Royaume-Uni et la France un texte commun pour demander au gouvernement de Benjamin Netanyahu de mettre fin \u00e0 \u00ab\u00a0la catastrophe humanitaire\u00a0\u00bb, estimant que \u00ab\u00a0retenir l&rsquo;aide humanitaire essentielle pour qu&rsquo;elle n&rsquo;atteigne pas la population civile est inacceptable.\u00a0\u00bb<\/p>\n<p dir=\"ltr\" class=\"bbc-1y32vyc e17g058b0\">\u00ab\u00a0Nous exhortons le gouvernement isra\u00e9lien \u00e0 lever imm\u00e9diatement les restrictions sur l&rsquo;acheminement de l&rsquo;aide et \u00e0 permettre de toute urgence aux Nations Unies et aux ONG humanitaires de mener \u00e0 bien leur travail de lutte contre la famine. Isra\u00ebl doit se conformer \u00e0 ses obligations en vertu du droit international humanitaire\u00a0\u00bb, indique le communiqu\u00e9.<\/p>\n<p dir=\"ltr\" class=\"bbc-1y32vyc e17g058b0\">Le gouvernement de Netanyahu nie tout blocage de la distribution de nourriture et a plut\u00f4t critiqu\u00e9 l&rsquo;ONU pour ne pas avoir collect\u00e9 et transport\u00e9 en temps opportun la nourriture qui se trouve du c\u00f4t\u00e9 gazaoui de la fronti\u00e8re en attente d&rsquo;\u00eatre distribu\u00e9e. L&rsquo;ONU rejette ces accusations et souligne que l&rsquo;acheminement de l&rsquo;aide d\u00e9pend d&rsquo;Isra\u00ebl, qui est celui qui a le contr\u00f4le du territoire.<\/p>\n<p dir=\"ltr\" class=\"bbc-1y32vyc e17g058b0\">En Allemagne, des critiques d&rsquo;Isra\u00ebl \u00e9mergeaient d\u00e9j\u00e0 r\u00e9cemment au sein de la coalition \u00e0 laquelle appartient le gouvernement du conservateur Friedrich Mertz, au sein de laquelle certaines voix ont m\u00eame parl\u00e9 de \u00ab\u00a0crimes de guerre\u00a0\u00bb.<\/p>\n<p dir=\"ltr\" class=\"bbc-1y32vyc e17g058b0\">L&rsquo;historien Michael Brenner note que \u00ab\u00a0alors que les chr\u00e9tiens-d\u00e9mocrates (le partenaire majeur de la coalition gouvernementale) et le parti du chancelier Merz-h\u00e9sitent \u00e0 se joindre ouvertement \u00e0 d&rsquo;autres pays occidentaux appelant \u00e0 la fin de la guerre, les sociaux &#8211; d\u00e9mocrates (la minorit\u00e9) sont plus critiques de la politique isra\u00e9lienne \u00e0 Gaza et veulent limiter ou mettre fin aux exportations d&rsquo;armes allemandes vers Isra\u00ebl.\u00a0\u00bb<\/p>\n<p dir=\"ltr\" class=\"bbc-1y32vyc e17g058b0\">\u00ab\u00a0Le chancelier et le ministre des Affaires \u00e9trang\u00e8res appartiennent aux chr\u00e9tiens-d\u00e9mocrates, mais je pense que m\u00eame eux finiront par critiquer la poursuite de la guerre isra\u00e9lienne \u00e0 Gaza \u00e0 un moment donn\u00e9\u00a0\u00bb, pr\u00e9dit-il.<\/p>\n<p dir=\"ltr\" class=\"bbc-1y32vyc e17g058b0\">Selon Meron Mendel, \u00ab\u00a0le concept de Staatsr\u00e4son, la raison d&rsquo;\u00c9tat, de solidarit\u00e9 avec Isra\u00ebl, vacille.\u00a0\u00bb<\/p>\n<p dir=\"ltr\" class=\"bbc-1y32vyc e17g058b0\">La directrice du Centre \u00e9ducatif Anne Frank remarque que \u00ab\u00a0les citoyens allemands, comme d&rsquo;autres populations europ\u00e9ennes, ne peuvent pas comprendre pourquoi Isra\u00ebl agit comme il le fait; m\u00eame des gens qui \u00e9taient plus ou moins du c\u00f4t\u00e9 d&rsquo;Isra\u00ebl avant la guerre, sont maintenant tr\u00e8s perturb\u00e9s par la situation.\u00a0\u00bb<\/p>\n<p dir=\"ltr\" class=\"bbc-1y32vyc e17g058b0\">La tension est perceptible dans les rues : une manifestation pro-palestinienne, le samedi 26 juillet 2025 a balay\u00e9 le centre de Munich, amenant des centaines de Juifs et de partisans \u00e0 former une cha\u00eene humaine pour prot\u00e9ger la synagogue principale.<\/p>\n<p dir=\"ltr\" class=\"bbc-1y32vyc e17g058b0\">Peu de temps auparavant, un restaurant isra\u00e9lien \u00e0 Berlin avait annul\u00e9 son ouverture apr\u00e8s d&rsquo;intenses protestations d&rsquo;un collectif palestinien.<\/p>\n<p><img decoding=\"async\" src=\"https:\/\/www.europesays.com\/fr\/wp-content\/uploads\/2025\/08\/600f9b80-696e-11f0-89ea-4d6f9851f623.jpg.webp.webp\"   alt=\"Manifestation pro-isra\u00e9lienne\" loading=\"lazy\" width=\"1024\" height=\"683\" style=\"aspect-ratio:1024 \/ 683\" class=\"bbc-139onq\"\/><\/p>\n<p class=\"bbc-nyj3yn\" role=\"text\">Cr\u00e9dit photo, Getty Images<\/p>\n<p>L\u00e9gende image, Des groupes pro-isra\u00e9liens sont \u00e9galement descendus dans les rues allemandes pour condamner l&rsquo;antis\u00e9mitisme.<\/p>\n<p dir=\"ltr\" class=\"bbc-1y32vyc e17g058b0\">L&rsquo;\u00e9volution de la guerre \u00e0 Gaza et la situation humanitaire des Palestiniens pourraient conditionner la politique allemande \u00e0 l&rsquo;\u00e9gard d&rsquo;Isra\u00ebl dans les prochains mois.<\/p>\n<p dir=\"ltr\" class=\"bbc-1y32vyc e17g058b0\">\u00ab\u00a0Je ne pense pas que le principe du Staatsr\u00e4son va dispara\u00eetre\u00a0\u00bb, note Mendel, bien qu&rsquo;il pr\u00e9dit que \u00ab\u00a0si la guerre ne prend pas fin, si la situation humanitaire \u00e0 Gaza persiste ou devient encore plus catastrophique, il y aura un changement dans la politique de l&rsquo;Allemagne.\u00a0\u00bb<\/p>\n<p dir=\"ltr\" class=\"bbc-1y32vyc e17g058b0\">Brenner, pour sa part, souligne le \u00ab\u00a0d\u00e9s\u00e9quilibre entre le soutien que le gouvernement apporte \u00e0 Isra\u00ebl et l&rsquo;opinion politique en Allemagne, beaucoup plus critique envers la guerre d&rsquo;Isra\u00ebl \u00e0 Gaza\u00a0\u00bb<\/p>\n<p dir=\"ltr\" class=\"bbc-1y32vyc e17g058b0\">\u00ab\u00a0Si cela continue de cro\u00eetre, en particulier parmi une jeune g\u00e9n\u00e9ration de politiciens, il pourrait y avoir un changement de cap\u00a0\u00bb, a-t-il d\u00e9clar\u00e9.<\/p>\n","protected":false},"excerpt":{"rendered":"Cr\u00e9dit photo, Getty Images L\u00e9gende image, La position de l&rsquo;Allemagne dans le conflit \u00e0 Gaza a provoqu\u00e9 de&hellip;\n","protected":false},"author":2,"featured_media":293661,"comment_status":"","ping_status":"","sticky":false,"template":"","format":"standard","meta":{"footnotes":""},"categories":[1587],"tags":[11,672,1804,1805,1803,1777,674,1801,12,1802],"class_list":{"0":"post-293660","1":"post","2":"type-post","3":"status-publish","4":"format-standard","5":"has-post-thumbnail","7":"category-allemagne","8":"tag-actualites","9":"tag-allemagne","10":"tag-bundesrepublik-deutschland","11":"tag-de","12":"tag-deutschland","13":"tag-eu","14":"tag-europe","15":"tag-germany","16":"tag-news","17":"tag-republique-federale-dallemagne"},"share_on_mastodon":{"url":"https:\/\/pubeurope.com\/@fr\/114965167946376077","error":""},"_links":{"self":[{"href":"https:\/\/www.europesays.com\/fr\/wp-json\/wp\/v2\/posts\/293660","targetHints":{"allow":["GET"]}}],"collection":[{"href":"https:\/\/www.europesays.com\/fr\/wp-json\/wp\/v2\/posts"}],"about":[{"href":"https:\/\/www.europesays.com\/fr\/wp-json\/wp\/v2\/types\/post"}],"author":[{"embeddable":true,"href":"https:\/\/www.europesays.com\/fr\/wp-json\/wp\/v2\/users\/2"}],"replies":[{"embeddable":true,"href":"https:\/\/www.europesays.com\/fr\/wp-json\/wp\/v2\/comments?post=293660"}],"version-history":[{"count":0,"href":"https:\/\/www.europesays.com\/fr\/wp-json\/wp\/v2\/posts\/293660\/revisions"}],"wp:featuredmedia":[{"embeddable":true,"href":"https:\/\/www.europesays.com\/fr\/wp-json\/wp\/v2\/media\/293661"}],"wp:attachment":[{"href":"https:\/\/www.europesays.com\/fr\/wp-json\/wp\/v2\/media?parent=293660"}],"wp:term":[{"taxonomy":"category","embeddable":true,"href":"https:\/\/www.europesays.com\/fr\/wp-json\/wp\/v2\/categories?post=293660"},{"taxonomy":"post_tag","embeddable":true,"href":"https:\/\/www.europesays.com\/fr\/wp-json\/wp\/v2\/tags?post=293660"}],"curies":[{"name":"wp","href":"https:\/\/api.w.org\/{rel}","templated":true}]}}