{"id":293664,"date":"2025-08-03T13:54:20","date_gmt":"2025-08-03T13:54:20","guid":{"rendered":"https:\/\/www.europesays.com\/fr\/293664\/"},"modified":"2025-08-03T13:54:20","modified_gmt":"2025-08-03T13:54:20","slug":"breves-economiques-de-juillet-2025","status":"publish","type":"post","link":"https:\/\/www.europesays.com\/fr\/293664\/","title":{"rendered":"Br\u00e8ves \u00e9conomiques de juillet 2025"},"content":{"rendered":"<p>\nProjet d\u2019accord commercial<br \/>\nUnion europ\u00e9enne &#8211; Etats-Unis\n<\/p>\n<p style=\"text-align: justify;\">Les Etats-Unis et l\u2019Union europ\u00e9enne (UE) sont parvenus \u00e0 un accord de principe le 27 juillet, qui sera suivi d\u2019une phase de n\u00e9gociation formelle. Selon les informations actuellement disponibles<a title=\"\" href=\"#_ftn1\" name=\"_ftnref1\">[1]<\/a>, l\u2019accord pr\u00e9voit la suppression des diff\u00e9rents droits additionnels institu\u00e9s par les Etats-Unis depuis le d\u00e9but de l\u2019ann\u00e9e pour les remplacer par un taux de droit de douane unique de 15\u00a0% sur toutes les importations aux \u00c9tats-Unis de marchandises originaires de l&rsquo;UE<a title=\"\" href=\"#_ftn2\" name=\"_ftnref2\">[2]<\/a>.<\/p>\n<p style=\"text-align: justify;\">Plusieurs secteurs b\u00e9n\u00e9ficieront d\u2019exemptions de droits de douane de part et d&rsquo;autre de l&rsquo;Atlantique\u00a0(a\u00e9ronautique, certains produits chimiques et pharmaceutiques, ou encore certaines mati\u00e8res premi\u00e8res jug\u00e9es critiques). En revanche, les droits additionnels am\u00e9ricains de 50\u00a0% impos\u00e9s sur l&rsquo;acier et l&rsquo;aluminium restent en place, des discussions \u00e9tant en cours pour introduire un syst\u00e8me de contingents \u00e0 l&rsquo;importation aux \u00c9tats-Unis. Ce compromis amorce un processus de n\u00e9gociation qui va se poursuivre et qui pourra aboutir \u00e0 de nouvelles exemptions pour l\u2019UE.<\/p>\n<p style=\"text-align: justify;\">L\u2019accord pr\u00e9voit par ailleurs un engagement europ\u00e9en d\u2019achat d\u2019\u00e9nergie \u00e0 hauteur de 750\u00a0Mrd\u00a0USD (638\u00a0Mrd\u00a0EUR) sur trois ans et des investissements europ\u00e9ens de 600\u00a0Mrd\u00a0USD (515\u00a0Mrd\u00a0EUR) aux Etats-Unis. Ces annonces correspondent \u00e0 l\u2019agr\u00e9gation des intentions connues des op\u00e9rateurs \u00e9conomiques.<\/p>\n<blockquote>\n<p style=\"text-align: justify;\"><strong>Si les niveaux d\u2019exposition de l\u2019Autriche, de la Croatie et de la Slov\u00e9nie aux tarifs am\u00e9ricains diff\u00e8rent largement, tous trois subissent \u2013 directement ou indirectement \u2013 les cons\u00e9quences de la politique tarifaire am\u00e9ricaine.<\/strong><\/p>\n<p style=\"text-align: justify;\"><strong>Les Etats-Unis \u00e9tant de loin le premier march\u00e9 \u00e0 l\u2019export hors UE de l\u2019Autriche, l\u2019accord y est accueilli avec soulagement et prudence. <\/strong><\/p>\n<\/blockquote>\n<p style=\"text-align: justify;\">Avec 16,23\u00a0Mrd\u00a0EUR d\u2019exportations en 2024, en hausse de 10\u00a0% par rapport \u00e0 2023, les Etats-Unis repr\u00e9sentent le deuxi\u00e8me client de l\u2019Autriche (8,5\u00a0% du total de ses exportations) derri\u00e8re l\u2019Allemagne (29,7\u00a0%). Le commerce avec les Etats-Unis a g\u00e9n\u00e9r\u00e9 l\u2019exc\u00e9dent commercial le plus important de l\u2019Autriche en 2024 (8,51\u00a0Mrd\u00a0EUR). La d\u00e9pendance structurelle de l\u2019Autriche au march\u00e9 am\u00e9ricain est \u00e0 la fois directe et indirecte via l\u2019int\u00e9gration aux cha\u00eenes de valeur de l\u2019industrie allemande.<\/p>\n<p style=\"text-align: justify;\">Les simulations r\u00e9alis\u00e9es par l\u2019institut \u00e9conomique IHS au mois de juillet concluaient au fait que les droits de douane additionnels impos\u00e9s depuis le d\u00e9but de l\u2019ann\u00e9e par les \u00c9tats-Unis pourraient r\u00e9duire la performance \u00e9conomique de l&rsquo;Autriche de 0,2 pp en 2025 et de 0,1 pp en 2026, en particulier dans l&rsquo;industrie automobile et le secteur m\u00e9tallurgique.<\/p>\n<p style=\"text-align: justify;\">Le ministre de l\u2019\u00e9conomie, Wolfgang Hattmannsdorfer, s\u2019est r\u00e9joui de ce que l\u2019accord met fin \u00e0 l\u2019escalade tarifaire et donne de la pr\u00e9visibilit\u00e9 aux entreprises autrichiennes, tout en appelant l\u2019UE \u00e0 renforcer sa souverainet\u00e9 \u00e9conomique et \u00e0 diversifier ses relations commerciales.<\/p>\n<p style=\"text-align: justify;\">\u00a0<\/p>\n<blockquote>\n<p style=\"text-align: justify;\"><strong>Pour la Croatie, l\u2019impact direct des droits de douane additionnels am\u00e9ricains est a priori mod\u00e9r\u00e9, mais l\u2019accord provisoire pourrait constituer une opportunit\u00e9 pour le terminal GNL de Krk. <\/strong><\/p>\n<\/blockquote>\n<p style=\"text-align: justify;\">En 2024, la Croatie a import\u00e9 pour 781\u00a0M\u00a0EUR de biens en provenance des Etats-Unis et a export\u00e9 pour 804,5\u00a0M\u00a0EUR, principalement des produits pharmaceutiques, des \u00e9quipements \u00e9lectriques et des armes et munitions. L\u2019impact direct des tarifs impos\u00e9s par l\u2019administration Trump ne concerne ainsi qu\u2019une poign\u00e9e d\u2019entreprises croates exportatrices sur le march\u00e9 am\u00e9ricain.\u00a0 Le pays est toutefois tr\u00e8s d\u00e9pendant des march\u00e9s allemand, italien, autrichien et hongrois\u00a0; l\u2019impact sur les pays voisins a donc des cons\u00e9quences sur le commerce intra-UE de la Croatie, qui consacre notamment une part non n\u00e9gligeable de ses exportations de produits interm\u00e9diaires \u00e0 l&rsquo;industrie automobile allemande et italienne.\u00a0<\/p>\n<p style=\"text-align: justify;\">Les annonces de la Commission europ\u00e9enne dans le cadre de l\u2019accord du 27 juillet sur l\u2019augmentation des approvisionnements europ\u00e9ens, notamment en gaz naturel liqu\u00e9fi\u00e9 (GNL) am\u00e9ricain, renforcent le positionnement de la Croatie. En effet, le terminal GNL de Krk dont la capacit\u00e9 passera fin 2025 de 2,9 \u00e0 6,1 milliards de m3 par an d\u00e9pend d\u00e9j\u00e0 depuis le d\u00e9but de la guerre en Ukraine \u00e0 plus de 70\u00a0% des importations de GNL am\u00e9ricain, pourcentage qui pourrait ainsi encore augmenter avec l\u2019ambition de desservir les march\u00e9s d\u2019Europe centrale via le r\u00e9seau de gazoduc de l\u2019entreprise publique Plinacro. L\u2019accord a \u00e9t\u00e9 notamment salu\u00e9 par le Premier ministre croate, Andrej Plenkovi\u0107, qui s\u2019est f\u00e9licit\u00e9 du fait qu\u2019une escalade tarifaire ait \u00e9t\u00e9 \u00e9vit\u00e9e et qu\u2019une plus grande pr\u00e9visibilit\u00e9 du commerce UE-Etats-Unis puisse \u00eatre envisag\u00e9e pour les entreprises europ\u00e9ennes.<\/p>\n<p style=\"text-align: justify;\">\u00a0<\/p>\n<blockquote>\n<p style=\"text-align: justify;\"><strong>La vuln\u00e9rabilit\u00e9 directe des \u00e9changes de la Slov\u00e9nie avec les Etats-Unis est mineure, mais son industrie automobile est tr\u00e8s expos\u00e9e aux fluctuations de la demande allemande.<\/strong><\/p>\n<\/blockquote>\n<p style=\"text-align: justify;\">Les \u00c9tats-Unis ne repr\u00e9sentent que 1,5\u00a0% des exportations slov\u00e8nes (921,9\u00a0M\u00a0EUR en 2024), et 1,7\u00a0% des importations (1,19\u00a0Mrd\u00a0EUR). L\u2019Allemagne, en revanche, est le 2\u00e8me client (7,33\u00a0Mrd\u00a0EUR) de la Slov\u00e9nie. Le secteur automobile, qui repr\u00e9sente le 2\u00e8me poste \u00e0 l\u2019exportation de la Slov\u00e9nie (24\u00a0% en 2024), reste d\u00e9pendant de la demande allemande, elle-m\u00eame expos\u00e9e aux fluctuations transatlantiques. La Slov\u00e9nie aura par ailleurs un int\u00e9r\u00eat dans la poursuite des n\u00e9gociations UE-Etats-Unis en vue de l\u2019obtention de quotas d\u2019exportation sur l\u2019acier et l\u2019aluminium, ce segment repr\u00e9sentant pr\u00e8s de 9\u00a0% des exportations slov\u00e8nes vers les Etats-Unis.<\/p>\n<p style=\"text-align: justify;\">Dans l\u2019attente des d\u00e9tails de l\u2019accord, le minist\u00e8re slov\u00e8ne de l\u2019\u00e9conomie a pour l\u2019heure rappel\u00e9 que la stabilit\u00e9 commerciale est essentielle pour les secteurs strat\u00e9giques du pays, en particulier l\u2019automobile et l\u2019industrie pharmaceutique.<\/p>\n<p><br clear=\"all\"\/><\/p>\n<p style=\"text-align: justify;\"><a title=\"\" href=\"#_ftnref2\" name=\"_ftn2\">[2]<\/a> Les Etats-Unis ont en effet annonc\u00e9 depuis le mois de f\u00e9vrier 2025 des droits additionnels sur les importations en provenance de l\u2019UE (qui s\u2019\u00e9levaient fin juillet \u00e0 10 % sur tous les produits europ\u00e9ens, 25 % sur les v\u00e9hicules et pi\u00e8ces automobiles, 50 % sur l\u2019acier et l\u2019aluminium) et mena\u00e7aient d\u2019introduire des droits transversaux de 30% \u00e0 partir du 1er ao\u00fbt.<\/p>\n<p style=\"text-align: justify;\">\u00a0<\/p>\n<p>\nAUTRICHE\n<\/p>\n<p>Le chiffre du mois \u00e0 retenir<\/p>\n<p>\u00a0<img loading=\"lazy\" decoding=\"async\" class=\"marge\" style=\"float: right;\" title=\"Chiffre \u00e0 retenir Autriche  - juillet 2025\" src=\"https:\/\/www.europesays.com\/fr\/wp-content\/uploads\/2025\/08\/d992d3a1-03de-4429-9f2b-32b5d1b5ebd2.png\" alt=\"Chiffre \u00e0 retenir Autriche  - juillet 2025\" width=\"251\" height=\"212\"\/><\/p>\n<p style=\"text-align: justify;\">\u00a0<\/p>\n<p style=\"text-align: justify;\">\u00a0<\/p>\n<p style=\"text-align: justify;\">\u00a0<\/p>\n<p style=\"text-align: justify;\">\u00a0<\/p>\n<p style=\"text-align: justify;\">\u00a0<\/p>\n<p style=\"text-align: justify;\">\u00a0<\/p>\n<blockquote><p>\nZoom sur &#8230;<\/p>\n<p style=\"text-align: justify;\">Compte tenu de la d\u00e9gradation des finances publiques (d\u00e9ficit \u00e0 4,7 % en 2024) et de l\u2019absence d\u2019une conjoncture favorable \u00e0 court terme, l\u2019Autriche a \u00e9t\u00e9 plac\u00e9e, comme s\u2019y attendait le gouvernement, sous proc\u00e9dure de d\u00e9ficit excessif par la Commission europ\u00e9enne et le Conseil. Face \u00e0 ce contexte \u00e9conomique d\u00e9grad\u00e9, le gouvernement a fait voter fin juin un budget de consolidation budg\u00e9taire pour 2025 et 2026. Le double budget fait \u00e9tat d\u2019efforts de consolidation de 1,3\u00a0% du PIB en 2025 (6,3\u00a0Mrd\u00a0EUR) et de 1,8\u00a0% du PIB en 2026 (8,7\u00a0Mrd\u00a0EUR), dans l\u2019objectif de ramener le d\u00e9ficit public sous la barre des 3\u00a0% \u00e0 l\u2019horizon 2029. Toutefois, les \u00e9conomistes estiment ces efforts insuffisants. L\u2019\u00e9quivalent du Haut conseil des finances publiques autrichien chiffre l\u2019effort suppl\u00e9mentaire n\u00e9cessaire \u00e0 hauteur de 2,2\u00a0Mrd\u00a0EUR pour atteindre l\u2019objectif de 2,8\u00a0% de d\u00e9ficit en 2029.<\/p>\n<\/blockquote>\n<p>etc.<\/p>\n<p>\u00a0<\/p>\n<p>\nSLOVENIE\n<\/p>\n<p>\u00a0\u00a0Le chiffre du mois \u00e0 retenir<\/p>\n<p style=\"text-align: right;\">\u00a0<img loading=\"lazy\" decoding=\"async\" class=\"marge\" title=\"Chiffre \u00e0 retenir Slov\u00e9nie  - juillet 2025\" src=\"https:\/\/www.europesays.com\/fr\/wp-content\/uploads\/2025\/08\/140227dc-724a-4753-b551-7bdb979ded1f.png\" alt=\"Chiffre \u00e0 retenir Slov\u00e9nie  - juillet 2025\" width=\"251\" height=\"211\"\/><\/p>\n<p>\u00a0<\/p>\n<p>\u00a0<\/p>\n<blockquote><p>\nZoom sur&#8230;<\/p>\n<p style=\"text-align: justify;\">A l\u2019issue du premier semestre de l\u2019ann\u00e9e 2025, le budget de l\u2019Etat slov\u00e8ne affiche un d\u00e9ficit de 800\u00a0M\u00a0EUR, reflet d\u2019une dynamique o\u00f9 la croissance des d\u00e9penses a significativement d\u00e9pass\u00e9 celle des recettes. Ce solde, en nette d\u00e9t\u00e9rioration par rapport aux 50\u00a0M\u00a0EUR enregistr\u00e9s \u00e0 la m\u00eame p\u00e9riode l\u2019an pass\u00e9, s\u2019inscrit toutefois dans la trajectoire anticip\u00e9e par les documents budg\u00e9taires en vigueur. Le Conseil budg\u00e9taire, dans son analyse rendue publique en d\u00e9but de mois, souligne que cette \u00e9volution, bien que substantielle, reste coh\u00e9rente avec le cadre macro\u00e9conomique et budg\u00e9taire actuel.<\/p>\n<\/blockquote>\n<p>etc.<\/p>\n<p>\u00a0<\/p>\n<p>\u00a0<\/p>\n<p>\nCROATIE\n<\/p>\n<p>\u00a0Le chiffre du mois \u00e0 retenir<\/p>\n<p style=\"text-align: right;\">\u00a0<img loading=\"lazy\" decoding=\"async\" class=\"marge\" title=\"Chiffre \u00e0 retenir Croatie  - juillet 2025\" src=\"https:\/\/www.europesays.com\/fr\/wp-content\/uploads\/2025\/08\/8467abe8-6250-4194-a2f8-b7ffd9f92410.png\" alt=\"Chiffre \u00e0 retenir Croatie  - juillet 2025\" width=\"251\" height=\"214\"\/><\/p>\n<p>\u00a0<\/p>\n<blockquote><p>\nZoom sur &#8230;<\/p>\n<p style=\"text-align: justify;\">\u2026le d\u00e9placement en Mongolie, au Japon, et en Chine du ministre croate des Affaires \u00e9trang\u00e8res europ\u00e9ennes M. Gordan Grli\u0107-Radman<\/p>\n<p style=\"text-align: justify;\">Au cours de sa visite en Mongolie, M. Grli\u0107-Radman a soulign\u00e9 la volont\u00e9 de partager l\u2019expertise croate et de renforcer les liens bilat\u00e9raux. Des accords sectoriels ont \u00e9t\u00e9 sign\u00e9s pour stimuler la coop\u00e9ration \u00e9conomique, notamment dans le domaine du transport routier et de la gestion foresti\u00e8re. Les chambres de commerce croate et mongole se sont \u00e9galement engag\u00e9es \u00e0 favoriser les \u00e9changes commerciaux et les investissements crois\u00e9s. Le ministre s\u2019est \u00e9galement rendu \u00e0 Osaka, au Japon pour participer \u00e0 l\u2019Expo 2025. Le pavillon croate a mis l\u2019accent sur le d\u00e9veloppement durable, l\u2019innovation et la transition \u00e9cologique. Sur le plan bilat\u00e9ral, la Croatie souhaite attirer davantage d\u2019investissements japonais et devrait renforcer son dialogue bilat\u00e9ral. En Chine, M. Grli\u0107-Radman a mis en avant l\u2019int\u00e9r\u00eat croate \u00e0 favoriser les investissements chinois notamment dans le secteur des \u00e9nergies renouvelables et des infrastructures. La strat\u00e9gie croate vise \u00e9galement \u00e0 augmenter le volume du commerce, en particulier pour les produits agricoles et technologiques et \u00e0 d\u00e9velopper le tourisme pour les ressortissants chinois en \u00e9tablissant notamment une liaison a\u00e9rienne directe.<\/p>\n<\/blockquote>\n<p>\u00a0etc.<\/p>\n<p>\u00a0<\/p>\n<p style=\"text-align: center;\">\u00a0<img decoding=\"async\" class=\"marge\" title=\"Finisher Br\u00e8ves \u00e9co n10 juillet 2025\" src=\"https:\/\/www.europesays.com\/fr\/wp-content\/uploads\/2025\/08\/51e8edfe-52b5-49fe-a47a-f0a4101771a6.png\" alt=\"Finisher Br\u00e8ves \u00e9co n10 juillet 2025\"\/><\/p>\n<p>\u00a0<\/p>\n<p>\u00a0<\/p>\n<p style=\"text-align: center;\">***<\/p>\n<p style=\"text-align: center;\">\u00a0<\/p>\n<p style=\"margin-bottom: 0px; background-image: initial; background-position: initial; background-size: initial; background-repeat: initial; background-attachment: initial; background-origin: initial; background-clip: initial; padding: 0px 0px 1em; border: 0px; outline: 0px; font-size: 18px; vertical-align: baseline; color: #44b135; font-family: Abel, Helvetica, Arial, Lucida, sans-serif; text-align: center;\">Pour lire l&rsquo;int\u00e9gralit\u00e9 de nos br\u00e8ves, merci de cliquer sur le fichier pdf ci-apr\u00e8s!<\/p>\n<p style=\"margin-bottom: 0px; background-image: initial; background-position: initial; background-size: initial; background-repeat: initial; background-attachment: initial; background-origin: initial; background-clip: initial; padding: 0px 0px 1em; border: 0px; outline: 0px; font-size: 18px; vertical-align: baseline; color: #44b135; font-family: Abel, Helvetica, Arial, Lucida, sans-serif; text-align: center;\">Adoptez l&rsquo;\u00e9co-attitude! N&rsquo;imprimez que si n\u00e9cessaire et pensez \u00e0 recycler votre papier!<\/p>\n<p>\u00a0<\/p>\n<p>\u00a0<\/p>\n<p>\u00a0<\/p>\n<p>\u00a0<\/p>\n<p>\u00a0<\/p>\n<p>\u00a0<\/p>\n<p style=\"text-align: justify;\">\u00a0<\/p>\n<p style=\"text-align: justify;\">\u00a0<\/p>\n<p style=\"text-align: justify;\">\u00a0<\/p>\n","protected":false},"excerpt":{"rendered":"Projet d\u2019accord commercial Union europ\u00e9enne &#8211; Etats-Unis Les Etats-Unis et l\u2019Union europ\u00e9enne (UE) sont parvenus \u00e0 un accord&hellip;\n","protected":false},"author":2,"featured_media":293665,"comment_status":"","ping_status":"","sticky":false,"template":"","format":"standard","meta":{"footnotes":""},"categories":[1586],"tags":[11,1777,674,1779,1011,27,12,25,1778,364],"class_list":{"0":"post-293664","1":"post","2":"type-post","3":"status-publish","4":"format-standard","5":"has-post-thumbnail","7":"category-europe","8":"tag-actualites","9":"tag-eu","10":"tag-europe","11":"tag-european-union","12":"tag-fr","13":"tag-france","14":"tag-news","15":"tag-republique-francaise","16":"tag-ue","17":"tag-union-europeenne"},"share_on_mastodon":{"url":"https:\/\/pubeurope.com\/@fr\/114965175671498655","error":""},"_links":{"self":[{"href":"https:\/\/www.europesays.com\/fr\/wp-json\/wp\/v2\/posts\/293664","targetHints":{"allow":["GET"]}}],"collection":[{"href":"https:\/\/www.europesays.com\/fr\/wp-json\/wp\/v2\/posts"}],"about":[{"href":"https:\/\/www.europesays.com\/fr\/wp-json\/wp\/v2\/types\/post"}],"author":[{"embeddable":true,"href":"https:\/\/www.europesays.com\/fr\/wp-json\/wp\/v2\/users\/2"}],"replies":[{"embeddable":true,"href":"https:\/\/www.europesays.com\/fr\/wp-json\/wp\/v2\/comments?post=293664"}],"version-history":[{"count":0,"href":"https:\/\/www.europesays.com\/fr\/wp-json\/wp\/v2\/posts\/293664\/revisions"}],"wp:featuredmedia":[{"embeddable":true,"href":"https:\/\/www.europesays.com\/fr\/wp-json\/wp\/v2\/media\/293665"}],"wp:attachment":[{"href":"https:\/\/www.europesays.com\/fr\/wp-json\/wp\/v2\/media?parent=293664"}],"wp:term":[{"taxonomy":"category","embeddable":true,"href":"https:\/\/www.europesays.com\/fr\/wp-json\/wp\/v2\/categories?post=293664"},{"taxonomy":"post_tag","embeddable":true,"href":"https:\/\/www.europesays.com\/fr\/wp-json\/wp\/v2\/tags?post=293664"}],"curies":[{"name":"wp","href":"https:\/\/api.w.org\/{rel}","templated":true}]}}