{"id":293666,"date":"2025-08-03T13:55:15","date_gmt":"2025-08-03T13:55:15","guid":{"rendered":"https:\/\/www.europesays.com\/fr\/293666\/"},"modified":"2025-08-03T13:55:15","modified_gmt":"2025-08-03T13:55:15","slug":"paulo-fonseca-ravi-du-probable-prochain-transfert-france-lyon","status":"publish","type":"post","link":"https:\/\/www.europesays.com\/fr\/293666\/","title":{"rendered":"Paulo Fonseca ravi du probable prochain transfert &#8211; France &#8211; Lyon"},"content":{"rendered":"<p>Normalement, ce n\u2019est qu\u2019une question de temps.<\/p>\n<p><a target=\"_blank\" href=\"https:\/\/www.sofoot.com\/breves\/mercato-un-accord-trouve-entre-liverpool-et-lol-pour-tyler-morton#goog_rewarded\" rel=\"nofollow noopener\">Apr\u00e8s avoir trouv\u00e9 un accord avec Liverpool sur un transfert estim\u00e9 \u00e0 environ dix millions d\u2019euros (et m\u00eame potentiellement quinze millions, bonus compris), <strong>l\u2019Olympique lyonnais<\/strong><\/a><strong> devrait bient\u00f4t voir Tyler Morton signer son contrat et int\u00e9grer l\u2019effectif rhodanien<\/strong>.<\/p>\n<p><strong>Une nouvelle bienvenue pour Paulo Fonseca<\/strong>, qui s\u2019est exprim\u00e9 sur sa probable future recrue en conf\u00e9rence de presse :  \u00ab\u202fC\u2019est un joueur que j\u2019aime beaucoup, un milieu avec une bonne qualit\u00e9 de passe. Il est \u00e0 l\u2019aise dans les petits espaces, et il a les caract\u00e9ristiques pour s\u2019ins\u00e9rer dans notre jeu.\u00a0\u00bb<\/p>\n<p>Et <a target=\"_blank\" href=\"http:\/\/sofoot.com\/breves\/pierre-lees-melou-interesserait-grandement-lolympique-lyonnais\" rel=\"nofollow noopener\">tant pis pour Pierre-Lees Melou<\/a>.<\/p>\n<p>\t\t\t\t\t\t\t\t\t\t<a class=\"lien-connexe\" href=\"https:\/\/www.sofoot.com\/breves\/amical-lyon-sincline-face-au-bayern-munich\" rel=\"nofollow noopener\" target=\"_blank\">Lyon domin\u00e9 par le Bayern Munich <\/a>\t\t\t\t\t<\/p>\n","protected":false},"excerpt":{"rendered":"Normalement, ce n\u2019est qu\u2019une question de temps. Apr\u00e8s avoir trouv\u00e9 un accord avec Liverpool sur un transfert estim\u00e9&hellip;\n","protected":false},"author":2,"featured_media":293667,"comment_status":"","ping_status":"","sticky":false,"template":"","format":"standard","meta":{"footnotes":""},"categories":[2],"tags":[47,11,61,69,65,64,63,1011,27,68,66,12,62,70,25,67],"class_list":{"0":"post-293666","1":"post","2":"type-post","3":"status-publish","4":"format-standard","5":"has-post-thumbnail","7":"category-actualites","8":"tag-actualite","9":"tag-actualites","10":"tag-actus-football","11":"tag-bundesliga","12":"tag-championnats-europeens","13":"tag-equipe-de-france","14":"tag-football","15":"tag-fr","16":"tag-france","17":"tag-ligua","18":"tag-ligue-1","19":"tag-news","20":"tag-news-foot","21":"tag-premier-league","22":"tag-republique-francaise","23":"tag-serie-a"},"share_on_mastodon":{"url":"https:\/\/pubeurope.com\/@fr\/114965179472047457","error":""},"_links":{"self":[{"href":"https:\/\/www.europesays.com\/fr\/wp-json\/wp\/v2\/posts\/293666","targetHints":{"allow":["GET"]}}],"collection":[{"href":"https:\/\/www.europesays.com\/fr\/wp-json\/wp\/v2\/posts"}],"about":[{"href":"https:\/\/www.europesays.com\/fr\/wp-json\/wp\/v2\/types\/post"}],"author":[{"embeddable":true,"href":"https:\/\/www.europesays.com\/fr\/wp-json\/wp\/v2\/users\/2"}],"replies":[{"embeddable":true,"href":"https:\/\/www.europesays.com\/fr\/wp-json\/wp\/v2\/comments?post=293666"}],"version-history":[{"count":0,"href":"https:\/\/www.europesays.com\/fr\/wp-json\/wp\/v2\/posts\/293666\/revisions"}],"wp:featuredmedia":[{"embeddable":true,"href":"https:\/\/www.europesays.com\/fr\/wp-json\/wp\/v2\/media\/293667"}],"wp:attachment":[{"href":"https:\/\/www.europesays.com\/fr\/wp-json\/wp\/v2\/media?parent=293666"}],"wp:term":[{"taxonomy":"category","embeddable":true,"href":"https:\/\/www.europesays.com\/fr\/wp-json\/wp\/v2\/categories?post=293666"},{"taxonomy":"post_tag","embeddable":true,"href":"https:\/\/www.europesays.com\/fr\/wp-json\/wp\/v2\/tags?post=293666"}],"curies":[{"name":"wp","href":"https:\/\/api.w.org\/{rel}","templated":true}]}}