{"id":293674,"date":"2025-08-03T14:00:12","date_gmt":"2025-08-03T14:00:12","guid":{"rendered":"https:\/\/www.europesays.com\/fr\/293674\/"},"modified":"2025-08-03T14:00:12","modified_gmt":"2025-08-03T14:00:12","slug":"un-irlandais-cite-apres-un-vilain-deblayage-de-quoi-donner-des-mauvais-souvenirs-a-dupont-et-aux-bleus","status":"publish","type":"post","link":"https:\/\/www.europesays.com\/fr\/293674\/","title":{"rendered":"un Irlandais cit\u00e9 apr\u00e8s un vilain d\u00e9blayage, de quoi donner des mauvais souvenirs \u00e0 Dupont et aux Bleus"},"content":{"rendered":"<p>Ces gestes sont de plus en plus surveill\u00e9s dans le rugby mondial, et pour cause. Ce samedi, l\u2019Australie a sauv\u00e9 l\u2019honneur et affich\u00e9 un bout visage en venant \u00e0 bout des Lions Britanniques et Irlandais lors du dernier des trois test-matches entre les deux formations. Durant la partie, Dan Sheehan s\u2019en est bien sorti, \u00e9chappant \u00e0 toute sanction malgr\u00e9 un d\u00e9blayage particuli\u00e8rement dangereux, o\u00f9 il est venu agripper le genou de son adversaire.<\/p>\n<p>Sheehan va devoir s\u2019expliquer<\/p>\n<p>Finalement, World Rugby a d\u00e9cid\u00e9 de se saisir de cette action et une commission de discipline ind\u00e9pendante devra statuer sur la sanction \u00e0 infliger au talonneur irlandais. Forc\u00e9ment, cette action risque de rappeler de mauvais souvenirs aux supporters fran\u00e7ais. Lors du dernier choc entre les Bleus et le XV du Tr\u00e8fle lors du Six Nations, Tadhg Beirne avait gravement bless\u00e9 Antoine Dupont sur un d\u00e9blayage similaire. Depuis, le capitaine du Stade Toulousain prend son mal en patience pour retrouver les terrains.<\/p>\n<blockquote class=\"twitter-tweet\">\n<p dir=\"ltr\" lang=\"fr\">Dan Sheehan a \u00e9t\u00e9 cit\u00e9 \u00e0 compara\u00eetre devant une commission de discipline ind\u00e9pendante pour ce d\u00e9blayage sur Tom Lynagh durant le troisi\u00e8me test-match entre les Wallabies et les Lions Britanniques et Irlandais. <a href=\"https:\/\/t.co\/jDpWz6fVfZ\" rel=\"nofollow\">pic.twitter.com\/jDpWz6fVfZ<\/a><\/p>\n<p>\u2014 Gauthier Baudin (@GauthierBaudin) <a href=\"https:\/\/twitter.com\/GauthierBaudin\/status\/1951720535920120092?ref_src=twsrc%5Etfw\" rel=\"nofollow noopener\" target=\"_blank\">August 2, 2025<\/a><\/p>\n<\/blockquote>\n<p>\u00a0<\/p>\n<p>Partagez cette info avec vos amis et vos proches en cliquant ici<br \/>Pour r\u00e9sumer<\/p>\n<p>Un Irlandais a \u00e9t\u00e9 cit\u00e9 par World Rugby pour un d\u00e9blayage dangereux lors du dernier test-match entre les Lions Britanniques et Irlandais et l\u2019Australie. Un geste qui n\u2019est pas sans rappeler celui de Tadgh Beirne face \u00e0 Antoine Dupont lors du dernier Six Nations.<\/p>\n<p> <img decoding=\"async\" width=\"76\" height=\"76\" loading=\"lazy\" src=\"https:\/\/www.europesays.com\/fr\/wp-content\/uploads\/2025\/04\/avatar-quinze.png\" alt=\"Arnaud D\u00e9chelotte\"\/><script async src=\"https:\/\/platform.twitter.com\/widgets.js\" charset=\"utf-8\"><\/script><\/p>\n","protected":false},"excerpt":{"rendered":"Ces gestes sont de plus en plus surveill\u00e9s dans le rugby mondial, et pour cause. Ce samedi, l\u2019Australie&hellip;\n","protected":false},"author":2,"featured_media":293675,"comment_status":"","ping_status":"","sticky":false,"template":"","format":"standard","meta":{"footnotes":""},"categories":[1416],"tags":[1011,27,479,1468,60],"class_list":{"0":"post-293674","1":"post","2":"type-post","3":"status-publish","4":"format-standard","5":"has-post-thumbnail","7":"category-rugby","8":"tag-fr","9":"tag-france","10":"tag-rugby","11":"tag-rugby-football","12":"tag-sports"},"share_on_mastodon":{"url":"https:\/\/pubeurope.com\/@fr\/114965199189365743","error":""},"_links":{"self":[{"href":"https:\/\/www.europesays.com\/fr\/wp-json\/wp\/v2\/posts\/293674","targetHints":{"allow":["GET"]}}],"collection":[{"href":"https:\/\/www.europesays.com\/fr\/wp-json\/wp\/v2\/posts"}],"about":[{"href":"https:\/\/www.europesays.com\/fr\/wp-json\/wp\/v2\/types\/post"}],"author":[{"embeddable":true,"href":"https:\/\/www.europesays.com\/fr\/wp-json\/wp\/v2\/users\/2"}],"replies":[{"embeddable":true,"href":"https:\/\/www.europesays.com\/fr\/wp-json\/wp\/v2\/comments?post=293674"}],"version-history":[{"count":0,"href":"https:\/\/www.europesays.com\/fr\/wp-json\/wp\/v2\/posts\/293674\/revisions"}],"wp:featuredmedia":[{"embeddable":true,"href":"https:\/\/www.europesays.com\/fr\/wp-json\/wp\/v2\/media\/293675"}],"wp:attachment":[{"href":"https:\/\/www.europesays.com\/fr\/wp-json\/wp\/v2\/media?parent=293674"}],"wp:term":[{"taxonomy":"category","embeddable":true,"href":"https:\/\/www.europesays.com\/fr\/wp-json\/wp\/v2\/categories?post=293674"},{"taxonomy":"post_tag","embeddable":true,"href":"https:\/\/www.europesays.com\/fr\/wp-json\/wp\/v2\/tags?post=293674"}],"curies":[{"name":"wp","href":"https:\/\/api.w.org\/{rel}","templated":true}]}}