{"id":293676,"date":"2025-08-03T14:01:10","date_gmt":"2025-08-03T14:01:10","guid":{"rendered":"https:\/\/www.europesays.com\/fr\/293676\/"},"modified":"2025-08-03T14:01:10","modified_gmt":"2025-08-03T14:01:10","slug":"atp-zverev-au-sujet-du-temps-passe-avec-rafael-nadal-on-a-dine-jusqua-1-heure-du-matin-et-au-milieu-de-chaque-repas-il-se-levait-au-milieu-du-restaurant-et-commencait-a-frapper-son-coup","status":"publish","type":"post","link":"https:\/\/www.europesays.com\/fr\/293676\/","title":{"rendered":"ATP > Zverev au sujet du temps pass\u00e9 avec Rafael Nadal : \u00ab On a d\u00een\u00e9 jusqu&rsquo;\u00e0 1 heure du matin et, au milieu de chaque repas, il se levait au milieu du restaurant et commen\u00e7ait \u00e0 frapper son coup droit pour me donner des conseils techniques \u00bb"},"content":{"rendered":"<p><a href=\"https:\/\/www.welovetennis.fr\/atp\/alexander-zverev-sur-son-sejour-a-la-nadal-academy-avec-laide-de-toni-mais-egalement-celle-de-rafa-jai-passe-une-excellente-semaine\" data-wpel-link=\"internal\" target=\"_blank\" rel=\"noopener\">Alexander Zverev est tr\u00e8s r\u00e9cem\u00adment all\u00e9 passer du temps \u00e0 Majorque, \u00e0 la Rafa Nadal Academy, o\u00f9 il s\u2019est notam\u00adment entra\u00een\u00e9 avec Toni Nadal<\/a>.<\/p>\n<p>Mais il a aussi bien \u00e9videm\u00adment pu profiter des conseils de Rafael Nadal. Et il a d\u2019ailleurs r\u00e9v\u00e9l\u00e9 dans le podcast Nothing Major que l\u2019im\u00adpli\u00adca\u00adtion de Rafa avait \u00e9t\u00e9 au\u2010del\u00e0 de toutes ses esp\u00e9\u00adrances. De quoi gagner en confiance pour l\u2019Allemand.\u00a0<\/p>\n<p><strong>\u00ab\u202fC\u2019\u00e9tait spec\u00adta\u00adcu\u00adlaire de le voir sur le court avec moi si impliqu\u00e9. Il m\u2019a vrai\u00adment surpris et je ne le remer\u00adcierai jamais assez. Avant de le rencon\u00adtrer ainsi, j\u2019au\u00adrais dit que Djokovic serait l\u2019en\u00adtra\u00ee\u00adneur id\u00e9al pour moi, si on me donnait le choix entre les membres du\u00a0Big Three, car il m\u2019a donn\u00e9 beau\u00adcoup de conseils et nous avons eu de bonnes conver\u00adsa\u00adtions. Mais ce que j\u2019ai v\u00e9cu avec Rafa cette semaine \u00e0 Majorque, c\u2019est\u2026 On a d\u00een\u00e9 jusqu\u2019\u00e0 1 heure du matin et, au milieu de chaque repas, il se levait au milieu du restau\u00adrant et commen\u00ad\u00e7ait \u00e0 frapper son coup droit pour me donner des conseils techniques.\u202f\u00bb<\/strong><\/p>\n<p class=\"post-published-date\" style=\"color: silver; font-size: 75%; text-align: left;\">Publi\u00e9 le dimanche 3 ao\u00fbt 2025 \u00e0 13:44<\/p>\n","protected":false},"excerpt":{"rendered":"Alexander Zverev est tr\u00e8s r\u00e9cem\u00adment all\u00e9 passer du temps \u00e0 Majorque, \u00e0 la Rafa Nadal Academy, o\u00f9 il&hellip;\n","protected":false},"author":2,"featured_media":293677,"comment_status":"","ping_status":"","sticky":false,"template":"","format":"standard","meta":{"footnotes":""},"categories":[1415],"tags":[105,1011,27,1960,60,1467,4542],"class_list":{"0":"post-293676","1":"post","2":"type-post","3":"status-publish","4":"format-standard","5":"has-post-thumbnail","7":"category-tennis","8":"tag-djokovic","9":"tag-fr","10":"tag-france","11":"tag-nadal","12":"tag-sports","13":"tag-tennis","14":"tag-zverev"},"share_on_mastodon":{"url":"https:\/\/pubeurope.com\/@fr\/114965203029631196","error":""},"_links":{"self":[{"href":"https:\/\/www.europesays.com\/fr\/wp-json\/wp\/v2\/posts\/293676","targetHints":{"allow":["GET"]}}],"collection":[{"href":"https:\/\/www.europesays.com\/fr\/wp-json\/wp\/v2\/posts"}],"about":[{"href":"https:\/\/www.europesays.com\/fr\/wp-json\/wp\/v2\/types\/post"}],"author":[{"embeddable":true,"href":"https:\/\/www.europesays.com\/fr\/wp-json\/wp\/v2\/users\/2"}],"replies":[{"embeddable":true,"href":"https:\/\/www.europesays.com\/fr\/wp-json\/wp\/v2\/comments?post=293676"}],"version-history":[{"count":0,"href":"https:\/\/www.europesays.com\/fr\/wp-json\/wp\/v2\/posts\/293676\/revisions"}],"wp:featuredmedia":[{"embeddable":true,"href":"https:\/\/www.europesays.com\/fr\/wp-json\/wp\/v2\/media\/293677"}],"wp:attachment":[{"href":"https:\/\/www.europesays.com\/fr\/wp-json\/wp\/v2\/media?parent=293676"}],"wp:term":[{"taxonomy":"category","embeddable":true,"href":"https:\/\/www.europesays.com\/fr\/wp-json\/wp\/v2\/categories?post=293676"},{"taxonomy":"post_tag","embeddable":true,"href":"https:\/\/www.europesays.com\/fr\/wp-json\/wp\/v2\/tags?post=293676"}],"curies":[{"name":"wp","href":"https:\/\/api.w.org\/{rel}","templated":true}]}}