{"id":293684,"date":"2025-08-03T14:06:10","date_gmt":"2025-08-03T14:06:10","guid":{"rendered":"https:\/\/www.europesays.com\/fr\/293684\/"},"modified":"2025-08-03T14:06:10","modified_gmt":"2025-08-03T14:06:10","slug":"lyon-govou-sen-prend-a-caleta-car-maxifoot","status":"publish","type":"post","link":"https:\/\/www.europesays.com\/fr\/293684\/","title":{"rendered":"Lyon : Govou s&#039;en prend \u00e0 Caleta-Car &#8211; Maxifoot"},"content":{"rendered":"<ol>\n<li><a href=\"https:\/\/news.google.com\/rss\/articles\/CBMif0FVX3lxTE5kb1AxVVJSRE9qUVN4aTFEemhaV0o3ODNhVHZ5aEd0UlVZazhQdjFuT0xvOHpMMEZFcTN6RFpjMGhwbnNRdDl5TWxKTjhvVGFCTEoycEZucHVDbl9Cc1JMU0hocGUteGpHNTB5ZzVualBMYnJQNDM4TGlGbHFlUHPSAX9BVV95cUxONlkyNnM2Vl9VT1FLTDVIS1RwUmhMalg1NF9yUW1FU09RdGhRLWxURVJ2RFZISmFxTFZtc3BMLVBmY19lTHB4YUd5dWN0al9CNzVMcTdrWmE4Y1UzekFKMUpDMTlWNFlISmYxVHE0MllTZzY4akhtNTJGZEhPUGk4?oc=5\" target=\"_blank\" rel=\"noopener\">Lyon : Govou s&rsquo;en prend \u00e0 Caleta-Car<\/a>&nbsp;&nbsp;Maxifoot<\/li>\n<li><a href=\"https:\/\/news.google.com\/rss\/articles\/CBMijAJBVV95cUxQRVF1SnNpcWJZMjFNLWRyOTJrTlZncVZMN2ZoaF9WR1JQdTU3YXl4VmEyNXlQbDhrRDdNQVFnWGZ6Mkp5Qm42Y3VncU81MlBmZnA1UElpUm93S09oa3V6czlGM291aXRnQzVIZUVDdmE1RjdyazZCRThaUzgtb0xKdXNTN0lMQ2gwR2pnbVlPLWN4NVlzenpWSF9EUGN1dXpuNHFWcHE4T2FwSG96THVQdVpNcktuZ2FkcUZDd2pSaTJSUmphdHM3aEhKWDcwbVZjSzBTSlNCNVAzbC1xcjVhMVdwOHJsMktNNHNVNXdLZG9IcDJGcEhIZ0ttVEhNWnU2YkE3WFEtVFVVRU55?oc=5\" target=\"_blank\" rel=\"noopener\">Sidney Govou d\u00e9zingue le message aux supporters de Duje Caleta-Car, pr\u00eat\u00e9 par l&rsquo;OL \u00e0 la Real Sociedad : \u00ab Pas besoin de tout ce cirque \u00bb<\/a>&nbsp;&nbsp;L&rsquo;\u00c9quipe<\/li>\n<li><a href=\"https:\/\/news.google.com\/rss\/articles\/CBMiiwJBVV95cUxQTlJZWDM1QWhOZWNjWDczcVBjQ29ISEhhSHMycFhiQUNOX0hHZ3A3TWFIOHJLdHozWDhJTzZZU1RRVzA5Ympic1hUQWQ4M0NISEttM2o1SXNRazBOUjItTmU4TDJQWmxjdzB3WWVhSlNmZVdGZURHVm5TdjZmQlZNTU8tWUwxT0xPeGV0RVdCWTVSWTRHVDZjZDZISFdHNmN4cGdSTDhhc0hvclM1UXpfeWNtX0tfb3pIZlJzNVc2UzQ0U3NTMjhxdU9ZNXh4TWJ2RkVOVWM0UDV5YmpLMGh2dkdrSUlpZHVjSnF1bEVGWVVvTzRRZERDeDVmSERYcllSQWc5aTZQWGhGNjQ?oc=5\" target=\"_blank\" rel=\"noopener\">OL: \u00ab\u00a0Pas besoin de tout ce cirque\u00a0\u00bb, Govou d\u00e9zingue Caleta-Car apr\u00e8s son message d&rsquo;adieu \u00ab\u00a0\u00e9crit par un community manager\u00a0\u00bb<\/a>&nbsp;&nbsp;RMC Sport<\/li>\n<li><a href=\"https:\/\/news.google.com\/rss\/articles\/CBMi1AFBVV95cUxQOV92WjdpZTdQZ202dXFVdnd5T0tvZkdvdmptRnhJME56RGtOVlRoVFY3YzZ0emw5aWl6azdXSXdic2xGa3k5bDBWLUNmQUduUi1fOUs4Mmxjd21jTmV1THl0bzhXOUJZZVlQWDkwU0JjbFliajRTUmZPR0lzNVNIbEo0blRNY252SkVNdjhrZEdTTnN2aU9ERFdhdHBxcTFVME5VanB0bXVpTGFjTWVVakkwWktrbXJydmtyMWZUUUs5YTRQYTVTRlpkT1dQTGNaOHF4Tg?oc=5\" target=\"_blank\" rel=\"noopener\">OL &#8211; Une l\u00e9gende du club d\u00e9zingue le message d&rsquo;adieu de Duje Caleta-Car aux supporters<\/a>&nbsp;&nbsp;MadeInGones<\/li>\n<li><a href=\"https:\/\/news.google.com\/rss\/articles\/CBMi1gFBVV95cUxNRXk4eFRwLVotakVITHRlSjRqck9vbl9Vam1oc1UwbGMwa0VpeFU1Y19tb1lxNjNGOGVUcGE1eDZ2MzBDWXllQ2VxS3JDemxPdmFINGRBSXRTTk0xLVdMRGJOS3E5elhSNW1DU0VMSmpROXI1NFZReHJlYTVtR2ZRbTZQb1Z5TmhoTmdQdzNEY016ZE5tdGFXY01uaUl1dFlHNERvNEowNnJrMDV4a2RhdGUyYVdDOFpJWFA0Z3kyN1duUk12enZXXzQ5Ty1EQXJ0U0dnY05n0gHbAUFVX3lxTE5rOTdaYkwydHlXWHZucUZrZGc4T3hnd2pndEdTdUw1N1ZzbUNEb1BoRGNDTnNNZTQwenI5T0RRQkQwUmF6dHpPUEhHRS1zVk9DY0xoaXlzVzhSbWoyZm9tVC1fZlpGcVg1OGM2T2FnLUx1SkxkTVVVX3pIRG9DcHMtSE1EUXNoZEExbmstZEgzQWlPblE1amZxRjFWUFR3VHNYOFFHX29wa0VCcFJJUzVUZnFZRktIWUhLbXQxcHR4eWJJTTNNWm9aZjY3NUV6bnpmVVY4c3VodEJMUQ?oc=5\" target=\"_blank\" rel=\"noopener\">Lyon continue son d\u00e9graissage avec deux d\u00e9parts<\/a>&nbsp;&nbsp;Boursorama<\/li>\n<\/ol>\n","protected":false},"excerpt":{"rendered":"Lyon : Govou s&rsquo;en prend \u00e0 Caleta-Car&nbsp;&nbsp;Maxifoot Sidney Govou d\u00e9zingue le message aux supporters de Duje Caleta-Car, pr\u00eat\u00e9&hellip;\n","protected":false},"author":2,"featured_media":293685,"comment_status":"","ping_status":"","sticky":false,"template":"","format":"standard","meta":{"footnotes":""},"categories":[1410],"tags":[2266,2262,2261,1981,83,2260,451,2263,462,2269,2257,63,1011,27,2265,1441,453,66,447,2267,955,2268,241,149,70,1817,93,2264,2258,2259,60,969,455],"class_list":{"0":"post-293684","1":"post","2":"type-post","3":"status-publish","4":"format-standard","5":"has-post-thumbnail","7":"category-football","8":"tag-as-monaco","9":"tag-bundesligua","10":"tag-calcio","11":"tag-classement","12":"tag-coupe-de-france","13":"tag-coupe-de-la-ligue","14":"tag-coupe-du-monde","15":"tag-equipe","16":"tag-fc-nantes","17":"tag-fifa","18":"tag-foot","19":"tag-football","20":"tag-fr","21":"tag-france","22":"tag-girondins-bordeaux","23":"tag-joueur","24":"tag-liga","25":"tag-ligue-1","26":"tag-ligue-des-champions","27":"tag-losc","28":"tag-match","29":"tag-ogc-nice","30":"tag-ol","31":"tag-om","32":"tag-premier-league","33":"tag-pronostic","34":"tag-psg","35":"tag-rc-lens","36":"tag-resultat","37":"tag-score","38":"tag-sports","39":"tag-transfert","40":"tag-uefa"},"share_on_mastodon":{"url":"https:\/\/pubeurope.com\/@fr\/114965222795515340","error":""},"_links":{"self":[{"href":"https:\/\/www.europesays.com\/fr\/wp-json\/wp\/v2\/posts\/293684","targetHints":{"allow":["GET"]}}],"collection":[{"href":"https:\/\/www.europesays.com\/fr\/wp-json\/wp\/v2\/posts"}],"about":[{"href":"https:\/\/www.europesays.com\/fr\/wp-json\/wp\/v2\/types\/post"}],"author":[{"embeddable":true,"href":"https:\/\/www.europesays.com\/fr\/wp-json\/wp\/v2\/users\/2"}],"replies":[{"embeddable":true,"href":"https:\/\/www.europesays.com\/fr\/wp-json\/wp\/v2\/comments?post=293684"}],"version-history":[{"count":0,"href":"https:\/\/www.europesays.com\/fr\/wp-json\/wp\/v2\/posts\/293684\/revisions"}],"wp:featuredmedia":[{"embeddable":true,"href":"https:\/\/www.europesays.com\/fr\/wp-json\/wp\/v2\/media\/293685"}],"wp:attachment":[{"href":"https:\/\/www.europesays.com\/fr\/wp-json\/wp\/v2\/media?parent=293684"}],"wp:term":[{"taxonomy":"category","embeddable":true,"href":"https:\/\/www.europesays.com\/fr\/wp-json\/wp\/v2\/categories?post=293684"},{"taxonomy":"post_tag","embeddable":true,"href":"https:\/\/www.europesays.com\/fr\/wp-json\/wp\/v2\/tags?post=293684"}],"curies":[{"name":"wp","href":"https:\/\/api.w.org\/{rel}","templated":true}]}}