{"id":293686,"date":"2025-08-03T14:07:10","date_gmt":"2025-08-03T14:07:10","guid":{"rendered":"https:\/\/www.europesays.com\/fr\/293686\/"},"modified":"2025-08-03T14:07:10","modified_gmt":"2025-08-03T14:07:10","slug":"orlando-bloom-sa-reponse-subtile-et-100-ia-au-diner-de-katy-perry-et-justin-trudeau","status":"publish","type":"post","link":"https:\/\/www.europesays.com\/fr\/293686\/","title":{"rendered":"Orlando Bloom : sa r\u00e9ponse subtile et 100% IA au d\u00eener de Katy Perry et Justin Trudeau"},"content":{"rendered":"<p>      R\u00e9sum\u00e9<\/p>\n<p>Katy Perry et Justin Trudeau ont \u00e9t\u00e9 vus ensemble \u00e0 Montr\u00e9al, suscitant rumeurs, tandis qu&rsquo;Orlando Bloom a r\u00e9agi avec humour \u00e0 une fausse image cr\u00e9\u00e9e par intelligence artificielle.<\/p>\n<p>        Sommaire<\/p>\n<p>Les photos ont fait le tour du monde en quelques heures. Quelques semaines apr\u00e8s avoir officialis\u00e9 <a href=\"https:\/\/www.public.fr\/katy-perry-et-orlando-bloom-confirment-enfin-leur-separation-ce-quils-ont-prevu-pour-leur-fille-daisy\" target=\"_blank\" rel=\"noopener\">sa rupture d&rsquo;avec Orlando Bloom<\/a>, apr\u00e8s neuf ans de vie commune, <strong>Katy Perry a \u00e9t\u00e9 aper\u00e7ue en d\u00e9but de semaine dans un restaurant montr\u00e9alais<\/strong> en charmante compagnie. Et ce n&rsquo;est pas n&rsquo;importe quelle compagnie puisque comme le r\u00e9v\u00e8lent les clich\u00e9s d\u00e9voil\u00e9s par TMZ, <a href=\"https:\/\/www.public.fr\/katy-perry-exit-orlando-bloom-la-chanteuse-apercue-en-train-de-diner-avec-un-celebre-premier-ministre\" target=\"_blank\" rel=\"noopener\">c&rsquo;est Justin Trudeau qui accompagnait la chanteuse<\/a> dans un charmant restaurant r\u00e9put\u00e9.<\/p>\n<p>Complices sans pour autant \u00eatre tr\u00e8s intimes, Katy Perry et l&rsquo;ex-Premier ministre du Canada sont depuis au c\u0153ur des rumeurs. Si les photos ne montrent aucun signe formel de liaison, les rumeurs vont bon train&#8230; <strong>Et celles-ci sont m\u00eame arriv\u00e9es jusqu&rsquo;aux oreilles d&rsquo;Orlando Bloom<\/strong> ! L&rsquo;int\u00e9ress\u00e9, qui n&rsquo;avait pas r\u00e9agi aux clich\u00e9s, a r\u00e9pondu subtilement \u00e0 des photos g\u00e9n\u00e9r\u00e9es par l&rsquo;intelligence artificielle&#8230;<\/p>\n<p>Angela Merkel entre dans le buzz malgr\u00e9 elle<\/p>\n<p>En effet, comme rep\u00e9r\u00e9 par plusieurs tablo\u00efds, le site satirique The Onion a cr\u00e9\u00e9 une fausse image sur laquelle <strong>Orlando Bloom appara\u00eet aux c\u00f4t\u00e9s d&rsquo;Angela Merkel<\/strong>. L&rsquo;acteur hollywoodien et <a href=\"https:\/\/vsd.fr\/25518-revelation-les-petits-secrets-dangela-merkel\/\" target=\"_blank\" rel=\"noopener\">l&rsquo;ex-chanceli\u00e8re allemande<\/a> partagent un d\u00eener romantique. Le site, semblable au Gorafi fran\u00e7ais, affirme que \u00ab\u00a0Orlando et Angela ne pouvaient pas se quitter des yeux\u00a0\u00bb. Un humour noir auquel Orlando Bloom a r\u00e9agi ! Sur Instagram, l&rsquo;ex de Katy Perry s&rsquo;est fendu d&rsquo;un commentaire succinct, <strong>avec trois emojis en train d&rsquo;applaudir<\/strong>.<\/p>\n<p>Justin Trudeau et Katy Perry se rapprochent<\/p>\n<p>Si le tablo\u00efd TMZ s&rsquo;\u00e9tait content\u00e9 de r\u00e9v\u00e9ler des clich\u00e9s du d\u00eener de Justin Trudeau et Katy Perry sans leur pr\u00eater quelconque liaison, <strong>People est all\u00e9 plus loin<\/strong>. Le tablo\u00efd a donn\u00e9 de plus amples informations ce samedi dans une enqu\u00eate. Selon plusieurs sources concordantes, la chanteuse et l&rsquo;homme politique <strong>auraient \u00e9t\u00e9 aper\u00e7us \u00e0 de nombreuses reprises ensemble<\/strong>, dans les rues de Montr\u00e9al, ces derniers jours. Les deux seraient complices, mais ne tiendraient pas, pour l&rsquo;heure, \u00e0 officialiser une histoire s\u00e9rieuse.<\/p>\n<p>\u00ab\u00a0<strong>Ils s&rsquo;int\u00e9ressent l&rsquo;un \u00e0 l&rsquo;autre, mais il faudra encore du temps pour voir o\u00f9 cela pourrait les mener<\/strong>. Elle voyage autour du monde et lui est en train de revoir sa vie, maintenant qu&rsquo;il n&rsquo;est plus Premier ministre. Mais ils sont tr\u00e8s attir\u00e9s l&rsquo;un par l&rsquo;autre et ont beaucoup de points communs\u00a0\u00bb a r\u00e9v\u00e9l\u00e9 une source myst\u00e9rieuse \u00e0 People. Le 30 juillet dernier, Katy Perry donnait un concert \u00e0 Montr\u00e9al, <strong>auquel Justin Trudeau a par ailleurs assist\u00e9<\/strong>. Alors, couple ou pas couple ?<\/p>\n<p>      Mentionn\u00e9s dans cet article<\/p>\n<p>      Sur le m\u00eame sujet<\/p>\n","protected":false},"excerpt":{"rendered":"R\u00e9sum\u00e9 Katy Perry et Justin Trudeau ont \u00e9t\u00e9 vus ensemble \u00e0 Montr\u00e9al, suscitant rumeurs, tandis qu&rsquo;Orlando Bloom a&hellip;\n","protected":false},"author":2,"featured_media":293687,"comment_status":"","ping_status":"","sticky":false,"template":"","format":"standard","meta":{"footnotes":""},"categories":[1359],"tags":[1376,1193,58,59,1011,27,15906,8553,33392,973,13559],"class_list":{"0":"post-293686","1":"post","2":"type-post","3":"status-publish","4":"format-standard","5":"has-post-thumbnail","7":"category-people","8":"tag-amour","9":"tag-couple","10":"tag-divertissement","11":"tag-entertainment","12":"tag-fr","13":"tag-france","14":"tag-justin-trudeau","15":"tag-katy-perry","16":"tag-orlando-bloom","17":"tag-people","18":"tag-rupture"},"share_on_mastodon":{"url":"https:\/\/pubeurope.com\/@fr\/114965226686599374","error":""},"_links":{"self":[{"href":"https:\/\/www.europesays.com\/fr\/wp-json\/wp\/v2\/posts\/293686","targetHints":{"allow":["GET"]}}],"collection":[{"href":"https:\/\/www.europesays.com\/fr\/wp-json\/wp\/v2\/posts"}],"about":[{"href":"https:\/\/www.europesays.com\/fr\/wp-json\/wp\/v2\/types\/post"}],"author":[{"embeddable":true,"href":"https:\/\/www.europesays.com\/fr\/wp-json\/wp\/v2\/users\/2"}],"replies":[{"embeddable":true,"href":"https:\/\/www.europesays.com\/fr\/wp-json\/wp\/v2\/comments?post=293686"}],"version-history":[{"count":0,"href":"https:\/\/www.europesays.com\/fr\/wp-json\/wp\/v2\/posts\/293686\/revisions"}],"wp:featuredmedia":[{"embeddable":true,"href":"https:\/\/www.europesays.com\/fr\/wp-json\/wp\/v2\/media\/293687"}],"wp:attachment":[{"href":"https:\/\/www.europesays.com\/fr\/wp-json\/wp\/v2\/media?parent=293686"}],"wp:term":[{"taxonomy":"category","embeddable":true,"href":"https:\/\/www.europesays.com\/fr\/wp-json\/wp\/v2\/categories?post=293686"},{"taxonomy":"post_tag","embeddable":true,"href":"https:\/\/www.europesays.com\/fr\/wp-json\/wp\/v2\/tags?post=293686"}],"curies":[{"name":"wp","href":"https:\/\/api.w.org\/{rel}","templated":true}]}}