{"id":293688,"date":"2025-08-03T14:08:10","date_gmt":"2025-08-03T14:08:10","guid":{"rendered":"https:\/\/www.europesays.com\/fr\/293688\/"},"modified":"2025-08-03T14:08:10","modified_gmt":"2025-08-03T14:08:10","slug":"jules-levasseur-designer-en-bourgogne-franche-comte-fan-du-metal","status":"publish","type":"post","link":"https:\/\/www.europesays.com\/fr\/293688\/","title":{"rendered":"Jules Levasseur, designer en Bourgogne-Franche-Comt\u00e9\u00a0: fan du m\u00e9tal"},"content":{"rendered":"\n<p class=\"article__paragraph article__paragraph--lf \">Dans la pittoresque ville de Semur-en-Auxois (C\u00f4te-d\u2019Or), on vient de loin ce printemps visiter la tour l\u00e9zard\u00e9e de l\u2019Orle d\u2019Or ou la coll\u00e9giale Notre-Dame, chef-d\u2019\u0153uvre de l\u2019art gothique bourguignon, pavois\u00e9e des derni\u00e8res f\u00eates m\u00e9di\u00e9vales en date. Les portes Sauvigny et Guillier une fois franchies, nous voil\u00e0 dans le centre historique, avec ses rues pav\u00e9es pentues, ses maisons \u00e0 colombages et ses boutiques d\u2019antiquit\u00e9s. Plus surprenante, pour le visiteur plut\u00f4t amateur d\u2019histoire, cette galerie qui, nich\u00e9e dans une b\u00e2tisse du XVIIe\u00a0si\u00e8cle de la rue Buffon, propose des lampes de style industriel et de fabrication locale.<\/p>\n<p class=\"article__paragraph article__paragraph--lf \">Jaunes, vertes, blanches\u2026 elles sont faites \u00e0 partir de chemins de c\u00e2bles \u2212 un produit pour \u00e9quipement \u00e9lectrique r\u00e9alis\u00e9 par l\u2019entreprise Mavil, situ\u00e9e dans le village voisin de Liernais (C\u00f4te-d\u2019Or) \u2212 que le designer Jules Levasseur, 35\u00a0ans, d\u00e9coupe, assemble et soude dans le double atelier \u00e0 l\u2019arri\u00e8re de sa galerie, donnant sur une cour arbor\u00e9e. Ici, il peut faire du bruit, scier le bois, cintrer le m\u00e9tal ou le souder \u00e0 sa guise. Ce dipl\u00f4m\u00e9 en\u00a02013 d\u2019un master de l\u2019Ecole sup\u00e9rieure d\u2019art et de design de Reims (Marne), et laur\u00e9at en\u00a02014 du Grand Prix de la cr\u00e9ation de la Ville de Paris, pratique un design hors des sentiers battus.<\/p>\n<p class=\"reading-mode-only \"><strong>Il vous reste 81.72% de cet article \u00e0 lire. La suite est r\u00e9serv\u00e9e aux abonn\u00e9s.<\/strong><\/p>\n","protected":false},"excerpt":{"rendered":"Dans la pittoresque ville de Semur-en-Auxois (C\u00f4te-d\u2019Or), on vient de loin ce printemps visiter la tour l\u00e9zard\u00e9e de&hellip;\n","protected":false},"author":2,"featured_media":293689,"comment_status":"","ping_status":"","sticky":false,"template":"","format":"standard","meta":{"footnotes":""},"categories":[1358],"tags":[1348,1384,1385,1386,58,59,1011,27],"class_list":{"0":"post-293688","1":"post","2":"type-post","3":"status-publish","4":"format-standard","5":"has-post-thumbnail","7":"category-arts-et-design","8":"tag-arts","9":"tag-arts-and-design","10":"tag-arts-et-design","11":"tag-design","12":"tag-divertissement","13":"tag-entertainment","14":"tag-fr","15":"tag-france"},"share_on_mastodon":{"url":"https:\/\/pubeurope.com\/@fr\/114965230642581006","error":""},"_links":{"self":[{"href":"https:\/\/www.europesays.com\/fr\/wp-json\/wp\/v2\/posts\/293688","targetHints":{"allow":["GET"]}}],"collection":[{"href":"https:\/\/www.europesays.com\/fr\/wp-json\/wp\/v2\/posts"}],"about":[{"href":"https:\/\/www.europesays.com\/fr\/wp-json\/wp\/v2\/types\/post"}],"author":[{"embeddable":true,"href":"https:\/\/www.europesays.com\/fr\/wp-json\/wp\/v2\/users\/2"}],"replies":[{"embeddable":true,"href":"https:\/\/www.europesays.com\/fr\/wp-json\/wp\/v2\/comments?post=293688"}],"version-history":[{"count":0,"href":"https:\/\/www.europesays.com\/fr\/wp-json\/wp\/v2\/posts\/293688\/revisions"}],"wp:featuredmedia":[{"embeddable":true,"href":"https:\/\/www.europesays.com\/fr\/wp-json\/wp\/v2\/media\/293689"}],"wp:attachment":[{"href":"https:\/\/www.europesays.com\/fr\/wp-json\/wp\/v2\/media?parent=293688"}],"wp:term":[{"taxonomy":"category","embeddable":true,"href":"https:\/\/www.europesays.com\/fr\/wp-json\/wp\/v2\/categories?post=293688"},{"taxonomy":"post_tag","embeddable":true,"href":"https:\/\/www.europesays.com\/fr\/wp-json\/wp\/v2\/tags?post=293688"}],"curies":[{"name":"wp","href":"https:\/\/api.w.org\/{rel}","templated":true}]}}