{"id":293692,"date":"2025-08-03T14:10:16","date_gmt":"2025-08-03T14:10:16","guid":{"rendered":"https:\/\/www.europesays.com\/fr\/293692\/"},"modified":"2025-08-03T14:10:16","modified_gmt":"2025-08-03T14:10:16","slug":"cyril-hanouna-impatient-il-promet-des-re","status":"publish","type":"post","link":"https:\/\/www.europesays.com\/fr\/293692\/","title":{"rendered":"Cyril Hanouna \u201cimpatient\u201d, il promet des r\u00e9 &#8230;"},"content":{"rendered":"<p>EN BREF<\/p>\n<ul class=\"bloc_resume_post_list\">\n<li>Cet \u00e9t\u00e9, Cyril Hanouna tease son retour \u00e0 la t\u00e9l\u00e9vision<br \/>\navec \u00ab\u00a0Tout beau, tout 9\u00a0\u00bb sur W9 en septembre prochain.<\/li>\n<li>L\u00a0\u00bb\u00e9mission promet de raviver l&rsquo;esprit de TPMP avec des<br \/>\nvisages familiers et quelques nouveaut\u00e9s.<\/li>\n<li>Sous la surveillance de M6, Hanouna devra respecter des<br \/>\nr\u00e8gles strictes pour \u00e9viter les pol\u00e9miques.<\/li>\n<\/ul>\n<p><a href=\"https:\/\/www.telestar.fr\/people\/cyril-hanouna-son-arrivee-sur-w9-chamboule-tout-et-ce-nest-pas-peu-de-le-dire-1733405\" target=\"_blank\" rel=\"noopener\"><br \/>\nCyril Hanouna<\/a> pr\u00e9pare son grand <strong>retour<\/strong> \u00e0 la<br \/>\nt\u00e9l\u00e9. Ce 2 ao\u00fbt, sur le r\u00e9seau social X (anciennement Twitter),<br \/>\nl\u2019animateur a post\u00e9 un <strong>message<\/strong> aussi<br \/>\n<strong>enthousiaste qu\u2019intrigant<\/strong>. \u201cLes ch\u00e9ris, demain<br \/>\non sera \u00e0 <strong>30 jours pile de la 1\u00e8re de TBT9<\/strong> sur @W9<br \/>\n\u00e0 18h45 ! Je ne vous cache pas que je suis trop<br \/>\n<strong>heureux<\/strong> de vous <strong>retrouver<\/strong> et trop<br \/>\n<strong>impatient<\/strong> !\u201d Et il ajoute une promesse<br \/>\nquotidienne : \u201c<strong>\u00c0 partir de demain je vous donnerai tous<br \/>\nles jours \u00e0 18h45 une info sur l\u2019\u00e9mission<\/strong>.\u201d<\/p>\n<p>Depuis la fin de <a href=\"https:\/\/www.telestar.fr\/actu_tv\/tpmp\/detruite-enora-malagre-revient-sur-sa-periode-tpmp-et-cest-edifiant-1733530\" target=\"_blank\" rel=\"noopener\"><br \/>\nTouche Pas \u00e0 Mon Poste<\/a> en f\u00e9vrier et la fermeture de C8,<br \/>\n<a href=\"https:\/\/www.telestar.fr\/actu_tv\/cyril-hanouna-et-anne-sophie-lapix-chez-m6-cette-figure-de-la-chaine-ne-sait-pas-quoi-en-penser-1733437\" target=\"_blank\" rel=\"noopener\"><br \/>\nl\u2019animateur Cyril Hanouna<\/a> ne s\u2019\u00e9tait pas exprim\u00e9 en d\u00e9tail sur<br \/>\nses <strong>projets<\/strong>. Mais \u00e0 un mois jour pour jour du<br \/>\nlancement de <a href=\"https:\/\/www.telestar.fr\/people\/tout-beau-tout-9-cette-chroniqueuse-speciale-qui-ne-devrait-pas-suivre-cyril-hanouna-sur-w9-1732820\" target=\"_blank\" rel=\"noopener\"><br \/>\nTout beau, tout 9<\/a>, pr\u00e9vu \u00e0 la rentr\u00e9e sur W9,<br \/>\nl\u2019animateur l\u00e8ve peu \u00e0 peu le voile. Plus qu\u2019un<br \/>\n<strong>retour<\/strong>, c\u2019est un <strong>nouveau d\u00e9part<\/strong><br \/>\navec une \u00e9quipe bien connue du public.<\/p>\n<p>\u201cTout beau, tout 9\u201d : un nouveau TPMP version W9<\/p>\n<p>Si le nom change, les visages ne seront pas inconnus. Le casting<br \/>\ndu nouveau talk-show promet de raviver <strong>l\u2019esprit<br \/>\nTPMP<\/strong> : <a href=\"https:\/\/www.telestar.fr\/people\/on-ma-diagnostique-une-maladie-qui-malheureusement-valerie-benaim-malade-elle-a-ete-operee-en-secret-1704862\" target=\"_blank\" rel=\"noopener\"><br \/>\nVal\u00e9rie Bena\u00efm<\/a>, <a href=\"https:\/\/www.telestar.fr\/people\/geraldine-maillet-grassement-payee-a-tpmp-son-rapport-a-largent-vient-dune-blessure-denfance-1714485\" target=\"_blank\" rel=\"noopener\"><br \/>\nG\u00e9raldine Maillet<\/a>, <strong>Raymond, Olivier Dartigolles, Fabien<br \/>\nLecoeuvre ou encore Michel Mary<\/strong> devraient r\u00e9pondre \u00e0<br \/>\nl\u2019appel. Mais Cyril Hanouna veut aussi injecter du<br \/>\n<strong>neuf<\/strong>. Selon Voici, des discussions sont<br \/>\nen cours avec <strong>J\u00e9r\u00f4me Anthony<\/strong> et l\u2019influenceuse<br \/>\n<strong>Jade Leboeuf.<\/strong><\/p>\n<p>Et pour faire patienter ses fans, l\u2019animateur a aussi lanc\u00e9 une<br \/>\nautre annonce sur X : \u201cLes ch\u00e9ries, <strong>ouverture des<br \/>\nplaces pour venir dans le public \u00e0 la rentr\u00e9e !!<\/strong>!\u201d<br \/>\nR\u00e9sultat : les commentaires ont afflu\u00e9. \u201c<strong>H\u00e2te<\/strong><br \/>\nde venir sur le nouveau plateau\u201d, \u201cBienvenue et beaucoup de<br \/>\n<strong>succ\u00e8s<\/strong> \u00e0 Cyril\u201d, \u201cVivement la<br \/>\n<strong>reprise<\/strong> !\u201d Le ton est donn\u00e9 : la Baba Family<br \/>\nest au taquet.<\/p>\n<p>Un retour sous surveillance, mais plein<br \/>\nde promesses<\/p>\n<p>Mais ce <strong>come-back<\/strong> ne sera pas sans garde-fous.<br \/>\nD\u00e9sormais sur le groupe M6, Cyril Hanouna devra respecter des<br \/>\nr\u00e8gles bien pr\u00e9cises. \u201c<strong>Pas de promotion de fake news,<br \/>\npas de d\u00e9bat politis\u00e9, pas d\u2019attaque ad hominem<\/strong>.\u201d a<br \/>\nrappel\u00e9 David Larramendy, pr\u00e9sident de M6, au Parisien.<br \/>\nLoin des pol\u00e9miques qui ont \u00e9maill\u00e9 la fin de TPMP, W9 veut une<br \/>\n\u00e9mission qui <strong>gratte mais proprement.<\/strong><\/p>\n<p>Reste que Cyril Hanouna conservera \u201c<strong>beaucoup de<br \/>\nlibert\u00e9<\/strong>\u201d, notamment pour rebondir sur<br \/>\n<strong>l\u2019actualit\u00e9<\/strong>. Une libert\u00e9 encadr\u00e9e, avec une<br \/>\npromesse : celle d\u2019un divertissement pur, \u201c<strong>pas une<br \/>\nar\u00e8ne politique<\/strong>\u201d. Tout beau, tout 9<br \/>\nsera-t-elle la <strong>renaissance<\/strong> r\u00e9ussie de Cyril<br \/>\nHanouna ? R\u00e9ponse dans un mois.<\/p>\n","protected":false},"excerpt":{"rendered":"EN BREF Cet \u00e9t\u00e9, Cyril Hanouna tease son retour \u00e0 la t\u00e9l\u00e9vision avec \u00ab\u00a0Tout beau, tout 9\u00a0\u00bb sur&hellip;\n","protected":false},"author":2,"featured_media":293693,"comment_status":"","ping_status":"","sticky":false,"template":"","format":"standard","meta":{"footnotes":""},"categories":[1356],"tags":[548,1083,58,59,1011,27,252,1364,2395],"class_list":{"0":"post-293692","1":"post","2":"type-post","3":"status-publish","4":"format-standard","5":"has-post-thumbnail","7":"category-television","8":"tag-article-simple","9":"tag-cyril-hanouna","10":"tag-divertissement","11":"tag-entertainment","12":"tag-fr","13":"tag-france","14":"tag-television","15":"tag-tv","16":"tag-w9"},"share_on_mastodon":{"url":"https:\/\/pubeurope.com\/@fr\/114965238491504344","error":""},"_links":{"self":[{"href":"https:\/\/www.europesays.com\/fr\/wp-json\/wp\/v2\/posts\/293692","targetHints":{"allow":["GET"]}}],"collection":[{"href":"https:\/\/www.europesays.com\/fr\/wp-json\/wp\/v2\/posts"}],"about":[{"href":"https:\/\/www.europesays.com\/fr\/wp-json\/wp\/v2\/types\/post"}],"author":[{"embeddable":true,"href":"https:\/\/www.europesays.com\/fr\/wp-json\/wp\/v2\/users\/2"}],"replies":[{"embeddable":true,"href":"https:\/\/www.europesays.com\/fr\/wp-json\/wp\/v2\/comments?post=293692"}],"version-history":[{"count":0,"href":"https:\/\/www.europesays.com\/fr\/wp-json\/wp\/v2\/posts\/293692\/revisions"}],"wp:featuredmedia":[{"embeddable":true,"href":"https:\/\/www.europesays.com\/fr\/wp-json\/wp\/v2\/media\/293693"}],"wp:attachment":[{"href":"https:\/\/www.europesays.com\/fr\/wp-json\/wp\/v2\/media?parent=293692"}],"wp:term":[{"taxonomy":"category","embeddable":true,"href":"https:\/\/www.europesays.com\/fr\/wp-json\/wp\/v2\/categories?post=293692"},{"taxonomy":"post_tag","embeddable":true,"href":"https:\/\/www.europesays.com\/fr\/wp-json\/wp\/v2\/tags?post=293692"}],"curies":[{"name":"wp","href":"https:\/\/api.w.org\/{rel}","templated":true}]}}