{"id":293694,"date":"2025-08-03T14:11:09","date_gmt":"2025-08-03T14:11:09","guid":{"rendered":"https:\/\/www.europesays.com\/fr\/293694\/"},"modified":"2025-08-03T14:11:09","modified_gmt":"2025-08-03T14:11:09","slug":"jean-jacques-goldman-pour-concretiser-avec-cette-immense-chanteuse-il-na-rien-lache","status":"publish","type":"post","link":"https:\/\/www.europesays.com\/fr\/293694\/","title":{"rendered":"Jean-Jacques Goldman : Pour concr\u00e9tiser avec cette immense chanteuse, il n\u2019a rien l\u00e2ch\u00e9"},"content":{"rendered":"<p>La suite apr\u00e8s la publicit\u00e9<\/p>\n<p>En 1995, l&rsquo;album D&rsquo;eux, fruit de la collaboration entre <a href=\"https:\/\/www.purepeople.com\/people\/jean-jacques-goldman_p288\" rel=\"nofollow noopener\" target=\"_blank\">Jean-Jacques Goldman<\/a> et <a href=\"https:\/\/www.purepeople.com\/people\/celine-dion_p53\" rel=\"nofollow noopener\" target=\"_blank\">C\u00e9line Dion, <\/a>sortait dans les bacs. Totalement conquis par le talent et la voix de la chanteuse canadienne, l&rsquo;artiste \u00ab\u00a0classait C\u00e9line dans le top 5 des grandes vocalistes mondiales, avec Aretha Franklin, son idole absolue, Barbra Streisand, Mariah Carey et Whitney Houston\u00a0\u00bb selon son ami et producteur Erick Benzi dans La Tribune Dimanche de ce 3 ao\u00fbt 2025. Un projet de collaboration qui s&rsquo;apparente \u00e0 de l&rsquo;obsession selon l&rsquo;hebdomadaire : \u00ab\u00a0Il est vraiment \u00e0 l&rsquo;origine de cette rencontre, avoue son ami. Jean-Jacques Goldman \u00e9tait tomb\u00e9 amoureux de sa voix.\u00a0\u00bb\u00a0<\/p>\n<p>Sur le plateau d&rsquo;Envoy\u00e9 sp\u00e9cial en 1995, il confiera : \u00ab\u00a0<strong>C&rsquo;est un projet qui m&rsquo;int\u00e9ressait, \u00e0 peu pr\u00e8s le seul auquel je r\u00eavais. J&rsquo;avais vraiment envie de travailler pour cette fille-la en particulier<\/strong>\u00ab\u00a0. D\u00e9termin\u00e9 \u00e0 collaborer avec elle, il \u00e9tait persuad\u00e9 d&rsquo;\u00eatre capable de sublimer sa voix et de la faire devenir une star \u00e0 l&rsquo;international, elle qui \u00e9tait encore parfois m\u00e9pris\u00e9e voire ignor\u00e9e en France. \u00ab\u00a0<strong>J&rsquo;avais l&rsquo;impression de savoir ce qu&rsquo;il lui fallait et de pouvoir l&rsquo;aider<\/strong>\u00ab\u00a0, dira-t-il.<\/p>\n<p>\u00ab\u00a0<strong>Il \u00e9tait convaincu que C\u00e9line pouvait conqu\u00e9rir la France<\/strong>, mais aussi le monde, avec des textes en fran\u00e7ais pas trop cr\u00e9tins et des musiques int\u00e9ressantes (&#8230;) Et puis il a toujours aim\u00e9 tendre la main aux artistes de vari\u00e9t\u00e9 m\u00e9pris\u00e9s par la critique; sans doute parce qu&rsquo;il avait \u00e9t\u00e9 \u00e9tiquet\u00e9 \u00ab\u00a0chanteur pour minettes\u00a0\u00bb \u00e0 ses d\u00e9buts \u00ab\u00a0, explique Erick Benzi.<\/p>\n<p>Jean-Jacques Goldman avait men\u00e9 son enqu\u00eate<\/p>\n<p>Mais attention, Jean-Jacques Goldman \u00ab\u00a0<strong>veut composer un album entier pour C\u00e9line Dion, sinon rien<\/strong>\u00ab\u00a0. C\u00e9line Dion d\u00e9couvre les chansons concoct\u00e9es par Jean-Jacques Goldman lors d&rsquo;un rendez-vous, au printemps 1994, dans un restaurant du quartier de l&rsquo;Op\u00e9ra, \u00e0 Paris. Pour s\u00e9duire la chanteuse avec ses textes, l&rsquo;artiste a men\u00e9 une v\u00e9ritable enqu\u00eate sur elle. \u00ab\u00a0<strong>Il a \u00e9cout\u00e9 ses chansons, lu et visionn\u00e9 toutes ses interviews pour lui offrir du sur-mesure<\/strong>\u00ab\u00a0, r\u00e9v\u00e8le son ami avant d&rsquo;ajouter : \u00ab\u00a0Ils sont repartis avec la cassette. Un mois plus tard, ils nous disaient \u00ab\u00a0banco\u00a0\u00bb\u00a0\u00bb. Il confie : \u00ab\u00a0Quand elle a entendu Pour que tu m&rsquo;aimes encore, elle \u00e9tait sinc\u00e8rement \u00e9mue. Elle a la larme facile, C\u00e9line, et Ren\u00e9 aussi&#8230; Entre elle et Jean-Jacques, j&rsquo;ai senti une esp\u00e8ce de s\u00e9duction par les chansons\u00a0\u00bb.<\/p>\n<p>Un r\u00eave devenu r\u00e9alit\u00e9<\/p>\n<p>Pour l&rsquo;enregistrement, <strong>Jean-Jacques Goldman r\u00e9serve 10 jours en 1994 au Studio Mega, porte de la Muette, \u00e0 Paris.<\/strong> Finalement en cinq jours, les douze chansons sont boucl\u00e9es. \u00ab\u00a0<strong>J&rsquo;avais un r\u00eave, et finalement la r\u00e9alit\u00e9 a \u00e9t\u00e9 aussi jolie et int\u00e9ressante<\/strong>\u00ab\u00a0, a ensuite indique l&rsquo;interpr\u00e8te du titre <a href=\"https:\/\/www.purepeople.com\/article\/jean-jacques-goldman-la-regrettee-sirima-avec-qui-il-a-chante-la-bas-detenait-une-information-majeure_a539822\/1\" rel=\"nofollow noopener\" target=\"_blank\">L\u00e0-bas<\/a>, d\u00e9finitivement conquis par le fruit de leur travail. La suite, on la connait. L&rsquo;album D&rsquo;eux et la chanson Pour que tu m&rsquo;aimes encore ont \u00e9t\u00e9 un succ\u00e8s ph\u00e9nom\u00e9nal dans le monde entier et le sont toujours aujourd&rsquo;hui. Nos confr\u00e8res r\u00e9v\u00e8lent qu&rsquo;une nouvelle collaboration entre les deux artistes pourrait sortir en septembre&#8230; Un album D&rsquo;eux num\u00e9ro deux ?<\/p>\n","protected":false},"excerpt":{"rendered":"La suite apr\u00e8s la publicit\u00e9 En 1995, l&rsquo;album D&rsquo;eux, fruit de la collaboration entre Jean-Jacques Goldman et C\u00e9line&hellip;\n","protected":false},"author":2,"featured_media":293695,"comment_status":"","ping_status":"","sticky":false,"template":"","format":"standard","meta":{"footnotes":""},"categories":[1355],"tags":[58,59,1011,27,1361,873],"class_list":{"0":"post-293694","1":"post","2":"type-post","3":"status-publish","4":"format-standard","5":"has-post-thumbnail","7":"category-musique","8":"tag-divertissement","9":"tag-entertainment","10":"tag-fr","11":"tag-france","12":"tag-music","13":"tag-musique"},"share_on_mastodon":{"url":"https:\/\/pubeurope.com\/@fr\/114965242391499790","error":""},"_links":{"self":[{"href":"https:\/\/www.europesays.com\/fr\/wp-json\/wp\/v2\/posts\/293694","targetHints":{"allow":["GET"]}}],"collection":[{"href":"https:\/\/www.europesays.com\/fr\/wp-json\/wp\/v2\/posts"}],"about":[{"href":"https:\/\/www.europesays.com\/fr\/wp-json\/wp\/v2\/types\/post"}],"author":[{"embeddable":true,"href":"https:\/\/www.europesays.com\/fr\/wp-json\/wp\/v2\/users\/2"}],"replies":[{"embeddable":true,"href":"https:\/\/www.europesays.com\/fr\/wp-json\/wp\/v2\/comments?post=293694"}],"version-history":[{"count":0,"href":"https:\/\/www.europesays.com\/fr\/wp-json\/wp\/v2\/posts\/293694\/revisions"}],"wp:featuredmedia":[{"embeddable":true,"href":"https:\/\/www.europesays.com\/fr\/wp-json\/wp\/v2\/media\/293695"}],"wp:attachment":[{"href":"https:\/\/www.europesays.com\/fr\/wp-json\/wp\/v2\/media?parent=293694"}],"wp:term":[{"taxonomy":"category","embeddable":true,"href":"https:\/\/www.europesays.com\/fr\/wp-json\/wp\/v2\/categories?post=293694"},{"taxonomy":"post_tag","embeddable":true,"href":"https:\/\/www.europesays.com\/fr\/wp-json\/wp\/v2\/tags?post=293694"}],"curies":[{"name":"wp","href":"https:\/\/api.w.org\/{rel}","templated":true}]}}