{"id":293698,"date":"2025-08-03T14:14:11","date_gmt":"2025-08-03T14:14:11","guid":{"rendered":"https:\/\/www.europesays.com\/fr\/293698\/"},"modified":"2025-08-03T14:14:11","modified_gmt":"2025-08-03T14:14:11","slug":"le-syndrome-de-pica-un-trouble-alimentaire-pas-comme-les-autres","status":"publish","type":"post","link":"https:\/\/www.europesays.com\/fr\/293698\/","title":{"rendered":"Le syndrome de Pica, un trouble alimentaire pas comme les autres !"},"content":{"rendered":"<blockquote>\n<p><strong>Certains enfants, adultes et m\u00eame des animaux consomment<br \/>\nfr\u00e9quemment des substances ou objets non nutritifs, par exemple du<br \/>\nm\u00e9tal, du papier ou du sable. Tr\u00e8s vaste, le syndrome de Pica est<br \/>\ng\u00e9n\u00e9ralement sans gravit\u00e9 mais parfois, peut tout de m\u00eame mettre en<br \/>\njeu le pronostic vital.<\/strong><\/p>\n<p>Une consommation volontaire, compulsive et persistante<\/p>\n<p>Le syndrome de Pica (ou Pica) est <strong>connu depuis<br \/>\nl\u2019Antiquit\u00e9<\/strong>. Rome importait des tablettes d\u2019argile venant<br \/>\nde certaines \u00eeles grecques pour servir de contre-poison, soigner<br \/>\nles femmes enceintes et faciliter l\u2019accouchement. Tout au long de<br \/>\nl\u2019histoire jusqu\u2019\u00e0 aujourd\u2019hui, les exemple de Pica sont tr\u00e8s<br \/>\nnombreux et concerne un <strong>large \u00e9ventail d\u2019objets et de types<br \/>\nde personnes<\/strong>. Par ailleurs, le syndrome de Pica est<br \/>\ng\u00e9n\u00e9ralement plut\u00f4t bien document\u00e9. Celui-ci est enseign\u00e9 <a href=\"https:\/\/www.msdmanuals.com\/fr\/accueil\/troubles-mentaux\/troubles-des-conduites-alimentaires\/pica\" target=\"_blank\" rel=\"noopener nofollow\">dans le Manuel MSD<\/a> et a fait<br \/>\nl\u2019objet d\u2019une <a href=\"https:\/\/pubmed.ncbi.nlm.nih.gov\/14615690\/\" target=\"_blank\" rel=\"noopener nofollow\">\u00e9tude descriptive men\u00e9e en<br \/>\nFrance<\/a> en 2003.<\/p>\n<p>Il est ici question d\u2019une <strong>consommation<br \/>\nvolontaire<\/strong>, compulsive \u2013 et surtout persistante \u2013 d\u2019objets<br \/>\nnon nutritifs. La liste de ces objets et substances est tr\u00e8s<br \/>\nlongue, voici quelques exemples : terre, craie, papier, m\u00e9tal,<br \/>\nplastique, sable, cendre, poussi\u00e8re etc. De plus, ce<br \/>\n<strong>trouble du comportement alimentaire<\/strong> peut concerner<br \/>\nde jeunes enfants (plus de deux ans), des adultes incluant des<br \/>\npersonnes du troisi\u00e8me \u00e2ge ou encore, des animaux.<\/p>\n<p>Sans grande surprise, les cas les plus communs et les plus<br \/>\nanciens <strong>sont relatifs \u00e0 la g\u00e9ophagie<\/strong>, c\u2019est \u00e0 dire<br \/>\nla consommation de terre (boue, argile), souvent pour des raisons<br \/>\nculturelles ou religieuses. Cependant, cette pratique peut<br \/>\n\u00e9galement \u00eatre associ\u00e9e \u00e0 la sant\u00e9, bien qu\u2019aucune preuve<br \/>\nscientifique n\u2019existe \u00e0 ce jour. En 2024, <a href=\"https:\/\/www.fastcompany.com\/91194983\/tiktok-trend-eating-dirt-to-reduce-wrinkles\" target=\"_blank\" rel=\"noopener nofollow\">une tendance sant\u00e9 sur TikTok<\/a><br \/>\nvantait ses m\u00e9rites, malgr\u00e9 la controverse.<\/p>\n<\/blockquote>\n<p><img loading=\"lazy\" data-lazyloaded=\"1\" decoding=\"async\" class=\"size-full wp-image-313501\" src=\"https:\/\/www.europesays.com\/fr\/wp-content\/uploads\/2025\/08\/iStock-636915072-scaled.jpg\" alt=\"manger terre sable\" width=\"2048\" height=\"1365\"  data-\/><\/p>\n<p class=\"istock-credit\" style=\"text-align:center\">Cr\u00e9dit :<br \/>\niStock<\/p>\n<p>Cr\u00e9dits : Denis Moskvinov \/ iStock<\/p>\n<blockquote><p>Des causes encore m\u00e9connues<\/p>\n<p>Le diagnostic est simple, n\u00e9cessitant un examen clinique ainsi<br \/>\nque des questions portant sur les habitudes de consommation du<br \/>\npatient. N\u00e9anmoins, certaines analyses peuvent \u00eatre pratiqu\u00e9es afin<br \/>\nde v\u00e9rifier la <strong>pr\u00e9sence d\u2019\u00e9ventuelles<br \/>\ncomplications<\/strong>. Les m\u00e9decins peuvent d\u00e9cider de v\u00e9rifier<br \/>\nl\u2019\u00e9tat nutritionnel g\u00e9n\u00e9ral, la possible pr\u00e9sence de sympt\u00f4mes<br \/>\nd\u2019obstruction du tube digestif ou autres d\u00e9rives. Il faut dire que<br \/>\ncertains objets peuvent rester <strong>coinc\u00e9s dans la gorge ou<br \/>\nl\u2019\u0153sophage<\/strong>, se montrer toxiques (m\u00e9taux lourds) et<br \/>\noccasionner des complications dentaires, entre autres.<\/p>\n<p>Il faut savoir que les facteurs du Pica restent encore m\u00e9connus,<br \/>\nbien que plusieurs hypoth\u00e8ses existent. Selon certains chercheurs,<br \/>\nle syndrome peut \u00eatre <strong>en lien avec des d\u00e9s\u00e9quilibres<br \/>\nnutritionnels<\/strong>, avoir des causes g\u00e9n\u00e9tiques ou encore,<br \/>\ncertains troubles d\u2019ordre psychologique comme le stress et<br \/>\nl\u2019anxi\u00e9t\u00e9. Il peut toutefois s\u2019agit de carences en vitamines ou<br \/>\nmin\u00e9raux ou certains facteurs environnementaux, par exemple un<br \/>\nacc\u00e8s difficile \u00e0 l\u2019alimentation.<\/p>\n<\/blockquote>\n","protected":false},"excerpt":{"rendered":"Certains enfants, adultes et m\u00eame des animaux consomment fr\u00e9quemment des substances ou objets non nutritifs, par exemple du&hellip;\n","protected":false},"author":2,"featured_media":293699,"comment_status":"","ping_status":"","sticky":false,"template":"","format":"standard","meta":{"footnotes":""},"categories":[10],"tags":[1011,27,72,71],"class_list":{"0":"post-293698","1":"post","2":"type-post","3":"status-publish","4":"format-standard","5":"has-post-thumbnail","7":"category-sante","8":"tag-fr","9":"tag-france","10":"tag-health","11":"tag-sante"},"share_on_mastodon":{"url":"https:\/\/pubeurope.com\/@fr\/114965254207538676","error":""},"_links":{"self":[{"href":"https:\/\/www.europesays.com\/fr\/wp-json\/wp\/v2\/posts\/293698","targetHints":{"allow":["GET"]}}],"collection":[{"href":"https:\/\/www.europesays.com\/fr\/wp-json\/wp\/v2\/posts"}],"about":[{"href":"https:\/\/www.europesays.com\/fr\/wp-json\/wp\/v2\/types\/post"}],"author":[{"embeddable":true,"href":"https:\/\/www.europesays.com\/fr\/wp-json\/wp\/v2\/users\/2"}],"replies":[{"embeddable":true,"href":"https:\/\/www.europesays.com\/fr\/wp-json\/wp\/v2\/comments?post=293698"}],"version-history":[{"count":0,"href":"https:\/\/www.europesays.com\/fr\/wp-json\/wp\/v2\/posts\/293698\/revisions"}],"wp:featuredmedia":[{"embeddable":true,"href":"https:\/\/www.europesays.com\/fr\/wp-json\/wp\/v2\/media\/293699"}],"wp:attachment":[{"href":"https:\/\/www.europesays.com\/fr\/wp-json\/wp\/v2\/media?parent=293698"}],"wp:term":[{"taxonomy":"category","embeddable":true,"href":"https:\/\/www.europesays.com\/fr\/wp-json\/wp\/v2\/categories?post=293698"},{"taxonomy":"post_tag","embeddable":true,"href":"https:\/\/www.europesays.com\/fr\/wp-json\/wp\/v2\/tags?post=293698"}],"curies":[{"name":"wp","href":"https:\/\/api.w.org\/{rel}","templated":true}]}}