{"id":293700,"date":"2025-08-03T14:15:12","date_gmt":"2025-08-03T14:15:12","guid":{"rendered":"https:\/\/www.europesays.com\/fr\/293700\/"},"modified":"2025-08-03T14:15:12","modified_gmt":"2025-08-03T14:15:12","slug":"marchand-grousset-et-le-relais-francais-brillent-en-argent-sur-le-4x100m-4-nages","status":"publish","type":"post","link":"https:\/\/www.europesays.com\/fr\/293700\/","title":{"rendered":"Marchand, Grousset et le relais fran\u00e7ais brillent en argent sur le 4x100m 4 nages"},"content":{"rendered":"<p>Ndoye-Brouard, Marchand, Grousset et Le Goff ont d\u00e9croch\u00e9 la m\u00e9daille d\u2019argent sur le 4x100m 4 nages ce dimanche \u00e0 Singapour.<\/p>\n<p class=\"fig-paragraph\">Bien emmen\u00e9 par ses stars\u00a0<a href=\"https:\/\/www.lefigaro.fr\/sports\/autres-sports\/en-direct-mondiaux-de-natation-deux-courses-pour-deux-medailles-leon-marchand-veut-finir-en-beaute-20250803\" data-fig-type=\"Live\" data-gtm-custom-categorie=\"navigation\" data-gtm-custom-action=\"crossclick\" data-gtm-custom-label=\"Contextuel\" data-gtm-event=\"customEventSPE\" data-fig-domain=\"LEFIGARO\" target=\"_blank\" rel=\"noopener\">L\u00e9on Marchand<\/a>\u00a0et\u00a0<a href=\"http:\/\/www.lefigaro.fr\/sports\/autres-sports\/mondiaux-de-natation-maxime-grousset-decroche-sa-deuxieme-medaille-d-or-sur-100m-papillon-20250802\" data-fig-type=\"NewsFlash\" data-gtm-custom-categorie=\"navigation\" data-gtm-custom-action=\"crossclick\" data-gtm-custom-label=\"Contextuel\" data-gtm-event=\"customEventSPE\" data-fig-domain=\"LEFIGARO\" target=\"_blank\" rel=\"noopener\">Maxime Grousset<\/a>, le relais fran\u00e7ais s\u2019est empar\u00e9 dimanche de l\u2019argent sur le 4&#215;100 m 4 nages aux Mondiaux \u00e0 Singapour, juste derri\u00e8re les nageurs russes sous banni\u00e8re neutre.<\/p>\n<p class=\"fig-paragraph\">En t\u00eate apr\u00e8s un 100 m canon de Grousset, double champion du monde sur 50 et 100 m papillon cette semaine, Yann Le Goff et les Bleus (3 min 27 sec 96) ont finalement \u00e9t\u00e9 devanc\u00e9s dans la derni\u00e8re longueur par le sprinteur Egor Kornev (3 min 26 sec 93).\u00a0\u00a0<\/p>\n<p>                                    <a class=\"fig-a11y-skip a11y-hidden\" href=\"#fig-a11y-skip-main-inarticle\"><br \/>\n        Passer la publicit\u00e9<br \/>\n    <\/a><\/p>\n<p class=\"fig-paragraph\">Le relais 4&#215;100 m 4 nages masculin, en bronze aux JO de Paris l\u2019\u00e9t\u00e9 dernier, d\u00e9croche la huiti\u00e8me et derni\u00e8re m\u00e9daille de la d\u00e9l\u00e9gation fran\u00e7aise \u00e0 Singapour.<\/p>\n<p class=\"fig-paragraph\"><strong>\u00c0 VOIR AUSSI \u2013 <\/strong>\u00abAux armes\u00a0!\u00bb\u00a0: l\u2019accueil exceptionnel des supporters de l\u2019OM \u00e0 Pierre-Emerick Aubameyang, de retour au club<\/p>\n","protected":false},"excerpt":{"rendered":"Ndoye-Brouard, Marchand, Grousset et Le Goff ont d\u00e9croch\u00e9 la m\u00e9daille d\u2019argent sur le 4x100m 4 nages ce dimanche&hellip;\n","protected":false},"author":2,"featured_media":293701,"comment_status":"","ping_status":"","sticky":false,"template":"","format":"standard","meta":{"footnotes":""},"categories":[9],"tags":[1011,27,13283,32778,5216,60],"class_list":{"0":"post-293700","1":"post","2":"type-post","3":"status-publish","4":"format-standard","5":"has-post-thumbnail","7":"category-sports","8":"tag-fr","9":"tag-france","10":"tag-leon-marchand","11":"tag-maxime-grousset","12":"tag-natation","13":"tag-sports"},"share_on_mastodon":{"url":"https:\/\/pubeurope.com\/@fr\/114965258351098122","error":""},"_links":{"self":[{"href":"https:\/\/www.europesays.com\/fr\/wp-json\/wp\/v2\/posts\/293700","targetHints":{"allow":["GET"]}}],"collection":[{"href":"https:\/\/www.europesays.com\/fr\/wp-json\/wp\/v2\/posts"}],"about":[{"href":"https:\/\/www.europesays.com\/fr\/wp-json\/wp\/v2\/types\/post"}],"author":[{"embeddable":true,"href":"https:\/\/www.europesays.com\/fr\/wp-json\/wp\/v2\/users\/2"}],"replies":[{"embeddable":true,"href":"https:\/\/www.europesays.com\/fr\/wp-json\/wp\/v2\/comments?post=293700"}],"version-history":[{"count":0,"href":"https:\/\/www.europesays.com\/fr\/wp-json\/wp\/v2\/posts\/293700\/revisions"}],"wp:featuredmedia":[{"embeddable":true,"href":"https:\/\/www.europesays.com\/fr\/wp-json\/wp\/v2\/media\/293701"}],"wp:attachment":[{"href":"https:\/\/www.europesays.com\/fr\/wp-json\/wp\/v2\/media?parent=293700"}],"wp:term":[{"taxonomy":"category","embeddable":true,"href":"https:\/\/www.europesays.com\/fr\/wp-json\/wp\/v2\/categories?post=293700"},{"taxonomy":"post_tag","embeddable":true,"href":"https:\/\/www.europesays.com\/fr\/wp-json\/wp\/v2\/tags?post=293700"}],"curies":[{"name":"wp","href":"https:\/\/api.w.org\/{rel}","templated":true}]}}