{"id":293704,"date":"2025-08-03T14:17:09","date_gmt":"2025-08-03T14:17:09","guid":{"rendered":"https:\/\/www.europesays.com\/fr\/293704\/"},"modified":"2025-08-03T14:17:09","modified_gmt":"2025-08-03T14:17:09","slug":"voici-la-toute-derniere-video-connue-dun-tigre-de-tasmanie-disparu-a-jamais","status":"publish","type":"post","link":"https:\/\/www.europesays.com\/fr\/293704\/","title":{"rendered":"Voici la toute derni\u00e8re vid\u00e9o connue d\u2019un tigre de Tasmanie, disparu \u00e0 jamais"},"content":{"rendered":"<p style=\"text-align: justify;\"><strong>Les Archives nationales du<br \/>\nfilm et du son d\u2019Australie (NFSA) ont r\u00e9cemment publi\u00e9 une vid\u00e9o,<br \/>\nd\u00e9crite comme le dernier film connu d\u2019un thylacine, aussi appel\u00e9<br \/>\ntigre de Tasmanie.<\/strong><\/p>\n<p>Une esp\u00e8ces disparue depuis pr\u00e8s d\u2019un si\u00e8cle<\/p>\n<p style=\"text-align: justify;\">Thylacinus cynocephalus,<br \/>\nun ancien marsupial carnivore, s\u2019est \u00e9teint en <a href=\"https:\/\/sciencepost.fr\/des-archeobotanistes-ont-decouvert-les-plus-ancien-aliments-vegetaux-cuisines-en-australie-il-y-a-65-000-ans\/\" target=\"_blank\" rel=\"noopener noreferrer nofollow\">Australie<\/a><br \/>\ncontinentale il y a environ 3 000 ans, probablement victime d\u2019une<br \/>\nconcurrence accrue avec un autre pr\u00e9dateur, le dingo. Toutefois,<br \/>\nune partie de la population de ces animaux a v\u00e9cu jusqu\u2019au 20e<br \/>\nsi\u00e8cle en Tasmanie, isol\u00e9e par l\u2019\u00e9l\u00e9vation du niveau de la mer il y<br \/>\na 14 000 ans.<\/p>\n<p style=\"text-align: justify;\">Malheureusement, consid\u00e9r\u00e9e il y a<br \/>\nun peu plus d\u2019un si\u00e8cle comme une menace pour le b\u00e9tail, le<br \/>\ngouvernement australien d\u00e9cida n\u00e9anmoins d\u2019an\u00e9antir l\u2019esp\u00e8ce. Le<br \/>\ntigre de Tasmanie fut alors l\u2019objet d\u2019une chasse intensive op\u00e9r\u00e9e<br \/>\nd\u00e8s le d\u00e9but des ann\u00e9es 1900.<\/p>\n<p style=\"text-align: justify;\">Des <a href=\"https:\/\/nature.com\/articles\/doi:10.1038\/s41559-017-0417-y\" target=\"_blank\" rel=\"noopener noreferrer nofollow\">analyses g\u00e9n\u00e9tiques<\/a>, faites<br \/>\nen 2017 par des chercheurs de l\u2019Universit\u00e9 d\u2019Ad\u00e9la\u00efde et de<br \/>\nl\u2019Universit\u00e9 de Melbourne, ont \u00e9galement r\u00e9v\u00e9l\u00e9 que le tigre de<br \/>\nTasmanie \u00e9tait en d\u00e9clin g\u00e9n\u00e9tique depuis au moins 70 000 ans, bien<br \/>\navant l\u2019arriv\u00e9e des premiers Hommes en Australie.<\/p>\n<p style=\"text-align: justify;\">Autrement dit, les humains auraient<br \/>\nfinalement pr\u00e9cipit\u00e9 vers l\u2019extinction une esp\u00e8ce d\u00e9j\u00e0 bien<br \/>\naffaiblie. Toujours est-il que les tigres de Tasmanie ont<br \/>\nofficiellement disparu en 1936, lorsque Benjamin \u2013 le dernier<br \/>\nd\u2019entre eux \u2013 est mort en captivit\u00e9 au zoo Beaumaris de Hobart<br \/>\n(Australie).<\/p>\n<p>Des images restaur\u00e9es<\/p>\n<p style=\"text-align: justify;\">Il ne reste pas beaucoup d\u2019images<br \/>\nde ces animaux. D\u2019o\u00f9 l\u2019importance de cette s\u00e9quence partag\u00e9e par la<br \/>\nNFSA et restaur\u00e9e num\u00e9riquement en 4K.<\/p>\n<p style=\"text-align: justify;\">Ces images de Benjamin, les<br \/>\nderni\u00e8res connues, ont \u00e9t\u00e9 film\u00e9es au zoo de Beaumaris au<br \/>\n<strong>mois de mars 1935<\/strong>, environ 18 mois avant son<br \/>\nd\u00e9c\u00e8s.<\/p>\n<blockquote class=\"twitter-tweet\" data-width=\"550\" data-dnt=\"true\">\n<p lang=\"en\" dir=\"ltr\">We have released 21-second newsreel clip<br \/>\nfeaturing the last known images of the extinct Thylacine, filmed in<br \/>\n1935, has been digitised in 4K and released.<\/p>\n<p>Be sure to check out the footage of this beautiful marsupial.<br \/>\n<a href=\"https:\/\/twitter.com\/hashtag\/NFSAOpenOnline?src=hash&amp;ref_src=twsrc%5Etfw\" rel=\"nofollow noopener\" target=\"_blank\"><br \/>\n#NFSAOpenOnline<\/a> <a href=\"https:\/\/twitter.com\/hashtag\/TasmanianTiger?src=hash&amp;ref_src=twsrc%5Etfw\" rel=\"nofollow noopener\" target=\"_blank\"><br \/>\n#TasmanianTiger<\/a><a href=\"https:\/\/t.co\/s3JSAnmFck\" rel=\"nofollow\">https:\/\/t.co\/s3JSAnmFck<\/a> <a href=\"https:\/\/t.co\/FSRYXCTTMy\" rel=\"nofollow\">pic.twitter.com\/FSRYXCTTMy<\/a><\/p>\n<p>\u2014 NFSA National Film and Sound Archive of Australia<br \/>\n(@NFSAonline) <a href=\"https:\/\/twitter.com\/NFSAonline\/status\/1262599231447003136?ref_src=twsrc%5Etfw\" rel=\"nofollow noopener\" target=\"_blank\"><br \/>\nMay 19, 2020<\/a><\/p>\n<\/blockquote>\n<p>  Et si le tigre de Tasmanie ne<br \/>\ns\u2019\u00e9tait jamais \u00e9teint ?<\/p>\n<p style=\"text-align: justify;\">Plusieurs rapports d\u2019observations<br \/>\nde ces animaux dans la nature ont en effet \u00e9t\u00e9 partag\u00e9s longtemps<br \/>\napr\u00e8s la mort de Benjamin, laissant \u00e0 penser que le tigre de<br \/>\nTasmanie serait finalement toujours en vie. En septembre 2019, le<br \/>\nD\u00e9partement des industries primaires, des parcs, de l\u2019eau et de<br \/>\nl\u2019environnement de Tasmanie a notamment publi\u00e9 un <a href=\"https:\/\/dpipwe.tas.gov.au\/Documents\/RTI%20025%20-%202019-20.pdf\" target=\"_blank\" rel=\"noopener noreferrer nofollow\">document<\/a> relatant<br \/>\nhuit observations possibles mais non v\u00e9rifi\u00e9es au cours des trois<br \/>\nann\u00e9es pr\u00e9c\u00e9dentes.<\/p>\n<p style=\"text-align: justify;\">Apr\u00e8s tout, cette <a href=\"https:\/\/sciencepost.fr\/une-tortue-geante-reperee-dans-les-galapagos-pour-la-premiere-fois-depuis-1906\/\" target=\"_blank\" rel=\"noopener noreferrer nofollow\">tortue g\u00e9ante a \u00e9t\u00e9<br \/>\nred\u00e9couverte sur une \u00eele des Galapagos<\/a> en 2019, soit 113 ans<br \/>\napr\u00e8s sa derni\u00e8re observation.<\/p>\n<p style=\"text-align: justify;\">N\u00e9anmoins, beaucoup restent<br \/>\nsceptiques. Une \u00e9tude <a href=\"https:\/\/www.iflscience.com\/plants-and-animals\/scientists-get-sassy-over-the-supposed-extinction-date-of-the-tasmanian-tiger\/all\/\" target=\"_blank\" rel=\"noopener noreferrer nofollow\">publi\u00e9e<\/a> en 2018 a<br \/>\nnotamment confirm\u00e9 que les thylacines \u00e9taient probablement \u00e9teints,<br \/>\nles chercheurs arguant qu\u2019il \u00e9tait vraisemblablement beaucoup plus<br \/>\nprobable que les rapports partag\u00e9s concernaient en r\u00e9alit\u00e9 des<br \/>\nobservations de renards ou de chiens.<\/p>\n<p style=\"text-align: justify;\">Un avis partag\u00e9 par le gouvernement<br \/>\ntasmanien qui, en l\u2019absence d\u2019empreinte ou m\u00eame de carcasse de ces<br \/>\nanimaux, souligne qu\u2019il n\u2019existe \u00e0 ce jour aucune preuve concluante<br \/>\nque l\u2019esp\u00e8ce ait effectivement surv\u00e9cu. Certains attribuent<br \/>\nn\u00e9anmoins l\u2019absence de traces de pas au caract\u00e8re principalement<br \/>\nrocailleux du sol de la r\u00e9gion, tandis que l\u2019absence de carcasses<br \/>\npourrait s\u2019expliquer par la pr\u00e9sence des diables de Tasmanie,<br \/>\nopportunistes et charognards.<\/p>\n<p style=\"text-align: justify;\">Malgr\u00e9 tout, cette vid\u00e9o est tout<br \/>\nde m\u00eame tr\u00e8s curieuse :<\/p>\n<p>Source<\/p>\n<p><script async src=\"https:\/\/platform.twitter.com\/widgets.js\" charset=\"utf-8\"><\/script><\/p>\n","protected":false},"excerpt":{"rendered":"Les Archives nationales du film et du son d\u2019Australie (NFSA) ont r\u00e9cemment publi\u00e9 une vid\u00e9o, d\u00e9crite comme le&hellip;\n","protected":false},"author":2,"featured_media":293705,"comment_status":"","ping_status":"","sticky":false,"template":"","format":"standard","meta":{"footnotes":""},"categories":[7],"tags":[1011,27,43,40,41,39,42,44],"class_list":{"0":"post-293704","1":"post","2":"type-post","3":"status-publish","4":"format-standard","5":"has-post-thumbnail","7":"category-sciences-et-technologies","8":"tag-fr","9":"tag-france","10":"tag-science","11":"tag-science-and-technology","12":"tag-sciences","13":"tag-sciences-et-technologies","14":"tag-technologies","15":"tag-technology"},"share_on_mastodon":{"url":"https:\/\/pubeurope.com\/@fr\/114965266023861497","error":""},"_links":{"self":[{"href":"https:\/\/www.europesays.com\/fr\/wp-json\/wp\/v2\/posts\/293704","targetHints":{"allow":["GET"]}}],"collection":[{"href":"https:\/\/www.europesays.com\/fr\/wp-json\/wp\/v2\/posts"}],"about":[{"href":"https:\/\/www.europesays.com\/fr\/wp-json\/wp\/v2\/types\/post"}],"author":[{"embeddable":true,"href":"https:\/\/www.europesays.com\/fr\/wp-json\/wp\/v2\/users\/2"}],"replies":[{"embeddable":true,"href":"https:\/\/www.europesays.com\/fr\/wp-json\/wp\/v2\/comments?post=293704"}],"version-history":[{"count":0,"href":"https:\/\/www.europesays.com\/fr\/wp-json\/wp\/v2\/posts\/293704\/revisions"}],"wp:featuredmedia":[{"embeddable":true,"href":"https:\/\/www.europesays.com\/fr\/wp-json\/wp\/v2\/media\/293705"}],"wp:attachment":[{"href":"https:\/\/www.europesays.com\/fr\/wp-json\/wp\/v2\/media?parent=293704"}],"wp:term":[{"taxonomy":"category","embeddable":true,"href":"https:\/\/www.europesays.com\/fr\/wp-json\/wp\/v2\/categories?post=293704"},{"taxonomy":"post_tag","embeddable":true,"href":"https:\/\/www.europesays.com\/fr\/wp-json\/wp\/v2\/tags?post=293704"}],"curies":[{"name":"wp","href":"https:\/\/api.w.org\/{rel}","templated":true}]}}