{"id":293710,"date":"2025-08-03T14:20:11","date_gmt":"2025-08-03T14:20:11","guid":{"rendered":"https:\/\/www.europesays.com\/fr\/293710\/"},"modified":"2025-08-03T14:20:11","modified_gmt":"2025-08-03T14:20:11","slug":"des-pointes-a-39-voire-40-c-possibles-la-canicule-de-retour-ce-qui-nous-attend-ces-prochains-jours","status":"publish","type":"post","link":"https:\/\/www.europesays.com\/fr\/293710\/","title":{"rendered":"\u00ab\u00a0Des pointes \u00e0 39 voire 40\u00a0\u00b0C possibles\u00a0\u00bb\u00a0: la canicule de retour, ce qui nous attend ces prochains jours"},"content":{"rendered":"<p class=\"paragraph text_align_left lp-f-body-02\">Remisez vos petites laines et ressortez vos ventilateurs car l\u2019\u00e9t\u00e9, qui s\u2019\u00e9tait assoupi ces quinze derniers jours, est de retour. Et pas qu\u2019un peu. \u00ab\u00a0<a href=\"https:\/\/www.leparisien.fr\/meteo\/nettement-plus-chaud-les-temperatures-vont-grimper-la-semaine-prochaine-le-mois-daout-pourrait-etre-caniculaire-31-07-2025-NYQV3DR6FFFADPIJQW6JGYO5ME.php\" target=\"_self\" rel=\"noopener\">Un pic de chaleur est attendu<\/a> entre le 6 et le 9\u00a0ao\u00fbt, pr\u00e9cise le cr\u00e9ateur du site meteo-paris.com, Guillaume S\u00e9chet.<\/p>\n<p class=\"paragraph text_align_left lp-f-body-02\">Si son intensit\u00e9 est encore \u00ab\u00a0incertaine\u00a0\u00bb, surtout sur le nord du pays, le m\u00e9t\u00e9orologue explique que \u00ab\u00a0le mod\u00e8le de pr\u00e9vision am\u00e9ricain\u00a0\u00bb annonce, dans le Sud et notamment le Sud-Ouest, \u00ab\u00a0des pointes \u00e0 39 voire 40\u00a0\u00b0C possibles\u00a0\u00bb.<\/p>\n<p><img decoding=\"async\" class=\"image \" loading=\"lazy\" src=\"https:\/\/www.europesays.com\/fr\/wp-content\/uploads\/2025\/08\/45WNBHHTANGW7BUGQHILJN4G4E.jpg\" alt=\"\" align=\"\" data-rubrique-principale=\"\" data-article-type=\"\" fetchpriority=\"auto\"\/><\/p>\n<p class=\"paragraph text_align_left lp-f-body-02\">Le souffle d\u2019air torride remonte comme souvent du sud de l\u2019Europe. \u00ab\u00a0\u00c0 partir de lundi, une masse d\u2019air tr\u00e8s chaud va s\u2019accumuler sur l\u2019Espagne, avec la mise en place d\u2019un v\u00e9ritable d\u00f4me de chaleur, d\u00e9taille R\u00e9gis Cr\u00e9pet, de la cha\u00eene M\u00e9t\u00e9o. Les temp\u00e9ratures y atteindront des niveaux exceptionnellement \u00e9lev\u00e9s, d\u00e9passant souvent 40 \u00e0 42\u00a0\u00b0C en Andalousie et m\u00eame jusqu\u2019\u00e0 45\u00a0\u00b0C localement du c\u00f4t\u00e9 de Cordoue ou S\u00e9ville.\u00a0\u00bb<\/p>\n<p class=\"paragraph text_align_left lp-f-body-02\">En France, le pr\u00e9visionniste estime que \u00ab\u00a0le seuil de canicule pourrait \u00eatre atteint dans plusieurs d\u00e9partements, en particulier <a href=\"https:\/\/www.leparisien.fr\/meteo\/canicule-de-25c-a-27c-dans-de-nombreuses-villes-une-nouvelle-nuit-tropicale-01-07-2025-IINUHREHFVHONI3YPQG2UVBBBA.php#:~:text=Canicule%20%3A%20de%2025%C2%B0C,nouvelle%20nuit%20tropicale%20%2D%20Le%20Parisien\" target=\"_self\" rel=\"noopener\">si les nuits restent chaudes<\/a> (valeurs minimales sup\u00e9rieures \u00e0 21\u00a0\u00b0C). Des valeurs records seraient atteintes et on pourrait d\u00e9passer 30 \u00e0 33\u00a0\u00b0C jusqu\u2019en r\u00e9gion parisienne ou dans le Val de Loire.\u00a0\u00bb<\/p>\n<p>Le Sud-Ouest particuli\u00e8rement concern\u00e9<\/p>\n<p class=\"paragraph text_align_left lp-f-body-02\">Les r\u00e9gions les plus concern\u00e9es devraient \u00eatre, selon la cha\u00eene sp\u00e9cialis\u00e9e, le quart sud-ouest, l\u2019Occitanie, une partie du Centre-Val de Loire, puis les Hauts-de-France en fin de semaine. Les temp\u00e9ratures maximales pourraient d\u00e9passer les normales de saison de 8 \u00e0 10 \u00b0C, \u00ab\u00a0avec un ressenti accablant en zone urbaine\u00a0\u00bb.<\/p>\n<p class=\"paragraph text_align_left lp-f-body-02\">Le contraste sera en tout cas saisissant au regard de la m\u00e9t\u00e9o frisquette de ces derni\u00e8res semaines. \u00c0 Dijon <a href=\"https:\/\/www.leparisien.fr\/cote-d-or-21\/\" target=\"_self\" rel=\"noopener\">(C\u00f4te d\u2019Or)<\/a>, Sarah a regard\u00e9 dans le r\u00e9troviseur et d\u00e9plore \u00ab\u00a0<a href=\"https:\/\/www.leparisien.fr\/meteo\/pluie-orages-fraicheur-ce-temps-pourri-ca-va-durer-longtemps-21-07-2025-WXNNX5KSL5ACXPRSY7IITLJS3A.php\" target=\"_self\" rel=\"noopener\">un mois de juillet bien pourri\u00a0<\/a>: beaucoup de pluie, de journ\u00e9es grises avec du vent et du froid\u00a0\u00bb.<\/p>\n<p class=\"paragraph text_align_left lp-f-body-02\">Les temp\u00e9ratures sont en moyenne deux degr\u00e9s sous la normale en France, dans la lign\u00e9e de la semaine derni\u00e8re, constatait jeudi dernier M\u00e9t\u00e9o France, qui avait m\u00eame not\u00e9 le retour de la neige en Savoie \u00e0 partir de 2\u00a0500\u00a0m d\u2019altitude.<\/p>\n<p class=\"paragraph text_align_left lp-f-body-02\">\u00ab\u00a0C\u2019est vrai que les quinze derniers jours n\u2019ont pas \u00e9t\u00e9 tops, mais le temps a \u00e9t\u00e9 nettement meilleur que l\u2019an dernier o\u00f9 l\u2019on avait connu entre la m\u00e9t\u00e9o, la morosit\u00e9 ambiante et la dissolution de l\u2019Assembl\u00e9e nationale, l\u2019un des pires mois de juillet de ces dix derni\u00e8res ann\u00e9es\u00a0\u00bb rappelle Didier Arino, du cabinet Protourisme.<\/p>\n<p class=\"paragraph text_align_left lp-f-body-02\">\u00ab\u00a0Ici, o\u00f9 je suis \u00e0 Arcachon, il y a eu du vent depuis une semaine, le temps a parfois \u00e9t\u00e9 un peu frais et gris, avec moins de monde \u00e0 la plage mais d\u00e8s que le soleil ressort, les rues se remplissent d\u2019un coup, confie le professionnel. D\u2019ailleurs, l\u00e0, il fait tr\u00e8s beau et je pars faire du bateau.\u00a0\u00bb<\/p>\n<p class=\"paragraph text_align_left lp-f-body-02\">C\u2019est qu\u2019en mati\u00e8re m\u00e9t\u00e9o, il y a les \u00e9ternels optimistes et les sempiternels pessimistes, dont certains n\u2019h\u00e9sitent pas \u00e0 surfer la vague du <a href=\"https:\/\/www.leparisien.fr\/environnement\/climat\/age-tendance-politique-metier-qui-sont-vraiment-les-climatosceptiques-31-10-2024-4VA7YEA5SBEX7FSAPJ4JVZBCHU.php\" target=\"_self\" rel=\"noopener\">climatoscepticisme<\/a>. \u00c0 l\u2019image de Stefano qui a post\u00e9 sur les r\u00e9seaux sociaux une vid\u00e9o de lui en voiture sous une pluie drue. \u00ab\u00a0Ah, il y en a vraiment ras le bol de ce r\u00e9chauffement climatique, ce n\u2019est plus supportable, on va mourir, br\u00fbler\u00a0\u00bb, ironise le grincheux.<\/p>\n<p class=\"paragraph text_align_left lp-f-body-02\">\u00ab\u00a0Du\u00a021 au 31\u00a0juillet, le temps a effectivement \u00e9t\u00e9 plus frais et juillet a m\u00eame \u00e9t\u00e9 plus froid que le mois de juin qui a atteint un niveau de temp\u00e9rature exceptionnel, ce qui ne s\u2019\u00e9tait pas produit depuis 2003, admet Guillaume S\u00e9chet. Mais si l\u2019on regarde les temp\u00e9ratures \u00e0 l\u2019\u00e9chelle du mois complet, juillet a \u00e9t\u00e9 plus chaud que la moyenne de +\u00a00,9\u00a0\u00b0C\u00a0\u00bb.<\/p>\n<p>Un d\u00e9but d\u2019\u00e9t\u00e9 le plus chaud depuis 2003<\/p>\n<p class=\"paragraph text_align_left lp-f-body-02\">\u00ab\u00a0\u00c0 celles et ceux qui disent que l\u2019\u00e9t\u00e9 est pourri parce qu\u2019ils ont eu trois gouttes sur le cr\u00e2ne, rappelons que du 1er\u00a0juin au 21\u00a0juillet, la France a connu son d\u00e9but d\u2019\u00e9t\u00e9 le plus chaud jamais enregistr\u00e9 depuis 2003\u00a0\u00bb, rench\u00e9rit sur son compte X l\u2019agroclimatologue Serge Zaka.<\/p>\n<blockquote class=\"twitter-tweet\">\n<p lang=\"fr\" dir=\"ltr\">Apr\u00e8s trois semaines particuli\u00e8rement favorables \u00e0 la croissance de nos cultures, la France (du moins sa moiti\u00e9 sud) s&rsquo;appr\u00eate \u00e0 renouer avec la m\u00eame configuration m\u00e9t\u00e9orologique qu&rsquo;en juin : des temp\u00e9ratures de 35 \u00e0 40+\u00b0C sur de vastes territoires d\u00e8s le 6 ao\u00fbt.<\/p>\n<p>Cette p\u00e9riode\u2026 <a href=\"https:\/\/t.co\/tSCyAZw2q2\">pic.twitter.com\/tSCyAZw2q2<\/a><\/p>\n<p>\u2014 Dr. Serge Zaka (Dr. Zarge) (@SergeZaka) <a href=\"https:\/\/twitter.com\/SergeZaka\/status\/1951187404443775258?ref_src=twsrc%5Etfw\" target=\"_blank\" rel=\"noopener\">August 1, 2025<\/a><\/p><\/blockquote>\n<p class=\"paragraph text_align_left lp-f-body-02\">\u00ab\u00a0Alors oui, il a peut-\u00eatre plu \u00e0 votre camping, ou l\u2019air \u00e9tait frais deux jours dans les Alpes mais le climat ne se r\u00e9sume pas \u00e0 votre serviette de plage, poursuit l\u2019homme au chapeau noir. Le r\u00e9chauffement ne dispara\u00eet pas parce que vous avez enfil\u00e9 un pull un soir.\u00a0\u00bb<\/p>\n<p class=\"paragraph text_align_left lp-f-body-02\">Si la m\u00e9t\u00e9o maussade de fin juillet a toutefois affect\u00e9 le moral de bon nombre de Fran\u00e7ais et de touristes, y compris au sud o\u00f9 <a href=\"https:\/\/www.leparisien.fr\/environnement\/jai-du-acheter-un-lycra-a-manches-longues-pour-nager-la-mediterranee-passe-en-mode-frisson-29-07-2025-OP6XZMCSCRGY3BJAVRWSBQLLWI.php\" target=\"_blank\" rel=\"noreferrer noopener\">l\u2019eau de la M\u00e9diterran\u00e9e \u00e9tait plus fra\u00eeche que celle de la Manche<\/a>, les climatologues, eux, se d\u00e9solent de voir de nouveau cet \u00e9t\u00e9 des records de chaleur tomber.<\/p>\n<p class=\"paragraph text_align_left lp-f-body-02\">\u00c0 l\u2019image de ces 50\u00a0\u00b0C atteints pour la premi\u00e8re fois en Turquie apr\u00e8s la mi-juillet. Pour la premi\u00e8re fois depuis le d\u00e9but des mesures, la temp\u00e9rature <a href=\"https:\/\/www.leparisien.fr\/meteo\/turquie-une-temperature-record-de-505-c-mesuree-dans-le-sud-est-du-pays-27-07-2025-HVJTIIM2GJBLRG3ENPVW4M2RIA.php\" target=\"_self\" rel=\"noopener\">a d\u00e9pass\u00e9 ce niveau en Anatolie du sud, pr\u00e8s de la fronti\u00e8re syrienne avec 50,5\u00a0\u00b0C mesur\u00e9s \u00e0 Silopi.<\/a><\/p>\n<p><script async src=\"https:\/\/platform.twitter.com\/widgets.js\" charset=\"utf-8\"><\/script><\/p>\n","protected":false},"excerpt":{"rendered":"Remisez vos petites laines et ressortez vos ventilateurs car l\u2019\u00e9t\u00e9, qui s\u2019\u00e9tait assoupi ces quinze derniers jours, est&hellip;\n","protected":false},"author":2,"featured_media":293711,"comment_status":"","ping_status":"","sticky":false,"template":"","format":"standard","meta":{"footnotes":""},"categories":[4],"tags":[11,1011,27,3746,2487,12,25],"class_list":{"0":"post-293710","1":"post","2":"type-post","3":"status-publish","4":"format-standard","5":"has-post-thumbnail","7":"category-france","8":"tag-actualites","9":"tag-fr","10":"tag-france","11":"tag-futurs","12":"tag-meteo","13":"tag-news","14":"tag-republique-francaise"},"share_on_mastodon":{"url":"https:\/\/pubeurope.com\/@fr\/114965277849357653","error":""},"_links":{"self":[{"href":"https:\/\/www.europesays.com\/fr\/wp-json\/wp\/v2\/posts\/293710","targetHints":{"allow":["GET"]}}],"collection":[{"href":"https:\/\/www.europesays.com\/fr\/wp-json\/wp\/v2\/posts"}],"about":[{"href":"https:\/\/www.europesays.com\/fr\/wp-json\/wp\/v2\/types\/post"}],"author":[{"embeddable":true,"href":"https:\/\/www.europesays.com\/fr\/wp-json\/wp\/v2\/users\/2"}],"replies":[{"embeddable":true,"href":"https:\/\/www.europesays.com\/fr\/wp-json\/wp\/v2\/comments?post=293710"}],"version-history":[{"count":0,"href":"https:\/\/www.europesays.com\/fr\/wp-json\/wp\/v2\/posts\/293710\/revisions"}],"wp:featuredmedia":[{"embeddable":true,"href":"https:\/\/www.europesays.com\/fr\/wp-json\/wp\/v2\/media\/293711"}],"wp:attachment":[{"href":"https:\/\/www.europesays.com\/fr\/wp-json\/wp\/v2\/media?parent=293710"}],"wp:term":[{"taxonomy":"category","embeddable":true,"href":"https:\/\/www.europesays.com\/fr\/wp-json\/wp\/v2\/categories?post=293710"},{"taxonomy":"post_tag","embeddable":true,"href":"https:\/\/www.europesays.com\/fr\/wp-json\/wp\/v2\/tags?post=293710"}],"curies":[{"name":"wp","href":"https:\/\/api.w.org\/{rel}","templated":true}]}}