{"id":293714,"date":"2025-08-03T14:23:17","date_gmt":"2025-08-03T14:23:17","guid":{"rendered":"https:\/\/www.europesays.com\/fr\/293714\/"},"modified":"2025-08-03T14:23:17","modified_gmt":"2025-08-03T14:23:17","slug":"saint-etienne-securisation-a-monthieu-suite-a-leffondrement-minier","status":"publish","type":"post","link":"https:\/\/www.europesays.com\/fr\/293714\/","title":{"rendered":"SAINT-\u00c9TIENNE : S\u00c9CURISATION \u00c0 MONTHIEU SUITE \u00c0 L&rsquo;EFFONDREMENT MINIER"},"content":{"rendered":"<p>                <a href=\"https:\/\/cadenceradio.fr\" target=\"_blank\" aria-label=\"Banni\u00e8re Cadence 2025\" rel=\"noopener\"><img loading=\"lazy\" decoding=\"async\" src=\"https:\/\/www.europesays.com\/fr\/wp-content\/uploads\/2025\/07\/Banniere-Cadence-2025-scaled.jpg\" alt=\"\"   width=\"2560\" height=\"738\"\/><\/a><\/p>\n<p>Ces interventions font suite \u00e0 l\u2019apparition d\u2019un gouffre d\u2019environ quinze m\u00e8tres de profondeur en mars 2021, caus\u00e9 par l\u2019affaissement d\u2019anciennes galeries mini\u00e8res souterraines.<\/p>\n<p>Les \u00e9quipes de chantier proc\u00e8dent actuellement \u00e0 la destruction des anciens locaux commerciaux. Cette phase de d\u00e9molition, programm\u00e9e jusqu\u2019au 1er ao\u00fbt, constitue le pr\u00e9alable n\u00e9cessaire aux travaux de s\u00e9curisation qui s\u2019\u00e9tendront jusqu\u2019aux mois de septembre ou octobre.<\/p>\n<p>Les \u00e9difices commercial  en friches de 1000 m\u00e8tres carr\u00e9s a d\u00e9j\u00e0 \u00e9t\u00e9 d\u00e9truit aux deux tiers selon un processus m\u00e9thodique. Nicolas Moulin, responsable des op\u00e9rations sur site, d\u00e9taille la proc\u00e9dure : tri pr\u00e9alable des mat\u00e9riaux (cloisons, papiers, bois), d\u00e9montage des fa\u00e7ades pr\u00e9fabriqu\u00e9es \u00e0 l\u2019aide d\u2019une grue, cr\u00e9ation d\u2019une s\u00e9paration physique entre les b\u00e2timents, d\u00e9coupe de la charpente et basculement contr\u00f4l\u00e9 de la structure vers le sol. Seul le magasin MRJ chaussures a \u00e9t\u00e9 \u00e9pargn\u00e9 par cette d\u00e9molition et pourra reprendre son activit\u00e9 une fois la zone enti\u00e8rement s\u00e9curis\u00e9e.<\/p>\n<p>SOLUTIONS TECHNIQUES POUR LA CONSOLIDATION DU SITE<\/p>\n<p>Une fois les op\u00e9rations de d\u00e9molition achev\u00e9es, les \u00e9quipes devront s\u2019atteler \u00e0 la s\u00e9curisation d\u00e9finitive du gouffre. Cette \u00e9tape n\u00e9cessite au pr\u00e9alable la r\u00e9alisation d\u2019expertises approfondies pour d\u00e9terminer la m\u00e9thode de consolidation la plus appropri\u00e9e et pr\u00e9venir tout nouvel affaissement.<\/p>\n<p>La solution privil\u00e9gi\u00e9e consiste en l\u2019installation d\u2019une dalle de b\u00e9ton pouvant atteindre cinquante centim\u00e8tres d\u2019\u00e9paisseur. Boris Delmas, ma\u00eetre d\u2019ouvrage du projet, pr\u00e9cise que ces \u00e9l\u00e9ments sont dimensionn\u00e9s en fonction des caract\u00e9ristiques g\u00e9otechniques du terrain.<\/p>\n<p>Une seconde option technique reste envisageable : la mise en place d\u2019un syst\u00e8me de bouchonnage. Cette m\u00e9thode consiste \u00e0 installer un plancher provisoire \u00e0 environ cinq m\u00e8tres de profondeur, puis \u00e0 proc\u00e9der au coulage de b\u00e9ton. Boris Delmas explique que les coefficients de s\u00e9curit\u00e9 appliqu\u00e9s permettent d\u2019\u00e9liminer tout risque d\u2019effondrement ult\u00e9rieur.<\/p>\n<p>DEVENIR INCERTAIN DE LA ZONE COMMERCIALE<\/p>\n<p>Une fois les travaux de s\u00e9curisation termin\u00e9s, le devenir de l\u2019ancien ensemble commercial demeure incertain. Transform\u00e9 en friche urbaine, ce secteur pourrait soit rester \u00e0 l\u2019abandon, soit faire l\u2019objet d\u2019un nouveau projet d\u2019am\u00e9nagement, sans qu\u2019aucune d\u00e9cision n\u2019ait encore \u00e9t\u00e9 prise concernant sa future affectation.<\/p>\n","protected":false},"excerpt":{"rendered":"Ces interventions font suite \u00e0 l\u2019apparition d\u2019un gouffre d\u2019environ quinze m\u00e8tres de profondeur en mars 2021, caus\u00e9 par&hellip;\n","protected":false},"author":2,"featured_media":293715,"comment_status":"","ping_status":"","sticky":false,"template":"","format":"standard","meta":{"footnotes":""},"categories":[9653],"tags":[1111,11,2430,1777,674,1011,27,3367,30898,12,25,4001,2086],"class_list":{"0":"post-293714","1":"post","2":"type-post","3":"status-publish","4":"format-standard","5":"has-post-thumbnail","7":"category-saint-etienne","8":"tag-actu","9":"tag-actualites","10":"tag-auvergne-rhone-alpes","11":"tag-eu","12":"tag-europe","13":"tag-fr","14":"tag-france","15":"tag-loire","16":"tag-monthieu","17":"tag-news","18":"tag-republique-francaise","19":"tag-saint-etienne","20":"tag-travaux"},"share_on_mastodon":{"url":"https:\/\/pubeurope.com\/@fr\/114965289564059368","error":""},"_links":{"self":[{"href":"https:\/\/www.europesays.com\/fr\/wp-json\/wp\/v2\/posts\/293714","targetHints":{"allow":["GET"]}}],"collection":[{"href":"https:\/\/www.europesays.com\/fr\/wp-json\/wp\/v2\/posts"}],"about":[{"href":"https:\/\/www.europesays.com\/fr\/wp-json\/wp\/v2\/types\/post"}],"author":[{"embeddable":true,"href":"https:\/\/www.europesays.com\/fr\/wp-json\/wp\/v2\/users\/2"}],"replies":[{"embeddable":true,"href":"https:\/\/www.europesays.com\/fr\/wp-json\/wp\/v2\/comments?post=293714"}],"version-history":[{"count":0,"href":"https:\/\/www.europesays.com\/fr\/wp-json\/wp\/v2\/posts\/293714\/revisions"}],"wp:featuredmedia":[{"embeddable":true,"href":"https:\/\/www.europesays.com\/fr\/wp-json\/wp\/v2\/media\/293715"}],"wp:attachment":[{"href":"https:\/\/www.europesays.com\/fr\/wp-json\/wp\/v2\/media?parent=293714"}],"wp:term":[{"taxonomy":"category","embeddable":true,"href":"https:\/\/www.europesays.com\/fr\/wp-json\/wp\/v2\/categories?post=293714"},{"taxonomy":"post_tag","embeddable":true,"href":"https:\/\/www.europesays.com\/fr\/wp-json\/wp\/v2\/tags?post=293714"}],"curies":[{"name":"wp","href":"https:\/\/api.w.org\/{rel}","templated":true}]}}