{"id":293718,"date":"2025-08-03T14:27:14","date_gmt":"2025-08-03T14:27:14","guid":{"rendered":"https:\/\/www.europesays.com\/fr\/293718\/"},"modified":"2025-08-03T14:27:14","modified_gmt":"2025-08-03T14:27:14","slug":"medievales-en-plein-moyen-age-la-garde-fait-le-plein-et-il-reste-encore-une-soiree","status":"publish","type":"post","link":"https:\/\/www.europesays.com\/fr\/293718\/","title":{"rendered":"M\u00e9di\u00e9vales: en plein Moyen-\u00c2ge, La Garde fait le plein (et il reste encore une soir\u00e9e)"},"content":{"rendered":"<p>Depuis vendredi soir, gentes damoiselles, chevaliers et troubadours ont envahi le centre-ville de La Garde. Le public, venu en nombre, en redemande. Et \u00e7a tombe bien la f\u00eate n\u2019est pas termin\u00e9e. Rendez-vous ce dimanche soir \u00e0 partir de 19h. Retour en images sur ce que vous pourrez y trouver.<\/p>\n<p>La Garde Des M\u00e9di\u00e9vales sans chevalier? Impossible! Bien \u00e9videmment, donc, si vous sortez fl\u00e2ner ce dimanche soir dans le centre-ville pour la derni\u00e8re des trois soir\u00e9es des M\u00e9di\u00e9vales 2025, vous en croiserez \u00e0 tous les coins de rues. En armures, heaumes et habits d\u2019\u00e9poque qui vont bien (mais qui doivent tenir diablement chaud!), d\u00e9ambulant&#8230; ou croisant le fer! Comme ici o\u00f9 L\u2019Estienne (\u00e0 gauche) et La Griotte, soldats de la troupe des Medio Evo, combattent avec de lourdes \u00e9p\u00e9es sous les yeux des passants ravis. Une initiation, th\u00e9orique puis pratique, aux techniques de combat au Moyen-\u00c2ge est \u00e9galement propos\u00e9e sur l\u2019esplanade G\u00e9rard-Philippe, gr\u00e2ce \u00e0 l\u2019association La Crois\u00e9e des lames.<\/p>\n<p>              <img ci-src=\"https:\/\/www.varmatin.com\/festivites\/unnamed%20%2853%29-TJeiBUWu.jpg?ci_seal=0156d264d3\" alt=\"\"\/><br \/>\n         <strong>Photo Val\u00e9rie Le Parc.<\/strong> <\/p>\n<p>Si vous \u00eates amateur de th\u00e9\u00e2tre de rue, c\u2019est par l\u00e0 que \u00e7a se passe! Plusieurs troupes se d\u00e9placent de place en place pour vous livrer leurs prestations de grande qualit\u00e9 (ici L\u2019improbable qu\u00eate &#8211; excellent! &#8211; par les Maroufles). C\u2019est tant\u00f4t dr\u00f4le, tant\u00f4t po\u00e9tique, toujours rythm\u00e9, et tr\u00e8s adapt\u00e9 (aussi) aux enfants. Sans oublier les troupes musicales et dansantes, ou encore les jongleurs, qui se chargent parfaitement de mettre tout le monde dans le bain m\u00e9di\u00e9val. Procurez-vous un programme et ne ratez rien! Essayez, du moins.<\/p>\n<p>              <img ci-src=\"https:\/\/www.varmatin.com\/festivites\/unnamed%20%2854%29-9jDOvMqI.jpg?ci_seal=984d6020c0\" alt=\"\"\/><br \/>\n         <strong>Photo Val\u00e9rie Le Parc.<\/strong> <\/p>\n<p>Des ateliers de d\u00e9monstration et d\u2019initiation aux m\u00e9tiers du Moyen-\u00c2ge sont propos\u00e9s sur la place de la R\u00e9publique et dans les rues du vieux village m\u00e9di\u00e9val. Et c\u2019est plut\u00f4t impressionnant de voir travailler ces artisans avec les outils de l\u2019\u00e9poque. Vous r\u00eavez ainsi de vous mettre dans la peau d\u2019un tourneur sur bois, d\u2019une lavandi\u00e8re, d\u2019un ma\u00eetre d\u2019\u0153uvre, d\u2019un souffleur de verre, d\u2019un forgeron? De d\u00e9couvrir le travail du cuir, la calligraphie, l\u2019art de la fresque? De tout savoir sur la vie des chevaliers et les rituels des repas? Montez sur votre destrier et prenez la route d\u00e8s \u00e0 pr\u00e9sent!<\/p>\n<p>              <img ci-src=\"https:\/\/www.varmatin.com\/festivites\/unnamed%20%2855%29-8J58bHkT.jpg?ci_seal=84a6a47db5\" alt=\"\"\/><br \/>\n         <strong>Photo Val\u00e9rie Le Parc.<\/strong> <\/p>\n<p>Des jeux en bois ont \u00e9t\u00e9 install\u00e9s un peu partout dans la ville, et mis \u00e0 disposition des enfants. Des jeux de construction en acc\u00e8s libre, mais aussi des jeux de table m\u00e9di\u00e9vaux, ou encore des jeux g\u00e9ants, comme cette \u00ab\u00a0grande\u00a0\u00bb roue prise d\u2019assaut sur la place G\u00e9rard-Philippe. Par ailleurs, pour ceux qui ont le courage, ne ratez pas le grand rendez-vous de ce dimanche soir: la mont\u00e9e aux flambeaux vers la chapelle romane. D\u00e9part pr\u00e9vu du parvis de l\u2019\u00e9glise \u00e0 21h30.<\/p>\n<p>              <img ci-src=\"https:\/\/www.varmatin.com\/festivites\/unnamed%20%2856%29-fkPWem4q.jpg?ci_seal=1d19ad23fc\" alt=\"\"\/><br \/>\n         <strong>Photo Val\u00e9rie Le Parc.<\/strong> <\/p>\n<p>La tradition m\u00e9di\u00e9vale tourne aussi autour de la bonne ch\u00e8re. De nombreuses tavernes \u00e9ph\u00e9m\u00e8res ont donc \u00e9clos ici et l\u00e0, proposant des plats plus ou moins typiques de l\u2019\u00e9poque, mais permettant largement de se remplir la panse&#8230; et le gosier. En t\u00e9moignent les looongues files d\u2019attente pour se procurer une chope de cervoise bien fra\u00eeche. Alors, et ce n\u2019est pas le d\u00e9fi le plus mince, ne reste plus qu\u2019\u00e0 se d\u00e9goter une petite place \u00e0 l\u2019une des grandes tables conviviales.<\/p>\n<p>              <img ci-src=\"https:\/\/www.varmatin.com\/festivites\/unnamed+%2857%29-ZBr26HTU.jpg?vh=7f0765&amp;ci_seal=5746ca8443\" alt=\"\"\/><br \/>\n         <strong>Photo Val\u00e9rie Le Parc.<\/strong> <\/p>\n<p>Le spectacle de feu aura-t-il lieu ce soir? Si la m\u00e9t\u00e9o le veut bien! Et, surtout, si le vent se calme enfin. Vendredi et hier, par mesure de s\u00e9curit\u00e9, la prestation tant attendue par les spectateurs entass\u00e9s dans l\u2019amphith\u00e9\u00e2tre a ainsi d\u00fb \u00eatre remplac\u00e9e au pied lev\u00e9 par un spectacle de manipulation d\u2019objets phosphorescents et de lasers, qui, \u00e0 d\u00e9faut d\u2019avoir fait pousser des cris d\u2019admiration ou de frisson, a tout de m\u00eame offert un joli spectacle de lumi\u00e8re.<\/p>\n","protected":false},"excerpt":{"rendered":"Depuis vendredi soir, gentes damoiselles, chevaliers et troubadours ont envahi le centre-ville de La Garde. Le public, venu&hellip;\n","protected":false},"author":2,"featured_media":293719,"comment_status":"","ping_status":"","sticky":false,"template":"","format":"standard","meta":{"footnotes":""},"categories":[9619],"tags":[1111,11,1777,674,7186,1011,27,12,882,25,2310],"class_list":{"0":"post-293718","1":"post","2":"type-post","3":"status-publish","4":"format-standard","5":"has-post-thumbnail","7":"category-toulon","8":"tag-actu","9":"tag-actualites","10":"tag-eu","11":"tag-europe","12":"tag-festivites","13":"tag-fr","14":"tag-france","15":"tag-news","16":"tag-provence-alpes-cote-dazur","17":"tag-republique-francaise","18":"tag-toulon"},"share_on_mastodon":{"url":"https:\/\/pubeurope.com\/@fr\/114965305302498768","error":""},"_links":{"self":[{"href":"https:\/\/www.europesays.com\/fr\/wp-json\/wp\/v2\/posts\/293718","targetHints":{"allow":["GET"]}}],"collection":[{"href":"https:\/\/www.europesays.com\/fr\/wp-json\/wp\/v2\/posts"}],"about":[{"href":"https:\/\/www.europesays.com\/fr\/wp-json\/wp\/v2\/types\/post"}],"author":[{"embeddable":true,"href":"https:\/\/www.europesays.com\/fr\/wp-json\/wp\/v2\/users\/2"}],"replies":[{"embeddable":true,"href":"https:\/\/www.europesays.com\/fr\/wp-json\/wp\/v2\/comments?post=293718"}],"version-history":[{"count":0,"href":"https:\/\/www.europesays.com\/fr\/wp-json\/wp\/v2\/posts\/293718\/revisions"}],"wp:featuredmedia":[{"embeddable":true,"href":"https:\/\/www.europesays.com\/fr\/wp-json\/wp\/v2\/media\/293719"}],"wp:attachment":[{"href":"https:\/\/www.europesays.com\/fr\/wp-json\/wp\/v2\/media?parent=293718"}],"wp:term":[{"taxonomy":"category","embeddable":true,"href":"https:\/\/www.europesays.com\/fr\/wp-json\/wp\/v2\/categories?post=293718"},{"taxonomy":"post_tag","embeddable":true,"href":"https:\/\/www.europesays.com\/fr\/wp-json\/wp\/v2\/tags?post=293718"}],"curies":[{"name":"wp","href":"https:\/\/api.w.org\/{rel}","templated":true}]}}