{"id":293720,"date":"2025-08-03T14:28:09","date_gmt":"2025-08-03T14:28:09","guid":{"rendered":"https:\/\/www.europesays.com\/fr\/293720\/"},"modified":"2025-08-03T14:28:09","modified_gmt":"2025-08-03T14:28:09","slug":"toulon-sur-arroux-cinquante-toiles-de-charles-laberne-exposees-a-leglise-romane","status":"publish","type":"post","link":"https:\/\/www.europesays.com\/fr\/293720\/","title":{"rendered":"Toulon-sur-Arroux. Cinquante toiles de Charles Laberne expos\u00e9es \u00e0 l\u2019\u00e9glise romane"},"content":{"rendered":"<p>C\u2019est une exposition \u00e9maill\u00e9e de souvenirs pour les Toulonnais qui est propos\u00e9e par les Amis du Dardon en l\u2019\u00e9glise romane de Toulon-sur-Arroux. Gr\u00e2ce \u00e0 l\u2019investissement de son ex-belle-fille Claudine aid\u00e9e par son mari Beno\u00eet, une partie de l\u2019\u0153uvre de Charles Laberne est ressortie de ses cartons.<\/p>\n<p>N\u00e9 en 1909, Charles Laberne, m\u00eame s\u2019il est originaire du Doubs, a pass\u00e9 la majeure partie de sa vie \u00e0 Toulon-sur-Arroux. En 1935, ce pharmacien de profession s\u2019installe avec son \u00e9pouse Marie dans son officine de la rue Philibert-Commerson. \u00ab\u00a0Le&#8230;<\/p>\n","protected":false},"excerpt":{"rendered":"C\u2019est une exposition \u00e9maill\u00e9e de souvenirs pour les Toulonnais qui est propos\u00e9e par les Amis du Dardon en&hellip;\n","protected":false},"author":2,"featured_media":293721,"comment_status":"","ping_status":"","sticky":false,"template":"","format":"standard","meta":{"footnotes":""},"categories":[9619],"tags":[1111,11,12568,1777,674,107,1011,27,14000,12,882,25,104,2310,13999,1631],"class_list":{"0":"post-293720","1":"post","2":"type-post","3":"status-publish","4":"format-standard","5":"has-post-thumbnail","7":"category-toulon","8":"tag-actu","9":"tag-actualites","10":"tag-edition-montceau-les-mines","11":"tag-eu","12":"tag-europe","13":"tag-fil-info","14":"tag-fr","15":"tag-france","16":"tag-montceau-les-mines-bassin","17":"tag-news","18":"tag-provence-alpes-cote-dazur","19":"tag-republique-francaise","20":"tag-societe","21":"tag-toulon","22":"tag-toulon-sur-arroux","23":"tag-vie-associative"},"share_on_mastodon":{"url":"https:\/\/pubeurope.com\/@fr\/114965309221287018","error":""},"_links":{"self":[{"href":"https:\/\/www.europesays.com\/fr\/wp-json\/wp\/v2\/posts\/293720","targetHints":{"allow":["GET"]}}],"collection":[{"href":"https:\/\/www.europesays.com\/fr\/wp-json\/wp\/v2\/posts"}],"about":[{"href":"https:\/\/www.europesays.com\/fr\/wp-json\/wp\/v2\/types\/post"}],"author":[{"embeddable":true,"href":"https:\/\/www.europesays.com\/fr\/wp-json\/wp\/v2\/users\/2"}],"replies":[{"embeddable":true,"href":"https:\/\/www.europesays.com\/fr\/wp-json\/wp\/v2\/comments?post=293720"}],"version-history":[{"count":0,"href":"https:\/\/www.europesays.com\/fr\/wp-json\/wp\/v2\/posts\/293720\/revisions"}],"wp:featuredmedia":[{"embeddable":true,"href":"https:\/\/www.europesays.com\/fr\/wp-json\/wp\/v2\/media\/293721"}],"wp:attachment":[{"href":"https:\/\/www.europesays.com\/fr\/wp-json\/wp\/v2\/media?parent=293720"}],"wp:term":[{"taxonomy":"category","embeddable":true,"href":"https:\/\/www.europesays.com\/fr\/wp-json\/wp\/v2\/categories?post=293720"},{"taxonomy":"post_tag","embeddable":true,"href":"https:\/\/www.europesays.com\/fr\/wp-json\/wp\/v2\/tags?post=293720"}],"curies":[{"name":"wp","href":"https:\/\/api.w.org\/{rel}","templated":true}]}}