{"id":293726,"date":"2025-08-03T14:31:09","date_gmt":"2025-08-03T14:31:09","guid":{"rendered":"https:\/\/www.europesays.com\/fr\/293726\/"},"modified":"2025-08-03T14:31:09","modified_gmt":"2025-08-03T14:31:09","slug":"chaleur-et-soleil-ou-pluie-et-froid-la-meteo-de-la-semaine-a-rouen-et-au-havre","status":"publish","type":"post","link":"https:\/\/www.europesays.com\/fr\/293726\/","title":{"rendered":"Chaleur et soleil ou pluie et froid ? La m\u00e9t\u00e9o de la semaine \u00e0 Rouen et au Havre"},"content":{"rendered":"<p>            Par<br \/>\n        <strong><br \/>\n            <a href=\"https:\/\/actu.fr\/auteur\/julien-bouteiller\" title=\"Consulter tous les articles de Julien Bouteiller\" rel=\"nofollow noopener\" target=\"_blank\">Julien Bouteiller<\/a><br \/>\n        <\/strong><\/p>\n<p>        Publi\u00e9 le<\/p>\n<p>            3 ao\u00fbt 2025 \u00e0 15h47        <\/p>\n<p>Apr\u00e8s un mois de juillet pluvieux, aura-t-on un mois d\u2019ao\u00fbt 2025 plus estival ? On fait d\u00e9j\u00e0 le point sur <strong>les pr\u00e9visions de M\u00e9t\u00e9o France<\/strong> <a href=\"https:\/\/actu.fr\/normandie\/rouen_76540\" rel=\"nofollow noopener\" target=\"_blank\">\u00e0 Rouen<\/a> et <a href=\"https:\/\/actu.fr\/normandie\/le-havre_76351\" rel=\"nofollow noopener\" target=\"_blank\">au Havre<\/a> pour cette semaine du 4 ao\u00fbt.<\/p>\n<p>Du beau temps cette semaine<\/p>\n<p class=\" wall-content\">Lundi matin, on se r\u00e9veillera sous un ciel tr\u00e8s nuageux, mais avec des temp\u00e9ratures de 20 et 21\u00b0C au Havre et \u00e0 Rouen. Dans l\u2019apr\u00e8s-midi, <strong>les nuages s\u2019\u00e9vacueront<\/strong> un peu laissant place \u00e0 un beau soleil et jusqu\u2019\u00e0 26\u00b0C \u00e0 Rouen.<\/p>\n<p class=\" wall-content\">Mardi, pas un nuage \u00e0 l\u2019horizon et<strong> des temp\u00e9ratures d\u00e9j\u00e0 agr\u00e9ables<\/strong> dans la matin\u00e9e, autour de 19\u00b0C. Le ciel et les temp\u00e9ratures ne bougeront gu\u00e8re dans l\u2019apr\u00e8s-midi.<\/p>\n<p class=\" wall-content\">Mercredi matin, pas de changement c\u00f4t\u00e9 mercure sous un ciel voil\u00e9. Ce dernier persistera l\u2019apr\u00e8s-midi et le thermom\u00e8tre grimpera<strong> jusqu\u2019\u00e0 25\u00b0C \u00e0 Rouen.<\/strong><\/p>\n<p class=\" wall-content\">Jeudi, le ciel se d\u00e9couvrira \u00e0 nouveau pour laisser place au soleil. On attendra jusqu\u2019\u00e0 23\u00b0C au Havre.<\/p>\n<p>Quelle m\u00e9t\u00e9o ce weekend ?<\/p>\n<p class=\" wall-content\">Les nuages reviendront vendredi, laissant toutefois passer de belles \u00e9claircies. Il fera toujours aussi doux de 21\u00b0C au Havre jusqu\u2019\u00e0 24\u00b0C \u00e0 Rouen.<\/p>\n<p class=\" wall-content\">Samedi,<strong> il y aura un peu plus de nuages<\/strong> \u00e0 Rouen qu\u2019au Havre mais le ciel se d\u00e9gagera ensuite dans l\u2019apr\u00e8s-midi.<\/p>\n<p class=\" wall-content\">Enfin, dimanche, on retrouvera <strong>un temps totalement clair<\/strong> dans l\u2019apr\u00e8s-midi, avec d\u2019agr\u00e9ables temp\u00e9ratures.<\/p>\n<p>Suivez l\u2019actualit\u00e9 de Rouen <a href=\"https:\/\/www.whatsapp.com\/channel\/0029VaKfnf99hXF2ddApFB1D\" rel=\"nofollow noopener\" target=\"_blank\">sur notre cha\u00eene WhatsApp<\/a> et <a href=\"https:\/\/www.tiktok.com\/@76actu.fr?lang=fr\" rel=\"nofollow noopener\" target=\"_blank\">sur notre compte TikTok<\/a>Suivez l\u2019actualit\u00e9 du Havre <a href=\"https:\/\/www.whatsapp.com\/channel\/0029VaFqJYE8aKvLBwVrEe0o\" rel=\"nofollow noopener\" target=\"_blank\">sur notre cha\u00eene WhatsApp<\/a> et <a href=\"https:\/\/www.tiktok.com\/@76actu.fr?lang=fr\" rel=\"nofollow noopener\" target=\"_blank\">sur notre compte TikTok<\/a><\/p>\n<p class=\" wall-content\">Suivez toute l\u2019actualit\u00e9 de vos villes et m\u00e9dias favoris en vous inscrivant \u00e0 <a href=\"https:\/\/moncompte.actu.fr\" title=\"D\u00e9couvez Mon Actu\" rel=\"nofollow noopener\" data-trk=\"{&quot;cta&quot;:{&quot;action&quot;:&quot;https:\\\/\\\/moncompte.actu.fr&quot;,&quot;category&quot;:&quot;mon compte&quot;,&quot;from&quot;:&quot;article footer&quot;,&quot;name&quot;:&quot;Mon actu&quot;,&quot;type&quot;:&quot;cta&quot;}}\" target=\"_blank\">Mon Actu<\/a>.<\/p>\n<p>                    <script async src=\"\/\/www.tiktok.com\/embed.js\"><\/script><\/p>\n","protected":false},"excerpt":{"rendered":"Par Julien Bouteiller Publi\u00e9 le 3 ao\u00fbt 2025 \u00e0 15h47 Apr\u00e8s un mois de juillet pluvieux, aura-t-on un&hellip;\n","protected":false},"author":2,"featured_media":293727,"comment_status":"","ping_status":"","sticky":false,"template":"","format":"standard","meta":{"footnotes":""},"categories":[9587],"tags":[1111,11,1777,674,1011,27,2487,2357,12,5161,25,9590],"class_list":{"0":"post-293726","1":"post","2":"type-post","3":"status-publish","4":"format-standard","5":"has-post-thumbnail","7":"category-rouen","8":"tag-actu","9":"tag-actualites","10":"tag-eu","11":"tag-europe","12":"tag-fr","13":"tag-france","14":"tag-meteo","15":"tag-meteo-france","16":"tag-news","17":"tag-normandie","18":"tag-republique-francaise","19":"tag-rouen"},"share_on_mastodon":{"url":"https:\/\/pubeurope.com\/@fr\/114965321000328220","error":""},"_links":{"self":[{"href":"https:\/\/www.europesays.com\/fr\/wp-json\/wp\/v2\/posts\/293726","targetHints":{"allow":["GET"]}}],"collection":[{"href":"https:\/\/www.europesays.com\/fr\/wp-json\/wp\/v2\/posts"}],"about":[{"href":"https:\/\/www.europesays.com\/fr\/wp-json\/wp\/v2\/types\/post"}],"author":[{"embeddable":true,"href":"https:\/\/www.europesays.com\/fr\/wp-json\/wp\/v2\/users\/2"}],"replies":[{"embeddable":true,"href":"https:\/\/www.europesays.com\/fr\/wp-json\/wp\/v2\/comments?post=293726"}],"version-history":[{"count":0,"href":"https:\/\/www.europesays.com\/fr\/wp-json\/wp\/v2\/posts\/293726\/revisions"}],"wp:featuredmedia":[{"embeddable":true,"href":"https:\/\/www.europesays.com\/fr\/wp-json\/wp\/v2\/media\/293727"}],"wp:attachment":[{"href":"https:\/\/www.europesays.com\/fr\/wp-json\/wp\/v2\/media?parent=293726"}],"wp:term":[{"taxonomy":"category","embeddable":true,"href":"https:\/\/www.europesays.com\/fr\/wp-json\/wp\/v2\/categories?post=293726"},{"taxonomy":"post_tag","embeddable":true,"href":"https:\/\/www.europesays.com\/fr\/wp-json\/wp\/v2\/tags?post=293726"}],"curies":[{"name":"wp","href":"https:\/\/api.w.org\/{rel}","templated":true}]}}