{"id":29373,"date":"2025-04-16T14:21:35","date_gmt":"2025-04-16T14:21:35","guid":{"rendered":"https:\/\/www.europesays.com\/fr\/29373\/"},"modified":"2025-04-16T14:21:35","modified_gmt":"2025-04-16T14:21:35","slug":"un-individu-potentiellement-arme-retranche-chez-lui-interpelle-par-le-raid-2","status":"publish","type":"post","link":"https:\/\/www.europesays.com\/fr\/29373\/","title":{"rendered":"Un individu \u00ab\u00a0potentiellement arm\u00e9\u00a0\u00bb retranch\u00e9 chez lui interpell\u00e9 par le Raid"},"content":{"rendered":"<p>Le pire a \u00e9t\u00e9 \u00e9vit\u00e9 gr\u00e2ce \u00e0 l\u2019intervention des policiers du <a href=\"https:\/\/www.20minutes.fr\/dossier\/raid\" class=\"color-ultramarine c-link\" rel=\"nofollow noopener\" target=\"_blank\">Raid<\/a>. Un homme, d\u00e9crit comme \u00ab\u00a0schizophr\u00e8ne\u00a0\u00bb et \u00ab\u00a0potentiellement arm\u00e9\u00a0\u00bb par le maire de Nice <a href=\"https:\/\/www.20minutes.fr\/dossier\/christian_estrosi\" target=\"_blank\" class=\"color-ultramarine c-link\" rel=\"nofollow noopener\">Christian Estrosi<\/a>, s\u2019est retranch\u00e9 \u00e0 son domicile sur l\u2019avenue Henri-Dunant \u00e0 <a href=\"https:\/\/www.20minutes.fr\/nice\/\" target=\"_blank\" class=\"color-ultramarine c-link\" rel=\"nofollow noopener\">Nice<\/a> ce lundi, confirme une source proche de l\u2019enqu\u00eate apr\u00e8s la publication de l\u2019information par <a href=\"https:\/\/www.bfmtv.com\/cote-d-azur\/nice-un-homme-retranche-a-son-domicile-le-raid-attendu-sur-place_AN-202504140338.html\" rel=\"nofollow noopener\" target=\"_blank\" class=\"color-ultramarine c-link\">BFM Nice C\u00f4te d\u2019Azur<\/a>.<\/p>\n<p>L\u2019individu s\u2019est montr\u00e9 mena\u00e7ant \u00e0 l\u2019encontre de sa propre m\u00e8re et son comportement a n\u00e9cessit\u00e9 l\u2019intervention des agents du Raid qui ont proc\u00e9d\u00e9 \u00e0 son interpellation.<\/p>\n<\/p>\n<p>\u00ab\u00a0Le calme et le professionnalisme des agents des forces de l\u2019ordre pr\u00e9sents, de la <a href=\"https:\/\/www.20minutes.fr\/dossier\/police_municipale\" target=\"_blank\" class=\"color-ultramarine c-link\" rel=\"nofollow noopener\">police municipale<\/a>, de la <a href=\"https:\/\/www.20minutes.fr\/dossier\/police\" target=\"_blank\" class=\"color-ultramarine c-link\" rel=\"nofollow noopener\">police<\/a> nationale et de la BAC, ont permis une interpellation sans incident\u00a0\u00bb, a salu\u00e9 le maire de la ville et pr\u00e9sident de la m\u00e9tropole.<\/p>\n","protected":false},"excerpt":{"rendered":"Le pire a \u00e9t\u00e9 \u00e9vit\u00e9 gr\u00e2ce \u00e0 l\u2019intervention des policiers du Raid. Un homme, d\u00e9crit comme \u00ab\u00a0schizophr\u00e8ne\u00a0\u00bb et&hellip;\n","protected":false},"author":2,"featured_media":29374,"comment_status":"","ping_status":"","sticky":false,"template":"","format":"standard","meta":{"footnotes":""},"categories":[2819],"tags":[1111,47,11,2898,2397,1067,1777,674,118,8686,1011,27,12,2401,883,2872,882,8989,25],"class_list":{"0":"post-29373","1":"post","2":"type-post","3":"status-publish","4":"format-standard","5":"has-post-thumbnail","7":"category-nice","8":"tag-actu","9":"tag-actualite","10":"tag-actualites","11":"tag-alpes-maritimes","12":"tag-christian-estrosi","13":"tag-enquete","14":"tag-eu","15":"tag-europe","16":"tag-faits-divers","17":"tag-faits-divers-nice","18":"tag-fr","19":"tag-france","20":"tag-news","21":"tag-nice","22":"tag-paca","23":"tag-police-municipale","24":"tag-provence-alpes-cote-dazur","25":"tag-raid","26":"tag-republique-francaise"},"share_on_mastodon":{"url":"https:\/\/pubeurope.com\/@fr\/114348090000715984","error":""},"_links":{"self":[{"href":"https:\/\/www.europesays.com\/fr\/wp-json\/wp\/v2\/posts\/29373","targetHints":{"allow":["GET"]}}],"collection":[{"href":"https:\/\/www.europesays.com\/fr\/wp-json\/wp\/v2\/posts"}],"about":[{"href":"https:\/\/www.europesays.com\/fr\/wp-json\/wp\/v2\/types\/post"}],"author":[{"embeddable":true,"href":"https:\/\/www.europesays.com\/fr\/wp-json\/wp\/v2\/users\/2"}],"replies":[{"embeddable":true,"href":"https:\/\/www.europesays.com\/fr\/wp-json\/wp\/v2\/comments?post=29373"}],"version-history":[{"count":0,"href":"https:\/\/www.europesays.com\/fr\/wp-json\/wp\/v2\/posts\/29373\/revisions"}],"wp:featuredmedia":[{"embeddable":true,"href":"https:\/\/www.europesays.com\/fr\/wp-json\/wp\/v2\/media\/29374"}],"wp:attachment":[{"href":"https:\/\/www.europesays.com\/fr\/wp-json\/wp\/v2\/media?parent=29373"}],"wp:term":[{"taxonomy":"category","embeddable":true,"href":"https:\/\/www.europesays.com\/fr\/wp-json\/wp\/v2\/categories?post=29373"},{"taxonomy":"post_tag","embeddable":true,"href":"https:\/\/www.europesays.com\/fr\/wp-json\/wp\/v2\/tags?post=29373"}],"curies":[{"name":"wp","href":"https:\/\/api.w.org\/{rel}","templated":true}]}}