{"id":293732,"date":"2025-08-03T14:36:13","date_gmt":"2025-08-03T14:36:13","guid":{"rendered":"https:\/\/www.europesays.com\/fr\/293732\/"},"modified":"2025-08-03T14:36:13","modified_gmt":"2025-08-03T14:36:13","slug":"regles-douloureuses-syndrome-premenstruel-depuis-rennes-cette-educatrice-aide-des-milliers-de-femmes","status":"publish","type":"post","link":"https:\/\/www.europesays.com\/fr\/293732\/","title":{"rendered":"R\u00e8gles douloureuses, syndrome pr\u00e9menstruel\u2026 Depuis Rennes, cette \u00e9ducatrice aide des milliers de femmes"},"content":{"rendered":"<p>            Par<br \/>\n        <strong><br \/>\n            <a href=\"https:\/\/actu.fr\/auteur\/lou-batteux\" title=\"Consulter tous les articles de Lou Batteux\" target=\"_blank\" rel=\"noopener\">Lou Batteux<\/a><br \/>\n        <\/strong><\/p>\n<p>        Publi\u00e9 le<\/p>\n<p>            3 ao\u00fbt 2025 \u00e0 16h26        <\/p>\n<p>Apr\u00e8s avoir subi des cycles irr\u00e9guliers et douloureux pendant plus de 10\u00a0ans, sans aucune explication de la part de ses m\u00e9decins, Ga\u00eblle Baldassari s\u2019est rendu compte qu\u2019il \u00e9tait important <strong>\u00ab\u2009d\u2019informer les femmes\u2009\u00bb <\/strong>de ce qu\u2019il se passe dans leur corps. Bas\u00e9e \u00e0 <a href=\"https:\/\/actu.fr\/rennes\/societe\" target=\"_blank\" rel=\"noopener\">Cesson-S\u00e9vign\u00e9<\/a>, pr\u00e8s de Rennes, elle lance en 2016 son premier programme en ligne sur les fluctuations d\u2019humeur et d\u2019\u00e9nergies, puis <strong>Kiffe ton cycle na\u00eet en 2018<\/strong>, avec l\u2019aide d\u2019une collaboratrice. Depuis, elle organise des sommets en ligne, des ateliers en pr\u00e9sentiel, des programmes d\u2019accompagnement sp\u00e9cialis\u00e9s, des conf\u00e9rences, et a m\u00eame publi\u00e9 <strong>deux livres<\/strong>.<\/p>\n<p class=\" wall-content\"><a href=\"https:\/\/www.instagram.com\/p\/C4JTWyaoDYG\/embed\" title=\"Ouvrir le lien sur Instagram\" target=\"_blank\" rel=\"noopener\">Visualiser le contenu sur Instagram<\/a><\/p>\n<p class=\" wall-content\">Pr\u00e8s de <strong>58\u2009000\u00a0personnes<\/strong> sont abonn\u00e9es \u00e0 son compte Instagram, 8\u2009675\u00a0personnes ont d\u00e9j\u00e0 suivi ses programmes et plus de <strong>250 \u00e9ducatrices menstruelles<\/strong> ont \u00e9t\u00e9 form\u00e9es pour repr\u00e9senter Kiffe ton cycle dans \u00ab<strong>\u2009toute la francophonie\u2009\u00bb<\/strong>.<\/p>\n<p>Un projet n\u00e9 d\u2019une exp\u00e9rience personnelle<\/p>\n<p class=\" wall-content\">Tout commence par une <strong>histoire personnelle<\/strong>. Pendant plus de 10\u00a0ans, Ga\u00eblle Baldassari souffre de cycles irr\u00e9guliers et entend ses diff\u00e9rents m\u00e9decins lui r\u00e9p\u00e9ter sans cesse la m\u00eame chose\u2009: \u00ab\u2009Ne vous inqui\u00e9tez pas, ce n\u2019est pas grave.\u2009\u00bb Finalement, alors qu\u2019elle essaie d\u2019avoir son premier enfant, on finit par lui diagnostiquer un <strong>syndrome des ovaires polykystiques<\/strong> <strong>(SOPK)<\/strong>.<\/p>\n<p class=\" wall-content\">Son gyn\u00e9cologue lui conseille donc de passer directement par une procr\u00e9ation m\u00e9dicalement assist\u00e9e (PMA) avec une f\u00e9condation in vitro (FIV). Mais Ga\u00eblle est victime d\u2019une <strong>hyperstimulation ovarienne*. \u00ab\u2009J\u2019ai failli mourir<\/strong>.\u2009\u00bb<\/p>\n<p class=\" wall-content\">C\u2019est avec ce parcours long et complexe qu\u2019elle rel\u00e8ve un <strong>r\u00e9el probl\u00e8me d\u2019information<\/strong> et d\u00e9cide d\u2019en apprendre davantage sur le sujet.<\/p>\n<blockquote class=\"ac-article-quote wall-content\">\n<p>Il faut que les femmes soient inform\u00e9es de ce qui leur arrive. Tout n&rsquo;est pas normal.<\/p>\n<p>    <strong>Ga\u00eblle Baldassari<\/strong><br \/>\n        \u00c9ducatrice menstruelle \u00e0 l&rsquo;origine de Kiffe ton cycle     <\/p><\/blockquote>\n<p class=\" wall-content\">Apr\u00e8s la naissance de sa fille, en 2014, elle met un terme \u00e0 son m\u00e9tier de directrice d\u2019agence bancaire et se lance dans les recherches scientifiques sur les cycles menstruels.<\/p>\n<p>\u00ab\u2009La premi\u00e8re plateforme d\u2019\u00e9ducation menstruelle francophone\u2009\u00bb<\/p>\n<p class=\" wall-content\">Sa passion pour la biologie \u2013 qu\u2019elle a \u00e9tudi\u00e9 \u00e0 la fac \u2013 refait ainsi surface. Ga\u00eblle se met \u00e0 lire les quelques <strong>\u00e9tudes m\u00e9dicales et recherches scientifiques<\/strong> r\u00e9alis\u00e9es, notamment \u00e0 l\u2019\u00e9tranger, sur les <strong>fluctuations hormonales<\/strong> durant le cycle menstruel. En parall\u00e8le, elle les confronte \u00e0 la r\u00e9alit\u00e9 que vivent les femmes au quotidien. Elle joue alors un r\u00f4le de <strong>m\u00e9diatrice scientifique<\/strong>.<\/p>\n<p class=\" wall-content\">Aujourd\u2019hui encore, c\u2019est l\u2019une des missions de son m\u00e9tier d\u2019\u00e9ducatrice menstruelle. Elle r\u00e9alise r\u00e9guli\u00e8rement <strong>des grandes enqu\u00eates, des interviews de professionnels et recueille des t\u00e9moignages<\/strong>\u00a0pour mieux comprendre et \u00ab\u2009faire comprendre\u2009\u00bb cette science du corps.<\/p>\n<blockquote class=\"ac-article-quote wall-content\">\n<p>M\u00eame quand je vais \u00e0 un mariage, je suis assaillie de questions.<\/p>\n<p>    <strong>Ga\u00eblle Baldassari<\/strong><br \/>\n        \u00c9ducatrice menstruelle \u00e0 l&rsquo;origine de Kiffe ton cycle     <\/p><\/blockquote>\n<p>    <img   decoding=\"async\" loading=\"lazy\" src=\"https:\/\/www.europesays.com\/fr\/wp-content\/uploads\/2025\/08\/gaelle-kiffe-ton-cycle-rennes-uterus-960x640.jpg\" alt=\"vv\" width=\"960\" height=\"640\"\/><br \/>\n    Apr\u00e8s de nombreuses lectures, recherches et de nombreux \u00e9changes, Ga\u00eblle est devenue une experte de l\u2019organisme de la femme. (\u00a9 Ga\u00eblle Baldassari)<\/p>\n<p class=\" wall-content\">Petit \u00e0 petit, son projet prend forme et, avec l\u2019aide d\u2019une collaboratrice, elle lance le <a href=\"https:\/\/www.instagram.com\/kiffetoncycle?utm_source=ig_web_button_share_sheet&amp;igsh=ZDNlZDc0MzIxNw==\" target=\"_blank\" rel=\"noopener\">compte Instagram kiffetoncycle<\/a> en 2018. \u00ab\u2009J\u2019avais<strong> sous-estim\u00e9 le besoin<\/strong> au moment o\u00f9 je me suis lanc\u00e9e\u2009\u00bb, raconte Ga\u00eblle. Son profil attire beaucoup d\u2019abonn\u00e9s en tr\u00e8s peu de temps.<\/p>\n<p class=\" wall-content\">Aujourd\u2019hui, cette initiative a donn\u00e9 naissance \u00e0 une vraie start-up. Avec plus de <strong>180 \u00e9ducatrices menstruelles pr\u00e9sentes sur une grande partie du territoire francophone<\/strong> (France, Canada, Belgique, Suisse et m\u00eame Afrique), Kiffe ton cycle est la <strong>\u00ab\u2009premi\u00e8re plateforme d\u2019\u00e9ducation menstruelle francophone\u2009\u00bb<\/strong>.<\/p>\n<p>Des programmes, des ateliers, des conf\u00e9rences, des livres\u2026<\/p>\n<p class=\" wall-content\">Et concr\u00e8tement, Kiffe ton cycle, c\u2019est quoi\u2009? Des <strong>sommets en ligne<\/strong> avec des professionnels. Des <strong>programmes payants (de 79 \u00e0 225\u00a0euros selon la th\u00e9matique) sp\u00e9cialis\u00e9s<\/strong> pour r\u00e9gler vos probl\u00e9matiques \u00e0 l\u2019aide d\u2019infos et d\u2019exercices en ligne. Des <strong>conf\u00e9rences, <\/strong>des <strong>ateliers<\/strong> payants aupr\u00e8s de particuliers, d\u2019\u00e9tablissements scolaires, de clubs sportifs ou d\u2019entreprises.<\/p>\n<p class=\" wall-content\">Mais aussi une<a href=\"https:\/\/uti-brown.vercel.app\/\" target=\"_blank\" rel=\"noopener\"><strong> intelligence artificielle en ligne qui r\u00e9pond \u00e0 toutes vos questions<\/strong><\/a> en puisant dans une base de donn\u00e9es pr\u00e9remplie par Ga\u00eblle. Le tout est \u00e0 retrouver sur <a href=\"https:\/\/www.kiffetoncycle.fr\/\" target=\"_blank\" rel=\"noopener\">le site internet Kiffetoncycle.fr<\/a>. \u00ab\u2009L\u2019important, c\u2019est de comprendre ce qui se passe, le m\u00e9canisme qui am\u00e8ne \u00e0 certains sympt\u00f4mes\u2009\u00bb, souligne-t-elle. La sp\u00e9cialiste a d\u2019ailleurs <strong>publi\u00e9 deux livres<\/strong>\u2009: Kiffe ton cycle, en 2019 et Kiffe tes r\u00e8gles, en 2023.<\/p>\n<p>    <img   decoding=\"async\" loading=\"lazy\" src=\"https:\/\/www.europesays.com\/fr\/wp-content\/uploads\/2025\/08\/gaelle-kiffe-ton-cycle-livre-960x640.jpg\" alt=\"vv\" width=\"960\" height=\"640\"\/><br \/>\n    En 2019, Ga\u00eblle publie Kiffe ton cycle, un manuel \u00ab\u2009pour explorer en profondeur le cycle menstruel\u2009\u00bb et apprendre \u00e0 vivre en harmonie avec lui. (\u00a9 Ga\u00eblle Baldassari)<\/p>\n<p class=\" wall-content\"><strong>\u00ab\u2009Mais \u00e7a ne remplace pas un m\u00e9decin\u2009!\u2009\u00bb<\/strong>, pr\u00e9cise-t-elle. Dans certains cas, les programmes en ligne invitent \u00e0 consulter un professionnel de sant\u00e9 en fonction des sympt\u00f4mes. Pour autant, l\u2019\u00e9ducatrice menstruelle cherche \u00e0 <strong>d\u00e9construire certaines id\u00e9es re\u00e7ues et int\u00e9rioris\u00e9es<\/strong>.<\/p>\n<blockquote class=\"ac-article-quote wall-content\">\n<p>Le syndrome pr\u00e9menstruel (SPM), c&rsquo;est pas quelque chose de normal et les douleurs de r\u00e8gles non plus. On les a trop normalis\u00e9s. Notre mode de vie concourt beaucoup \u00e0 ces sympt\u00f4mes : stress chronique, s\u00e9dentarit\u00e9, produits transform\u00e9s, perturbateurs endocriniens&#8230; <\/p>\n<p>    <strong>Ga\u00eblle Baldassari<\/strong><br \/>\n        \u00c9ducatrice menstruelle \u00e0 l&rsquo;origine de Kiffe ton cycle     <\/p><\/blockquote>\n<p class=\" wall-content\">Ga\u00eblle appelle \u00e9galement \u00e0<strong> \u00ab\u2009arr\u00eater de diaboliser la pilule\u2009\u00bb<\/strong>, ce contraceptif f\u00e9minin tr\u00e8s controvers\u00e9 depuis quelque temps. \u00ab\u2009Il y a une balance b\u00e9n\u00e9fices risques \u00e0 prendre en compte\u2009\u00bb, explique-t-elle. Les applications de suivi du cycle menstruel, comme Clue ou Flo, \u00ab\u2009ne sont pas fiables\u2009\u00bb, selon elle. \u00ab\u2009Beaucoup d\u2019avortements ou de grossesses non d\u00e9sir\u00e9es arrivent \u00e0 certaines femmes qui <strong>ne prennent plus de contraception et d\u00e9cident de faire confiance \u00e0 ces applis.\u2009\u00bb<\/strong><\/p>\n<p>Et ce n\u2019est pas fini\u2026<\/p>\n<p class=\" wall-content\"><strong>\u00ab\u2009Une aventure transformatrice\u2009\u00bb\u2009; <\/strong>\u00ab\u2009En quelques semaines, j\u2019ai vu une vraie diff\u00e9rence\u2009\u00bb\u2009; \u00ab\u2009L\u2019\u00e9ducation menstruelle devrait \u00eatre <strong>obligatoire \u00e0 l\u2019\u00e9cole\u2009!<\/strong>\u2009\u00bb\u2026 Parmi les 8\u2009675 femmes qui ont suivi les diff\u00e9rents programmes de Kiffe ton cycle, de nombreux <strong>retours positifs<\/strong> ont \u00e9t\u00e9 inscrits dans le <a href=\"https:\/\/www.kiffetoncycle.fr\/livre-dor\/\" target=\"_blank\" rel=\"noopener\">livre d\u2019or de l\u2019entreprise<\/a>.<\/p>\n<p class=\" wall-content\">Il y a quelques mois, Ga\u00eblle et ses collaboratrices ont cr\u00e9\u00e9<strong> l\u2019Institut de formation \u00e0 l\u2019\u00e9ducation menstruelle<\/strong> (IDFEM), une soci\u00e9t\u00e9 visant \u00e0 former de nouvelles \u00e9ducatrices. L\u2019institut proposera plusieurs fili\u00e8res pour se former \u00e0 diff\u00e9rents m\u00e9tiers de l\u2019\u00e9ducation menstruelle afin que \u00ab\u2009tout le monde soit \u00e9clair\u00e9\u2009\u00bb.<\/p>\n<p>(*) Son organisme r\u00e9agissait fortement aux traitements qui devaient l\u2019aide \u00e0 booster l\u2019ovulation. <a href=\"https:\/\/ivi-fertilite.fr\/blog\/hyperstimulation-ovarienne\/\" target=\"_blank\" rel=\"noopener\">Plus d\u2019informations<\/a>.<\/p>\n<p class=\" wall-content\">Suivez toute l\u2019actualit\u00e9 de vos villes et m\u00e9dias favoris en vous inscrivant \u00e0 <a href=\"https:\/\/moncompte.actu.fr\" title=\"D\u00e9couvez Mon Actu\" rel=\"nofollow noopener\" data-trk=\"{&quot;cta&quot;:{&quot;action&quot;:&quot;https:\\\/\\\/moncompte.actu.fr&quot;,&quot;category&quot;:&quot;mon compte&quot;,&quot;from&quot;:&quot;article footer&quot;,&quot;name&quot;:&quot;Mon actu&quot;,&quot;type&quot;:&quot;cta&quot;}}\" target=\"_blank\">Mon Actu<\/a>.<\/p>\n<p>                    <script async src=\"\/\/www.instagram.com\/embed.js\"><\/script><\/p>\n","protected":false},"excerpt":{"rendered":"Par Lou Batteux Publi\u00e9 le 3 ao\u00fbt 2025 \u00e0 16h26 Apr\u00e8s avoir subi des cycles irr\u00e9guliers et douloureux&hellip;\n","protected":false},"author":2,"featured_media":293733,"comment_status":"","ping_status":"","sticky":false,"template":"","format":"standard","meta":{"footnotes":""},"categories":[2821],"tags":[1111,11,829,1777,674,1011,27,12,9026,584,25,71,104],"class_list":{"0":"post-293732","1":"post","2":"type-post","3":"status-publish","4":"format-standard","5":"has-post-thumbnail","7":"category-rennes","8":"tag-actu","9":"tag-actualites","10":"tag-bretagne","11":"tag-eu","12":"tag-europe","13":"tag-fr","14":"tag-france","15":"tag-news","16":"tag-portrait","17":"tag-rennes","18":"tag-republique-francaise","19":"tag-sante","20":"tag-societe"},"share_on_mastodon":{"url":"https:\/\/pubeurope.com\/@fr\/114965340853781981","error":""},"_links":{"self":[{"href":"https:\/\/www.europesays.com\/fr\/wp-json\/wp\/v2\/posts\/293732","targetHints":{"allow":["GET"]}}],"collection":[{"href":"https:\/\/www.europesays.com\/fr\/wp-json\/wp\/v2\/posts"}],"about":[{"href":"https:\/\/www.europesays.com\/fr\/wp-json\/wp\/v2\/types\/post"}],"author":[{"embeddable":true,"href":"https:\/\/www.europesays.com\/fr\/wp-json\/wp\/v2\/users\/2"}],"replies":[{"embeddable":true,"href":"https:\/\/www.europesays.com\/fr\/wp-json\/wp\/v2\/comments?post=293732"}],"version-history":[{"count":0,"href":"https:\/\/www.europesays.com\/fr\/wp-json\/wp\/v2\/posts\/293732\/revisions"}],"wp:featuredmedia":[{"embeddable":true,"href":"https:\/\/www.europesays.com\/fr\/wp-json\/wp\/v2\/media\/293733"}],"wp:attachment":[{"href":"https:\/\/www.europesays.com\/fr\/wp-json\/wp\/v2\/media?parent=293732"}],"wp:term":[{"taxonomy":"category","embeddable":true,"href":"https:\/\/www.europesays.com\/fr\/wp-json\/wp\/v2\/categories?post=293732"},{"taxonomy":"post_tag","embeddable":true,"href":"https:\/\/www.europesays.com\/fr\/wp-json\/wp\/v2\/tags?post=293732"}],"curies":[{"name":"wp","href":"https:\/\/api.w.org\/{rel}","templated":true}]}}