{"id":293737,"date":"2025-08-03T14:40:10","date_gmt":"2025-08-03T14:40:10","guid":{"rendered":"https:\/\/www.europesays.com\/fr\/293737\/"},"modified":"2025-08-03T14:40:10","modified_gmt":"2025-08-03T14:40:10","slug":"lange-de-mer-un-requin-menace-dont-la-corse-est-le-dernier-refuge","status":"publish","type":"post","link":"https:\/\/www.europesays.com\/fr\/293737\/","title":{"rendered":"L\u2019ange de mer, un requin menac\u00e9 dont la Corse est le dernier refuge"},"content":{"rendered":"<p dir=\"ltr\">C\u2019est l\u2019un des 100 animaux les plus menac\u00e9s au monde : l\u2019ange de mer. Souvent confondu avec une raie en raison de son corps aplati et de ses grandes nageoires en forme d\u2019ailes, cet animal est en r\u00e9alit\u00e9 un requin, reconnaissable gr\u00e2ce \u00e0 la position de ses branchies. \u201cIl a les branchies sur le c\u00f4t\u00e9, ce qui n\u2019est pas toujours \u00e9vident \u00e0 voir, alors que les raies ont toujours les branchies sur leur ventre\u201d, d\u00e9crit Dylan Clamens-Pattoni, charg\u00e9 de mission au sein de Life EU Sharks. L\u2019autre indice qui permet de les diff\u00e9rencier se situe au niveau de sa t\u00eate. \u201cIl a une d\u00e9limitation entre ses nageoires et sa t\u00eate, chose que les raies n\u2019ont pas, parce que tout est reli\u00e9 chez elles.\u201d Pouvant mesurer jusqu\u2019\u00e0 2,44 m\u00e8tres, l\u2019ange de mer vit pr\u00e8s des c\u00f4tes, entre six et sept m\u00e8tres de profondeur, et se nourrit exclusivement de poissons osseux, de raies, de crustac\u00e9s et de mollusques. <br \/>\u00a0 <\/p>\n<p dir=\"ltr\">Autrefois pr\u00e9sent dans plusieurs parties de la M\u00e9diterran\u00e9e &#8211; c\u2019est d\u2019ailleurs lui qui a donn\u00e9 son nom \u00e0 la baie des Anges \u00e0 Nice &#8211; l\u2019ange de mer est depuis 2006 en danger critique d\u2019extinction selon l\u2019Union internationale pour la conservation de la nature, et depuis 2012 sur la liste des 100 esp\u00e8ces les plus menac\u00e9es au monde. La raison ? Sa sensibilit\u00e9 \u00e0 la p\u00eache, la pollution et la destruction des fonds marins, li\u00e9e \u00e0 son habitat naturel, proche de nos c\u00f4tes. \u201c\u00c0 l\u2019\u00e9poque, on utilisait sa peau en menuiserie, comme du papier \u00e0 poncer\u201d, pr\u00e9cise Dylan Clamens-Pattoni. L\u2019ange de mer est aussi un animal qui atteint une maturit\u00e9 sexuelle tardive (environ 15 ans alors qu\u2019il poss\u00e8de une esp\u00e9rance de vie de 25 ans), et qui se reproduit tr\u00e8s peu, avec 7 \u00e0 25 petits par femelle. <br \/>\u00a0 <\/p>\n<p dir=\"ltr\"><strong>La Corse, son dernier refuge<\/strong> <br \/>Si l\u2019esp\u00e8ce a disparu de la majorit\u00e9 de la M\u00e9diterran\u00e9e, et notamment de la M\u00e9diterran\u00e9e occidentale, il existe n\u00e9anmoins un endroit o\u00f9 les anges de mer continuent de vivre et de se reproduire : la Corse, et surtout la Plaine orientale. \u201cLa p\u00eache ici est artisanale. De ce fait, la pression est moins grande et l&rsquo;esp\u00e8ce a alors pu subsister dans les eaux corses. Malheureusement, ce n\u2019est pas gagn\u00e9 d\u2019avance. Si on venait \u00e0 augmenter la pression humaine, on risquerait de la faire dispara\u00eetre comme elle a disparu dans d\u2019autres zones de la M\u00e9diterran\u00e9e\u201d, indique Dylan Clamens-Pattoni. <\/p>\n<p dir=\"ltr\">Selon une \u00e9tude, \u201cune centaine d\u2019individus\u201d ayant atteint leur maturit\u00e9 sexuelle seraient pr\u00e9sents dans nos eaux. Un chiffre \u201c\u00e0 prendre avec des pincettes\u201d en raison du comportement de l\u2019animal. \u201cOn a peu d\u2019informations sur cet animal. Il se camoufle dans le sable, et il peut parfois y rester des heures en \u00e9tant immobile. C\u2019est tr\u00e8s compliqu\u00e9 de le rep\u00e9rer et de le conna\u00eetre.\u201d Pour prot\u00e9ger l\u2019ange de mer et \u00e9viter son extinction en Corse, le Parc naturel marin du Cap Corse et de l&rsquo;Agriate, en relation avec le bureau d\u2019\u00e9tudes Androm\u00e8de Oc\u00e9anologie du plongeur Laurent Ballesta, a cr\u00e9\u00e9 \u201cun projet d\u2019am\u00e9lioration de connaissances sur l\u2019esp\u00e8ce\u201d. \u201cOn propose des livrets \u00e9ducatifs, mais on r\u00e9alise aussi des actions de sensibilisation. Quand on est sur des manifestations au grand public, on n&rsquo;h\u00e9site pas \u00e0 faire un peu de propagande pour cette esp\u00e8ce qui est un embl\u00e8me pour nos eaux corses\u201d, d\u00e9taille Dylan Clamens-Pattoni. <br \/>\u00a0 <\/p>\n<p dir=\"ltr\"><strong>Sensibiliser les plus jeunes<\/strong> <br \/>\u00c0 l\u2019occasion de la Journ\u00e9e mondiale de l\u2019ange de mer, c\u00e9l\u00e9br\u00e9e chaque 26 juin, le Parc naturel marin du Cap Corse et de l\u2019Agriate a organis\u00e9 un apr\u00e8s-midi de sensibilisation destin\u00e9 aux \u00e9l\u00e8ves de l\u2019\u00e9cole primaire de Sisco. En partenariat avec la Casa di e Scenze et l\u2019association Mare Vivu, l\u2019\u00e9v\u00e9nement a rassembl\u00e9 plus de 70 enfants autour de la d\u00e9couverte de cette esp\u00e8ce menac\u00e9e. Au programme : exposition immersive, jeux \u00e9ducatifs, et surtout, projection d\u2019un film documentaire r\u00e9alis\u00e9 par le bureau d\u2019\u00e9tudes Androm\u00e8de Oc\u00e9anologie. Pour s\u2019adapter au jeune public, le film a \u00e9t\u00e9 d\u00e9coup\u00e9 en s\u00e9quences, avec des temps d\u2019arr\u00eat entre chaque partie pour r\u00e9pondre aux questions et s\u2019assurer de la compr\u00e9hension. \u201cOn a enlev\u00e9 les passages les plus techniques, comme les analyses ADN, pour ne garder que l\u2019essentiel : le mode de vie de l\u2019ange de mer, les menaces et les actions de pr\u00e9servation\u201d, explique Fran\u00e7ois Secondi, charg\u00e9 de communication et de sensibilisation au sein du Parc naturel marin du Cap Corse et de l\u2019Agriate. <br \/>\u00a0 <\/p>\n<p dir=\"ltr\">Lors de la projection du film, les questions fusent chez les enfants : \u201cEst-ce que \u00e7a peut nous manger ?\u201d, \u201cEt si on marche dessus, \u00e7a fait mal ?\u201d, \u201cOn peut le toucher ?\u201d, \u201cS\u2019il y en a un \u00e9chou\u00e9, on fait quoi ?\u201d. \u00c0 la fin, plusieurs petits ateliers sont mis en place par les \u00e9quipes du parc, avec pour objectif d\u2019apprendre notamment \u00e0 reconna\u00eetre l\u2019animal. \u201cUn des ateliers vise justement \u00e0 diff\u00e9rencier les raies des requins, car l\u2019ange de mer est l\u2019exemple parfait de cette confusion fr\u00e9quente\u201d, souligne Dylan Clamens-Pattoni. D\u2019autres ateliers permettent d\u2019aborder plus largement le r\u00f4le des requins et des raies, ainsi que leur importance dans les \u00e9cosyst\u00e8mes marins et les menaces qu\u2019ils subissent. \u201cOn d\u00e9nombre plus de 45 esp\u00e8ces au total, et c\u2019est pour \u00e7a qu\u2019on veut amener les enfants \u00e0 prendre conscience de ces animaux, tr\u00e8s peu connus mais importants pour le milieu marin.\u201d <\/p>\n<p>Une d\u00e9marche p\u00e9dagogique qui s\u2019inscrit pleinement dans les missions de sensibilisation du parc marin. \u201cLa sensibilisation et l&rsquo;\u00e9ducation \u00e0 l\u2019environnement sont vraiment des grandes missions du parc marin, c\u2019est pourquoi on essaie de mettre en place des actions de sensibilisation avec nos diff\u00e9rents partenaires. Aujourd\u2019hui, on a profit\u00e9 de la Journ\u00e9e mondiale de l\u2019ange de mer pour se focaliser sur cette esp\u00e8ce et sur les actions men\u00e9es par le parc en mati\u00e8re de pr\u00e9servation de cette esp\u00e8ce menac\u00e9e. Les plus jeunes vont \u00eatre les d\u00e9cideurs et les acteurs de demain : plus t\u00f4t on les sensibilise \u00e0 la fragilit\u00e9 des \u00e9cosyst\u00e8mes et \u00e0 la n\u00e9cessit\u00e9 de les pr\u00e9server, plus t\u00f4t on pourra avoir une prise de conscience collective\u201d, conclut Fran\u00e7ois Secondi. <\/p>\n","protected":false},"excerpt":{"rendered":"C\u2019est l\u2019un des 100 animaux les plus menac\u00e9s au monde : l\u2019ange de mer. Souvent confondu avec une&hellip;\n","protected":false},"author":2,"featured_media":293738,"comment_status":"","ping_status":"","sticky":false,"template":"","format":"standard","meta":{"footnotes":""},"categories":[2819],"tags":[1111,11,5622,5621,6777,5624,2517,11050,11051,11052,1777,674,118,1011,27,43366,14914,2487,12,2401,882,25,43367],"class_list":{"0":"post-293737","1":"post","2":"type-post","3":"status-publish","4":"format-standard","5":"has-post-thumbnail","7":"category-nice","8":"tag-actu","9":"tag-actualites","10":"tag-ajaccio","11":"tag-bastia","12":"tag-bonjour","13":"tag-calvi","14":"tag-corse","15":"tag-corse-net-infos","16":"tag-corsenetinfos","17":"tag-corsica","18":"tag-eu","19":"tag-europe","20":"tag-faits-divers","21":"tag-fr","22":"tag-france","23":"tag-lange-de-mer","24":"tag-lingua-corsa","25":"tag-meteo","26":"tag-news","27":"tag-nice","28":"tag-provence-alpes-cote-dazur","29":"tag-republique-francaise","30":"tag-un-requin-menace-dont-la-corse-est-le-dernier-refuge"},"share_on_mastodon":{"url":"https:\/\/pubeurope.com\/@fr\/114965356491885374","error":""},"_links":{"self":[{"href":"https:\/\/www.europesays.com\/fr\/wp-json\/wp\/v2\/posts\/293737","targetHints":{"allow":["GET"]}}],"collection":[{"href":"https:\/\/www.europesays.com\/fr\/wp-json\/wp\/v2\/posts"}],"about":[{"href":"https:\/\/www.europesays.com\/fr\/wp-json\/wp\/v2\/types\/post"}],"author":[{"embeddable":true,"href":"https:\/\/www.europesays.com\/fr\/wp-json\/wp\/v2\/users\/2"}],"replies":[{"embeddable":true,"href":"https:\/\/www.europesays.com\/fr\/wp-json\/wp\/v2\/comments?post=293737"}],"version-history":[{"count":0,"href":"https:\/\/www.europesays.com\/fr\/wp-json\/wp\/v2\/posts\/293737\/revisions"}],"wp:featuredmedia":[{"embeddable":true,"href":"https:\/\/www.europesays.com\/fr\/wp-json\/wp\/v2\/media\/293738"}],"wp:attachment":[{"href":"https:\/\/www.europesays.com\/fr\/wp-json\/wp\/v2\/media?parent=293737"}],"wp:term":[{"taxonomy":"category","embeddable":true,"href":"https:\/\/www.europesays.com\/fr\/wp-json\/wp\/v2\/categories?post=293737"},{"taxonomy":"post_tag","embeddable":true,"href":"https:\/\/www.europesays.com\/fr\/wp-json\/wp\/v2\/tags?post=293737"}],"curies":[{"name":"wp","href":"https:\/\/api.w.org\/{rel}","templated":true}]}}