{"id":293749,"date":"2025-08-03T14:47:09","date_gmt":"2025-08-03T14:47:09","guid":{"rendered":"https:\/\/www.europesays.com\/fr\/293749\/"},"modified":"2025-08-03T14:47:09","modified_gmt":"2025-08-03T14:47:09","slug":"le-pronostic-vital-du-medecin-blesse-nest-plus-engage","status":"publish","type":"post","link":"https:\/\/www.europesays.com\/fr\/293749\/","title":{"rendered":"le pronostic vital du m\u00e9decin bless\u00e9 n&rsquo;est plus engag\u00e9"},"content":{"rendered":"<p>            Par<br \/>\n        <strong><br \/>\n            <a href=\"https:\/\/actu.fr\/auteur\/mareva-laville-actu-fr\" title=\"Consulter tous les articles de Mar\u00e9va Laville\" rel=\"nofollow noopener\" target=\"_blank\">Mar\u00e9va Laville<\/a><br \/>\n        <\/strong><\/p>\n<p>        Publi\u00e9 le<\/p>\n<p>            3 ao\u00fbt 2025 \u00e0 16h16        <\/p>\n<p>Au lendemain d\u2019une <a href=\"https:\/\/actu.fr\/occitanie\/toulouse_31555\/tentative-de-meurtre-en-sortie-de-bar-de-nuit-a-toulouse-un-homme-gravement-blesse_62991684.html\" rel=\"nofollow noopener\" target=\"_blank\">tentative de meurtre pr\u00e9sum\u00e9e dans la rue Saint-Rome<\/a> \u00e0 <a href=\"http:\/\/www.actu.fr\/toulouse\" rel=\"nofollow noopener\" target=\"_blank\"><strong>Toulouse<\/strong><\/a>, t\u00f4t dans la nuit de samedi 2\u00a0ao\u00fbt 2025, la vie de la victime, gravement bless\u00e9e par un coup de tesson de bouteille, n\u2019est plus en danger. <strong>\u00ab\u2009Son pronostic vital n\u2019est plus engag\u00e9\u2009\u00bb<\/strong>, souffle le parquet de Toulouse \u00e0 Actu.fr, alors que l\u2019enqu\u00eate se poursuit.<\/p>\n<p>    <a href=\"https:\/\/www.google.com\/maps\/embed?pb=!1m18!1m12!1m3!1d2889.1735731203075!2d1.4409182119792658!3d43.60292747098413!2m3!1f0!2f0!3f0!3m2!1i1024!2i768!4f13.1!3m3!1m2!1s0x12aebb6277e23d01%3A0xcf9464500ddb85b2!2sRue%20Saint-Rome%2C%2031000%20Toulouse!5e0!3m2!1sfr!2sfr!4v1754125977188!5m2!1sfr!2sfr\" title=\"Ouvrie le lien\" rel=\"nofollow noopener\" target=\"_blank\">Cliquez ici pour visualiser le contenu<\/a><\/p>\n<p>Une agression en sortie de bar de nuit<\/p>\n<p class=\" wall-content\">Pour rappel, le jeune homme, <strong>\u00e2g\u00e9 de 30\u00a0ans<\/strong>, avait \u00e9t\u00e9<strong> agress\u00e9 par deux hommes<\/strong> dans la rue alors qu\u2019il sortait d\u2019un \u00e9tablissement de nuit avec sa compagne, vers 2h50.<\/p>\n<p class=\" wall-content\">Alcoolis\u00e9s, les deux agresseurs \u00e2g\u00e9s d\u2019une trentaine d\u2019ann\u00e9es s\u2019en sont pris au jeune homme, lui portant un coup de tesson de bouteille. Ce m\u00e9decin de profession, employ\u00e9 au CHU de Toulouse, avait \u00e9t\u00e9<strong> touch\u00e9 aux vert\u00e8bres cervicales<\/strong>.<\/p>\n<p>Son pronostic vital n\u2019est plus engag\u00e9<\/p>\n<p class=\" wall-content\"><strong>Transport\u00e9 en urgence absolue<\/strong> \u00e0 l\u2019h\u00f4pital, son pronostic vital \u00e9tait engag\u00e9. Il devait \u00eatre op\u00e9r\u00e9 dans la journ\u00e9e suivant les faits. Ce dimanche 3\u00a0ao\u00fbt, le parquet de Toulouse confirme <strong>l\u2019am\u00e9lioration de son \u00e9tat de sant\u00e9.<\/strong><\/p>\n<p>\u00ab\u2009Une histoire sur fond d\u2019alcool\u2009\u00bb indique le parquet<\/p>\n<p class=\" wall-content\">Plac\u00e9s en<strong> garde \u00e0 vue,<\/strong> les deux suspects ont \u00e9t\u00e9 entendus \u00ab\u2009mais les versions ne sont pas concordantes\u2009\u00bb, explique le parquet de Toulouse, qui indique n\u00e9anmoins que, \u00ab\u2009selon leurs t\u00e9moignages,<strong> ils ne connaissaient pas la victime\u2009\u00bb.<\/strong><\/p>\n<p class=\" wall-content\">\u00ab\u2009Il semblerait que ce soit une histoire de rue <strong>sur fond d\u2019alcool<\/strong> de la part des mis en cause\u2009\u00bb, souligne le substitut au procureur de la R\u00e9publique de Toulouse.<\/p>\n<p>Une ouverture d\u2019information judiciaire<\/p>\n<p class=\" wall-content\">Une<strong> ouverture d\u2019information judiciaire<\/strong>, au motif de tentative de meurtre aggrav\u00e9, devrait permettre d\u2019\u00e9lucider les circonstances de l\u2019agression.<\/p>\n<p class=\" wall-content\">Suivez toute l\u2019actualit\u00e9 de vos villes et m\u00e9dias favoris en vous inscrivant \u00e0 <a href=\"https:\/\/moncompte.actu.fr\" title=\"D\u00e9couvez Mon Actu\" rel=\"nofollow noopener\" data-trk=\"{&quot;cta&quot;:{&quot;action&quot;:&quot;https:\\\/\\\/moncompte.actu.fr&quot;,&quot;category&quot;:&quot;mon compte&quot;,&quot;from&quot;:&quot;article footer&quot;,&quot;name&quot;:&quot;Mon actu&quot;,&quot;type&quot;:&quot;cta&quot;}}\" target=\"_blank\">Mon Actu<\/a>.<\/p>\n","protected":false},"excerpt":{"rendered":"Par Mar\u00e9va Laville Publi\u00e9 le 3 ao\u00fbt 2025 \u00e0 16h16 Au lendemain d\u2019une tentative de meurtre pr\u00e9sum\u00e9e dans&hellip;\n","protected":false},"author":2,"featured_media":293750,"comment_status":"","ping_status":"","sticky":false,"template":"","format":"standard","meta":{"footnotes":""},"categories":[2816],"tags":[1111,11,2630,1777,674,118,1011,27,12,2680,1072,25,2312],"class_list":{"0":"post-293749","1":"post","2":"type-post","3":"status-publish","4":"format-standard","5":"has-post-thumbnail","7":"category-toulouse","8":"tag-actu","9":"tag-actualites","10":"tag-chu-de-toulouse","11":"tag-eu","12":"tag-europe","13":"tag-faits-divers","14":"tag-fr","15":"tag-france","16":"tag-news","17":"tag-occitanie","18":"tag-police","19":"tag-republique-francaise","20":"tag-toulouse"},"share_on_mastodon":{"url":"https:\/\/pubeurope.com\/@fr\/114965384124273767","error":""},"_links":{"self":[{"href":"https:\/\/www.europesays.com\/fr\/wp-json\/wp\/v2\/posts\/293749","targetHints":{"allow":["GET"]}}],"collection":[{"href":"https:\/\/www.europesays.com\/fr\/wp-json\/wp\/v2\/posts"}],"about":[{"href":"https:\/\/www.europesays.com\/fr\/wp-json\/wp\/v2\/types\/post"}],"author":[{"embeddable":true,"href":"https:\/\/www.europesays.com\/fr\/wp-json\/wp\/v2\/users\/2"}],"replies":[{"embeddable":true,"href":"https:\/\/www.europesays.com\/fr\/wp-json\/wp\/v2\/comments?post=293749"}],"version-history":[{"count":0,"href":"https:\/\/www.europesays.com\/fr\/wp-json\/wp\/v2\/posts\/293749\/revisions"}],"wp:featuredmedia":[{"embeddable":true,"href":"https:\/\/www.europesays.com\/fr\/wp-json\/wp\/v2\/media\/293750"}],"wp:attachment":[{"href":"https:\/\/www.europesays.com\/fr\/wp-json\/wp\/v2\/media?parent=293749"}],"wp:term":[{"taxonomy":"category","embeddable":true,"href":"https:\/\/www.europesays.com\/fr\/wp-json\/wp\/v2\/categories?post=293749"},{"taxonomy":"post_tag","embeddable":true,"href":"https:\/\/www.europesays.com\/fr\/wp-json\/wp\/v2\/tags?post=293749"}],"curies":[{"name":"wp","href":"https:\/\/api.w.org\/{rel}","templated":true}]}}