{"id":293751,"date":"2025-08-03T14:48:30","date_gmt":"2025-08-03T14:48:30","guid":{"rendered":"https:\/\/www.europesays.com\/fr\/293751\/"},"modified":"2025-08-03T14:48:30","modified_gmt":"2025-08-03T14:48:30","slug":"etudiante-gazaouie-accusee-davoir-tenu-des-propos-antisemites-ce-que-lon-sait","status":"publish","type":"post","link":"https:\/\/www.europesays.com\/fr\/293751\/","title":{"rendered":"\u00c9tudiante gazaouie accus\u00e9e d\u2019avoir tenu des propos antis\u00e9mites\u00a0: ce que l\u2019on sait"},"content":{"rendered":"<p>Elle ne sera pas sur les bancs de\u00a0<a href=\"https:\/\/paris.maville.com\/actu\/actudet_-etudiante-a-sciences-po-elle-transportait-de-l-heroine-pour-payer-son-loyer-_53511-6367146_actu.Htm\" target=\"_self\" rel=\"noopener\">l\u2019Institut d\u2019\u00e9tudes politiques (IEP)<\/a> de Lille \u00e0 la rentr\u00e9e.\u00a0La justice fran\u00e7aise a annonc\u00e9 \u00e0 l\u2019Agence France-Presse (AFP), jeudi 31\u00a0juillet 2025, avoir ouvert une enqu\u00eate pour \u00ab\u00a0apologie du terrorisme et apologie de crime contre l\u2019humanit\u00e9\u00a0\u00bb \u00e0 l\u2019encontre d\u2019une \u00e9tudiante gazaouie. Cette derni\u00e8re est suspect\u00e9e d\u2019avoir partag\u00e9 <a href=\"https:\/\/lille.maville.com\/actu\/actudet_-l-inscription-d-une-etudiante-gazaouie-a-sciences-po-lille-annulee-apres-des-propos-antisemites-_12679-6919251_actu.Htm\" target=\"_self\" rel=\"noopener\">des publications antis\u00e9mites post\u00e9es sur ses r\u00e9seaux sociaux<\/a>.<\/p>\n<p>La veille, Sciences Po Lille avait annonc\u00e9 annuler son inscription dans l\u2019\u00e9tablissement.\u00a0Ces publications<strong> \u00ab\u00a0entrent en contradiction frontale avec les valeurs port\u00e9es par Sciences Po Lille\u00a0\u00bb<\/strong>, indiquait l\u2019\u00e9tablissement. Par cons\u00e9quent,<strong> \u00ab\u00a0apr\u00e8s concertation avec le minist\u00e8re de l\u2019Enseignement sup\u00e9rieur et de la Recherche, le Rectorat de R\u00e9gion acad\u00e9mique et la Pr\u00e9fecture, la direction de Sciences Po Lille a pris la d\u00e9cision d\u2019annuler l\u2019inscription pr\u00e9vue de cette \u00e9tudiante.\u00a0\u00bb<\/strong><\/p>\n<p>L\u2019\u00e9tudiante \u00ab\u00a0a vocation \u00e0 quitter le territoire national\u00a0\u00bb<\/p>\n<p>Les captures d\u2019\u00e9cran circulant sur les r\u00e9seaux sociaux montrent qu\u2019un compte &#8211; attribu\u00e9 \u00e0 cette \u00e9tudiante par des internautes et ferm\u00e9 depuis &#8211; a notamment repartag\u00e9 des messages appelant \u00e0 tuer des juifs.\u00a0Des faits que Sciences Po Lille affirme n\u2019avoir d\u00e9couverts qu\u2019apr\u00e8s la diffusion d\u2019un reportage sur RMC, le 28\u00a0juillet. <strong>\u00ab\u00a0La direction de l\u2019\u00e9cole a pris connaissance dans le cadre de ce reportage de publications effectu\u00e9es par cette \u00e9tudiante sur les r\u00e9seaux sociaux, au cours des deux ann\u00e9es \u00e9coul\u00e9es\u00a0\u00bb<\/strong>, explique l\u2019\u00e9tablissement sur X.<\/p>\n<p>\n                Nous avons bloqu\u00e9 l\u2019affichage de ce contenu pour respecter vos choix en mati\u00e8re de cookies.<br \/>En cliquant sur \u00abConsulter\u00bb, vous acceptez le d\u00e9p\u00f4t de cookies par des services de r\u00e9seaux sociaux tels que Twitter.<br \/>\n                Consulter\n            <\/p>\n<blockquote class=\"twitter-tweet\" wp_automatic_readability=\"6.6160337552743\">\n<p lang=\"fr\" dir=\"ltr\">La direction de l\u2019\u00e9cole a pris connaissance dans le cadre de ce reportage de publications effectu\u00e9es par cette \u00e9tudiante sur les r\u00e9seaux sociaux, au cours des deux ann\u00e9es \u00e9coul\u00e9es.<\/p>\n<p>\u2014 Sciences Po Lille (@ScPoLille) <a href=\"https:\/\/twitter.com\/ScPoLille\/status\/1950556823150325872?ref_src=twsrc%5Etfw\" target=\"_blank\" rel=\"noopener\">July 30, 2025<\/a><\/p><\/blockquote>\n<p><strong>\u00ab\u00a0Une enqu\u00eate a \u00e9t\u00e9 ouverte pour apologie du terrorisme, apologie de crime contre l\u2019humanit\u00e9 avec utilisation d\u2019un service de communication au public en ligne\u00a0\u00bb<\/strong>, a d\u00e9taill\u00e9 la procureure de la R\u00e9publique de Lille, Carole \u00c9tienne, \u00e0 l\u2019AFP.<\/p>\n<p>L\u2019\u00e9tudiante <strong>\u00ab\u00a0a vocation \u00e0 quitter le territoire national\u00a0\u00bb<\/strong>, a annonc\u00e9 \u00e0 l\u2019agence de presse une source diplomatique fran\u00e7aise. La destination vers laquelle pourrait \u00eatre renvoy\u00e9e l\u2019\u00e9tudiante n\u2019a pas \u00e9t\u00e9 pr\u00e9cis\u00e9e. Au micro de RMC, le ministre des Affaires \u00e9trang\u00e8re Jean-No\u00ebl Barrot a confirm\u00e9 qu\u2019<strong>\u00ab\u00a0il y aura des poursuites qui seront engag\u00e9es et sur la base de ces \u00e9l\u00e9ments-l\u00e0, elle est susceptible d\u2019\u00eatre renvoy\u00e9e dans son pays, bien \u00e9videmment\u00a0\u00bb.<\/strong><\/p>\n<p>Laur\u00e9ate d\u2019une bourse destin\u00e9e aux \u00e9tudiants gazaouis<\/p>\n<p>L\u2019\u00e9tudiante palestinienne de 25\u00a0ans fait partie des 292\u00a0Gazaouis ayant b\u00e9n\u00e9fici\u00e9 d\u2019un droit d\u2019exil vers la France depuis mars dernier, rapporte le quai d\u2019Orsay. La jeune femme avait \u00e9t\u00e9 accept\u00e9e \u00e0 Sciences Po Lille gr\u00e2ce \u00e0 l\u2019obtention d\u2019une bourse sociale d\u00e9livr\u00e9e par le consulat fran\u00e7ais de J\u00e9rusalem, lui-m\u00eame sous la supervision directe du cabinet du ministre des Affaires \u00e9trang\u00e8res, Jean-No\u00ebl Barrot. Cette bourse s\u2019inscrit\u00a0dans le cadre d\u2019un programme cr\u00e9\u00e9 il y a un an et destin\u00e9 aux \u00e9tudiants gazaouis.<\/p>\n<p>Arriv\u00e9e le 11\u00a0juillet sur le sol fran\u00e7ais, la jeune femme \u00e9tait log\u00e9e au sein de l\u2019appartement personnel du directeur de Sciences Po Lille, \u00c9tienne Peyrat, <strong>\u00ab\u00a0dans l\u2019attente du logement universitaire qui lui \u00e9tait r\u00e9serv\u00e9\u00a0\u00bb<\/strong>, fait savoir l\u2019\u00e9tablissement.<\/p>\n<p>Les b\u00e9n\u00e9ficiaires de cette bourse <strong>\u00ab\u00a0sont s\u00e9lectionn\u00e9s sur des crit\u00e8res d\u2019excellence acad\u00e9mique et font l\u2019objet de v\u00e9rifications de s\u00e9curit\u00e9 par les services comp\u00e9tents avant leur arriv\u00e9e en France\u00a0\u00bb<\/strong>, indique une source diplomatique. <strong>\u00ab\u00a0Le ministre de l\u2019Europe et des Affaires \u00e9trang\u00e8res et le ministre de l\u2019Int\u00e9rieur ont demand\u00e9 le lancement d\u2019une enqu\u00eate interne, afin que cette situation ne se reproduise plus\u00a0\u00bb<\/strong>, a-t-elle dit.<\/p>\n<p><strong>\u00ab\u00a0Pourquoi on est pass\u00e9 \u00e0 travers\u00a0? Il y a quand m\u00eame une question, il faut y r\u00e9pondre\u00a0\u00bb<\/strong>, a reconnu jeudi sur RMC Fran\u00e7ois-No\u00ebl Buffet, ministre aupr\u00e8s du ministre fran\u00e7ais de l\u2019Int\u00e9rieur. <strong>\u00ab\u00a0Administrativement, semble-t-il, je suis tr\u00e8s prudent, il n\u2019y avait pas de difficult\u00e9 particuli\u00e8re, sauf que sur les r\u00e9seaux sociaux, voil\u00e0, on s\u2019en est rendu compte\u00a0\u00bb<\/strong>, a-t-il ajout\u00e9, pr\u00e9cisant que <strong>\u00ab\u00a0les services des titres de s\u00e9jour rel\u00e8vent du minist\u00e8re des Affaires \u00e9trang\u00e8res\u00a0\u00bb<\/strong>.<\/p>\n<p>La jeune femme \u00ab\u00a0n\u2019a rien \u00e0 faire en France\u00a0\u00bb, estime Jean-No\u00ebl Barrot<\/p>\n<p>L\u2019incident a fait largement r\u00e9agir dans la classe politique fran\u00e7aise, jusqu\u2019au gouvernement.\u00a0Le ministre de l\u2019Enseignement sup\u00e9rieur, Philippe Baptiste, a appuy\u00e9 la d\u00e9cision de l\u2019\u00e9cole sur X\u00a0: <strong>\u00ab\u00a0La France n\u2019a pas \u00e0 accueillir des \u00e9tudiants internationaux qui font l\u2019apologie du terrorisme, de crimes contre l\u2019humanit\u00e9 et de l\u2019antis\u00e9mitisme. Qu\u2019ils viennent de Gaza ou d\u2019ailleurs.\u00a0\u00bb<\/strong><\/p>\n<p>M\u00eame son de cloche du c\u00f4t\u00e9 du minist\u00e8re des Affaires \u00e9trang\u00e8res\u00a0:<strong> \u00ab\u00a0Une \u00e9tudiante gazaouie tenant des propos antis\u00e9mites n\u2019a rien \u00e0 faire en France\u00a0\u00bb<\/strong>, a r\u00e9agi sur X Jean-No\u00ebl Barrot. Il a indiqu\u00e9 avoir <strong>\u00ab\u00a0demand\u00e9 \u00e0 ce qu\u2019une enqu\u00eate interne soit diligent\u00e9e pour que cela ne puisse en aucun cas se reproduire\u00a0\u00bb<\/strong>.<\/p>\n<p>Le ministre de l\u2019Int\u00e9rieur, Bruno Retailleau, <a href=\"https:\/\/x.com\/BrunoRetailleau\/status\/1950529455220281656\" target=\"_self\">a quant \u00e0 lui d\u00e9nonc\u00e9 sur le m\u00eame r\u00e9seau social<\/a>\u00a0<strong>\u00ab\u00a0des propos inacceptables et inqui\u00e9tants\u00a0\u00bb<\/strong> avant de souligner avoir<strong> \u00ab\u00a0demand\u00e9 de faire fermer ce compte haineux\u00a0\u00bb<\/strong>. De son c\u00f4t\u00e9, la ministre de l\u2019\u00c9ducation nationale, \u00c9lisabeth Borne a rappel\u00e9\u00a0: <strong>\u00ab\u00a0Notre engagement est total contre l\u2019antis\u00e9mitisme sous toutes ses formes.\u00a0\u00bb<\/strong>.<\/p>\n<p>\u00a0<\/p>\n<p>\t\t<script async src=\"https:\/\/platform.twitter.com\/widgets.js\" charset=\"utf-8\"><\/script><\/p>\n","protected":false},"excerpt":{"rendered":"Elle ne sera pas sur les bancs de\u00a0l\u2019Institut d\u2019\u00e9tudes politiques (IEP) de Lille \u00e0 la rentr\u00e9e.\u00a0La justice fran\u00e7aise&hellip;\n","protected":false},"author":2,"featured_media":293752,"comment_status":"","ping_status":"","sticky":false,"template":"","format":"standard","meta":{"footnotes":""},"categories":[2815],"tags":[43370,1111,11,34470,10182,1777,674,1011,27,42457,811,1307,12,8437,25,748,10124],"class_list":{"0":"post-293751","1":"post","2":"type-post","3":"status-publish","4":"format-standard","5":"has-post-thumbnail","7":"category-lille","8":"tag-accusee","9":"tag-actu","10":"tag-actualites","11":"tag-antisemites","12":"tag-etudiante","13":"tag-eu","14":"tag-europe","15":"tag-fr","16":"tag-france","17":"tag-gazaouie","18":"tag-hauts-de-france","19":"tag-lille","20":"tag-news","21":"tag-propos","22":"tag-republique-francaise","23":"tag-sait","24":"tag-tenu"},"share_on_mastodon":{"url":"https:\/\/pubeurope.com\/@fr\/114965388032699607","error":""},"_links":{"self":[{"href":"https:\/\/www.europesays.com\/fr\/wp-json\/wp\/v2\/posts\/293751","targetHints":{"allow":["GET"]}}],"collection":[{"href":"https:\/\/www.europesays.com\/fr\/wp-json\/wp\/v2\/posts"}],"about":[{"href":"https:\/\/www.europesays.com\/fr\/wp-json\/wp\/v2\/types\/post"}],"author":[{"embeddable":true,"href":"https:\/\/www.europesays.com\/fr\/wp-json\/wp\/v2\/users\/2"}],"replies":[{"embeddable":true,"href":"https:\/\/www.europesays.com\/fr\/wp-json\/wp\/v2\/comments?post=293751"}],"version-history":[{"count":0,"href":"https:\/\/www.europesays.com\/fr\/wp-json\/wp\/v2\/posts\/293751\/revisions"}],"wp:featuredmedia":[{"embeddable":true,"href":"https:\/\/www.europesays.com\/fr\/wp-json\/wp\/v2\/media\/293752"}],"wp:attachment":[{"href":"https:\/\/www.europesays.com\/fr\/wp-json\/wp\/v2\/media?parent=293751"}],"wp:term":[{"taxonomy":"category","embeddable":true,"href":"https:\/\/www.europesays.com\/fr\/wp-json\/wp\/v2\/categories?post=293751"},{"taxonomy":"post_tag","embeddable":true,"href":"https:\/\/www.europesays.com\/fr\/wp-json\/wp\/v2\/tags?post=293751"}],"curies":[{"name":"wp","href":"https:\/\/api.w.org\/{rel}","templated":true}]}}