{"id":293754,"date":"2025-08-03T14:50:10","date_gmt":"2025-08-03T14:50:10","guid":{"rendered":"https:\/\/www.europesays.com\/fr\/293754\/"},"modified":"2025-08-03T14:50:10","modified_gmt":"2025-08-03T14:50:10","slug":"deux-incendies-coup-sur-coup-7-victimes-et-3-voitures-brulees","status":"publish","type":"post","link":"https:\/\/www.europesays.com\/fr\/293754\/","title":{"rendered":"deux incendies coup sur coup, 7 victimes et 3 voitures br\u00fbl\u00e9es"},"content":{"rendered":"<p>Les marins-pompiers sont intervenus coup sur coup pour deux incendies dans <a href=\"https:\/\/www.laprovence.com\/bouches-du-rhone\/marseille-13055\" target=\"_blank\" rel=\"noopener\">Marseille<\/a> intra-muros ce dimanche 3 ao\u00fbt.<\/p>\n<p>Peu apr\u00e8s 13\u00a0heures, c&rsquo;est d&rsquo;abord dans le 15e arrondissement que les secours se sont rendus toute sir\u00e8ne hurlante pour un incendie dans une casse automobile de la <a href=\"https:\/\/www.laprovence.com\/article\/faits-divers-justice\/2199306784421615\/une-boucherie-king-halal-encore-attaquee-par-des-incendiaires-a-marseille\" target=\"_blank\" rel=\"noopener\">rue de Lyon<\/a>, \u00e9quip\u00e9s au cas o\u00f9 de la <a href=\"https:\/\/www.laprovence.com\/article\/faits-divers-justice\/99820749591074\/les-manipulations-hasardeuses-dun-enfant-avec-une-alarme-incendie-precipitent-lintervention-des-marins-pompiers-a-marseille\" target=\"_blank\" rel=\"noopener\">grande \u00e9chelle<\/a> pour avoir une vision a\u00e9rienne de l&rsquo;\u00e9tendue du feu. Un sinistre finalement promptement ma\u00eetris\u00e9, puisque le feu \u00e9tait \u00e9teint et sous contr\u00f4le 15 minutes plus tard, m\u00eame si les flammes avaient eu le temps de d\u00e9vorer 3 v\u00e9hicules, n\u00e9cessit\u00e9 l&rsquo;\u00e9vacuation pr\u00e9ventive des passants et l\u00e9g\u00e8rement incommod\u00e9 un homme d&rsquo;une trentaine d&rsquo;ann\u00e9es pr\u00e9sent sur le site de la casse lorsque le feu s&rsquo;est d\u00e9clar\u00e9.<\/p>\n<p>Un quinquag\u00e9naire souffre de br\u00fblures aux membres sup\u00e9rieurs<\/p>\n<p>Un peu plus tard, vers 14\u00a0heures, c&rsquo;est dans le 5e arrondissement, dans le quartier du <a href=\"https:\/\/www.laprovence.com\/article\/faits-divers-justice\/94878264353529\/logement-indigne-a-marseille-au-camas-une-cave-transformee-en-logement-et-des-toilettes-a-l-air-libre\" target=\"_blank\" rel=\"noopener\">Camas<\/a>, qu&rsquo;un incendie d&rsquo;appartement a mobilis\u00e9 le bataillon marseillais. Alert\u00e9s peu avant 14\u00a0heures, une soixantaine de marins-pompiers ont rapidement investi un immeuble situ\u00e9 au n\u00b0\u00a021 de la <a href=\"https:\/\/www.laprovence.com\/article\/faits-divers-justice\/5446676\/adrien-crs-marseillais-et-heros-dune-nuit.html\" target=\"_blank\" rel=\"noopener\">rue Goudard<\/a>. Le sinistre qui s&rsquo;\u00e9tait d\u00e9clar\u00e9 au 5e \u00e9tage de ce b\u00e2timent \u00e0 usage d&rsquo;habitation sur 6 niveaux, a n\u00e9cessit\u00e9 l&rsquo;\u00e9vacuation de ses occupants et fait 7 victimes incommod\u00e9es par les fum\u00e9es, dont l&rsquo;une, un homme de 54 ans, a re\u00e7u des soins pour des br\u00fblures au niveau des membres inf\u00e9rieurs.<\/p>\n<p>Moins de 40 minutes apr\u00e8s avoir \u00e9t\u00e9 alert\u00e9 du d\u00e9part de feu, le bataillon a d\u00e9clar\u00e9 l&rsquo;incendie ma\u00eetris\u00e9, mais a cependant scrupuleusement proc\u00e9d\u00e9 \u00e0 des op\u00e9rations de reconnaissance dans tous les \u00e9tages o\u00f9 pouvaient subsister des fum\u00e9es r\u00e9siduelles. L&rsquo;origine du feu reste pour l&rsquo;heure ind\u00e9termin\u00e9e.<\/p>\n","protected":false},"excerpt":{"rendered":"Les marins-pompiers sont intervenus coup sur coup pour deux incendies dans Marseille intra-muros ce dimanche 3 ao\u00fbt. Peu&hellip;\n","protected":false},"author":2,"featured_media":293755,"comment_status":"","ping_status":"","sticky":false,"template":"","format":"standard","meta":{"footnotes":""},"categories":[2814],"tags":[17,1111,11,3952,4070,1777,674,274,1011,27,5383,884,12,882,25,3356,2023],"class_list":{"0":"post-293754","1":"post","2":"type-post","3":"status-publish","4":"format-standard","5":"has-post-thumbnail","7":"category-marseille","8":"tag-17","9":"tag-actu","10":"tag-actualites","11":"tag-coup","12":"tag-deux","13":"tag-eu","14":"tag-europe","15":"tag-faits-divers-justice","16":"tag-fr","17":"tag-france","18":"tag-incendies","19":"tag-marseille","20":"tag-news","21":"tag-provence-alpes-cote-dazur","22":"tag-republique-francaise","23":"tag-sur","24":"tag-victimes"},"share_on_mastodon":{"url":"https:\/\/pubeurope.com\/@fr\/114965395822522181","error":""},"_links":{"self":[{"href":"https:\/\/www.europesays.com\/fr\/wp-json\/wp\/v2\/posts\/293754","targetHints":{"allow":["GET"]}}],"collection":[{"href":"https:\/\/www.europesays.com\/fr\/wp-json\/wp\/v2\/posts"}],"about":[{"href":"https:\/\/www.europesays.com\/fr\/wp-json\/wp\/v2\/types\/post"}],"author":[{"embeddable":true,"href":"https:\/\/www.europesays.com\/fr\/wp-json\/wp\/v2\/users\/2"}],"replies":[{"embeddable":true,"href":"https:\/\/www.europesays.com\/fr\/wp-json\/wp\/v2\/comments?post=293754"}],"version-history":[{"count":0,"href":"https:\/\/www.europesays.com\/fr\/wp-json\/wp\/v2\/posts\/293754\/revisions"}],"wp:featuredmedia":[{"embeddable":true,"href":"https:\/\/www.europesays.com\/fr\/wp-json\/wp\/v2\/media\/293755"}],"wp:attachment":[{"href":"https:\/\/www.europesays.com\/fr\/wp-json\/wp\/v2\/media?parent=293754"}],"wp:term":[{"taxonomy":"category","embeddable":true,"href":"https:\/\/www.europesays.com\/fr\/wp-json\/wp\/v2\/categories?post=293754"},{"taxonomy":"post_tag","embeddable":true,"href":"https:\/\/www.europesays.com\/fr\/wp-json\/wp\/v2\/tags?post=293754"}],"curies":[{"name":"wp","href":"https:\/\/api.w.org\/{rel}","templated":true}]}}