{"id":293760,"date":"2025-08-03T14:56:16","date_gmt":"2025-08-03T14:56:16","guid":{"rendered":"https:\/\/www.europesays.com\/fr\/293760\/"},"modified":"2025-08-03T14:56:16","modified_gmt":"2025-08-03T14:56:16","slug":"un-enfant-a-disparu-en-mer-a-gravelines-deux-autres-ont-pu-etre-secourus","status":"publish","type":"post","link":"https:\/\/www.europesays.com\/fr\/293760\/","title":{"rendered":"Un enfant a disparu en mer \u00e0 Gravelines, deux autres ont pu \u00eatre secourus"},"content":{"rendered":"<p class=\"c-chapo \">\n  Trois enfants ont \u00e9t\u00e9 emport\u00e9s par le courant lorsqu&rsquo;ils se baignaient, samedi, sur la plage du Nord. Les op\u00e9rations de recherches pour retrouver le dernier enfant disparu se sont arr\u00eat\u00e9es samedi en fin de journ\u00e9e.\n<\/p>\n<p>            lire plus tard<\/p>\n<p id=\"dialog__title\" class=\"dialog__title\">Pour sauvegarder cet article, connectez-vous ou cr\u00e9ez un compte franceinfo<\/p>\n<p class=\"dialog__description\">Sans paiement. Sans abonnement.<\/p>\n<p>        Fermer la fen\u00eatre d\u2019activation des notifications France Info<\/p>\n<p>            cr\u00e9er votre compte<\/p>\n<p>            se connecter<\/p>\n<p>        Fermer la fen\u00eatre de pr\u00e9sentation<\/p>\n<p>    <img loading=\"lazy\" decoding=\"async\" class=\"signature__image lazyload\" width=\"100\" height=\"100\" data- alt=\"\" src=\"https:\/\/www.europesays.com\/fr\/wp-content\/uploads\/2025\/06\/64a55fd777de4_placeholder-36b69ec8.png\"\/><\/p>\n<p>    Publi\u00e9 le 03\/08\/2025 13:44<\/p>\n<p>      Mis \u00e0 jour le 03\/08\/2025 15:31<\/p>\n<p>        Temps de lecture : 2min<\/p>\n<p>    <img decoding=\"async\"  alt=\"Une plage \u00e0 Gravelines (Nord), photographi\u00e9e en 2017. (PHILIPPE TURPIN \/ PHOTONONSTOP via AFP)\" width=\"432\" height=\"243\" src=\"https:\/\/www.europesays.com\/fr\/wp-content\/uploads\/2025\/08\/034-3489190-688f4b600075b944222757.jpg\" fetchpriority=\"high\"\/><\/p>\n<p>      Une plage \u00e0 Gravelines (Nord), photographi\u00e9e en 2017. (PHILIPPE TURPIN \/ PHOTONONSTOP via AFP)<\/p>\n<p>Un enfant \u00e2g\u00e9 de 13\u00a0ans a disparu en mer \u00e0 Gravelines (Nord), samedi 2\u00a0ao\u00fbt dans l&rsquo;apr\u00e8s-midi, et les recherches pour le retrouver sont termin\u00e9es, a annonc\u00e9 dimanche 3\u00a0ao\u00fbt la pr\u00e9fecture maritime de la Manche et de la mer du Nord. \u00ab\u00a0Malgr\u00e9 l&rsquo;engagement intensif des moyens a\u00e9riens, nautiques et terrestres, l&rsquo;enfant disparu en mer reste introuvable\u00a0\u00bb, \u00e9crit-elle <a href=\"https:\/\/www.premar-manche.gouv.fr\/communiques-presse\/operation-de-recherche-et-de-sauvetage-trois-enfants-emportes-par-le-courant-au-large-de-gravelines-59-deux-retrouves-sains-et-saufs-un-enfant-porte-disparu\" target=\"_blank\" rel=\"noopener nofollow\">dans un communiqu\u00e9<\/a>.<\/p>\n<p>L&rsquo;alerte avait \u00e9t\u00e9 donn\u00e9e par un t\u00e9moin, \u00e0 terre, quand il a vu trois jeunes baigneurs emport\u00e9s par le courant. L&rsquo;un d&rsquo;eux a pu \u00eatre rapidement secouru, et un autre est parvenu \u00e0 sortir de l&rsquo;eau. Les deux enfants ont \u00e9t\u00e9 pris en charge par les pompiers et confirm\u00e9 la pr\u00e9sence dans l&rsquo;eau d&rsquo;un troisi\u00e8me enfant, leur cousin, \u00ab\u00a0toujours en difficult\u00e9 dans l&rsquo;eau\u00a0\u00bb, pr\u00e9cise la pr\u00e9fecture.<\/p>\n<p>\u00ab\u00a0Les trois gar\u00e7ons \u00e9taient dans une zone o\u00f9 la baignade n&rsquo;\u00e9tait pas surveill\u00e9e\u00a0\u00bb, a pr\u00e9cis\u00e9 pour franceinfo Alain Boonefaes, adjoint au maire de Gravelines charg\u00e9 de la s\u00e9curit\u00e9. Selon lui, les trois gar\u00e7ons \u00e9taient \u00ab\u00a0sur un bateau pneumatique\u00a0\u00bb au niveau de la plage des Huttes, proche de la plage de Petit-Fort-Philippe. \u00ab\u00a0Le p\u00e8re et l&rsquo;oncle \u00e9taient \u00e0 la p\u00eache\u00a0\u00bb et ne surveillaient visiblement pas les trois adolescents. \u00ab\u00a0Avec le vent, le bateau s&rsquo;est \u00e9loign\u00e9 de la zone de surveillance des adultes\u00a0\u00bb avant de chavirer.<\/p>\n<p>Un important dispositif avait \u00e9t\u00e9 d\u00e9ploy\u00e9 pour retrouver les enfants, avec un h\u00e9licopt\u00e8re de la marine nationale et plusieurs bateaux. \u00ab\u00a0Apr\u00e8s plusieurs heures d&rsquo;op\u00e9rations sans r\u00e9sultat\u00a0\u00bb, la pr\u00e9fecture a d\u00e9cid\u00e9 d&rsquo;arr\u00eater les op\u00e9rations de recherches du troisi\u00e8me enfant, samedi en fin de journ\u00e9e, \u00ab\u00a0l&rsquo;int\u00e9gralit\u00e9 des zones de recherches\u00a0\u00bb ayant \u00e9t\u00e9 couverte.\u00a0Le commissariat de police de Dunkerque a \u00e9t\u00e9 saisi pour une enqu\u00eate pour une disparition inqui\u00e9tante.<\/p>\n<p class=\"related-tags__title\" role=\"heading\" aria-level=\"2\">les mots-cl\u00e9s associ\u00e9s \u00e0 cet article\n    <\/p>\n","protected":false},"excerpt":{"rendered":"Trois enfants ont \u00e9t\u00e9 emport\u00e9s par le courant lorsqu&rsquo;ils se baignaient, samedi, sur la plage du Nord. Les&hellip;\n","protected":false},"author":2,"featured_media":293761,"comment_status":"","ping_status":"","sticky":false,"template":"","format":"standard","meta":{"footnotes":""},"categories":[1888],"tags":[1111,1928,11,1927,1777,674,1011,27,12,1926,626,1925,25],"class_list":{"0":"post-293760","1":"post","2":"type-post","3":"status-publish","4":"format-standard","5":"has-post-thumbnail","7":"category-paris","8":"tag-actu","9":"tag-actu-paris","10":"tag-actualites","11":"tag-actualites-paris","12":"tag-eu","13":"tag-europe","14":"tag-fr","15":"tag-france","16":"tag-news","17":"tag-news-paris","18":"tag-paris","19":"tag-paris-news","20":"tag-republique-francaise"},"share_on_mastodon":{"url":"https:\/\/pubeurope.com\/@fr\/114965419397609244","error":""},"_links":{"self":[{"href":"https:\/\/www.europesays.com\/fr\/wp-json\/wp\/v2\/posts\/293760","targetHints":{"allow":["GET"]}}],"collection":[{"href":"https:\/\/www.europesays.com\/fr\/wp-json\/wp\/v2\/posts"}],"about":[{"href":"https:\/\/www.europesays.com\/fr\/wp-json\/wp\/v2\/types\/post"}],"author":[{"embeddable":true,"href":"https:\/\/www.europesays.com\/fr\/wp-json\/wp\/v2\/users\/2"}],"replies":[{"embeddable":true,"href":"https:\/\/www.europesays.com\/fr\/wp-json\/wp\/v2\/comments?post=293760"}],"version-history":[{"count":0,"href":"https:\/\/www.europesays.com\/fr\/wp-json\/wp\/v2\/posts\/293760\/revisions"}],"wp:featuredmedia":[{"embeddable":true,"href":"https:\/\/www.europesays.com\/fr\/wp-json\/wp\/v2\/media\/293761"}],"wp:attachment":[{"href":"https:\/\/www.europesays.com\/fr\/wp-json\/wp\/v2\/media?parent=293760"}],"wp:term":[{"taxonomy":"category","embeddable":true,"href":"https:\/\/www.europesays.com\/fr\/wp-json\/wp\/v2\/categories?post=293760"},{"taxonomy":"post_tag","embeddable":true,"href":"https:\/\/www.europesays.com\/fr\/wp-json\/wp\/v2\/tags?post=293760"}],"curies":[{"name":"wp","href":"https:\/\/api.w.org\/{rel}","templated":true}]}}