{"id":293764,"date":"2025-08-03T14:58:10","date_gmt":"2025-08-03T14:58:10","guid":{"rendered":"https:\/\/www.europesays.com\/fr\/293764\/"},"modified":"2025-08-03T14:58:10","modified_gmt":"2025-08-03T14:58:10","slug":"neuilly-un-faux-pompier-et-ses-complices-derobent-pour-500-000-euros-de-montres-et-bijoux-lors-dun-home-jacking","status":"publish","type":"post","link":"https:\/\/www.europesays.com\/fr\/293764\/","title":{"rendered":"Neuilly\u00a0: un faux pompier et ses complices d\u00e9robent pour 500\u00a0000\u00a0euros de montres et bijoux lors d\u2019un home-jacking"},"content":{"rendered":"<p class=\"paragraph text_align_left lp-f-body-02\">Il a fait croire qu\u2019il \u00e9tait un soldat du feu pour se faire ouvrir la porte et arriver \u00e0 ses fins. Un homme qui avait rev\u00eatu un uniforme de pompier et deux de ses complices ont men\u00e9 un home-jacking ce dimanche matin \u00e0 Neuilly-sur-Seine.<\/p>\n<p class=\"paragraph text_align_left lp-f-body-02\">Il est environ 7h30 ce dimanche matin lorsque les trois malfaiteurs se pr\u00e9sentent au domicile de la victime. Le propri\u00e9taire des lieux \u00e2g\u00e9 de 60 ans leur ouvre dans un premier temps la porte avant de se rendre compte du subterfuge.<\/p>\n<p class=\"paragraph text_align_left lp-f-body-02\">Les malfaiteurs parviennent \u00e0 p\u00e9n\u00e9trer au domicile, o\u00f9 se trouve aussi un proche du propri\u00e9taire \u00e2g\u00e9 de 23 ans. Ils d\u00e9robent plusieurs montres de luxe et des bijoux, avant de prendre la fuite.<\/p>\n<p class=\"paragraph text_align_left lp-f-body-02\">Montant total du pr\u00e9judice : environ 500 000 euros. Les agents de la police judiciaire (PJ) de Nanterre, charg\u00e9e de l\u2019enqu\u00eate, recherchent toujours activement les braqueurs. Tr\u00e8s choqu\u00e9s, les deux hommes victimes de ce vol, n\u2019ont cependant pas \u00e9t\u00e9 bless\u00e9s.<\/p>\n<p>Neuilly, cible privil\u00e9gi\u00e9e<\/p>\n<p class=\"paragraph text_align_left lp-f-body-02\">Ce n\u2019est pas la premi\u00e8re fois qu\u2019un home-jacking est commis \u00e0 Neuilly-sur-Seine. Figurant parmi les villes qui comptent le plus de foyers ais\u00e9s en \u00cele-de-France, la commune hupp\u00e9e de l\u2019ouest parisien est particuli\u00e8rement vis\u00e9e par les cambrioleurs utilisant ce mode op\u00e9ratoire. En mai dernier, <a href=\"https:\/\/www.leparisien.fr\/hauts-de-seine-92\/home-jacking-a-neuilly-une-femme-ligotee-et-des-bijoux-voles-la-nuit-derniere-dans-une-maison-14-05-2025-FDXCTSLLAVBQXFUQHFBOODP4WM.php\" target=\"_self\" rel=\"noopener\">trois de ces faits ont \u00e9t\u00e9 commis coup sur coup<\/a> \u00e0 quelques jours d\u2019intervalle dans la <a href=\"https:\/\/www.leparisien.fr\/hauts-de-seine-92\/demographie-des-hauts-de-seine-des-naissances-et-de-nouveaux-habitants-la-formule-gagnante-de-gennevilliers-30-12-2024-R7MAOW3UDZGHFOTCBFRGO7IZSY.php\" target=\"_self\" rel=\"noopener\">ville de 59 000 habitants<\/a>.<\/p>\n<p class=\"paragraph text_align_left lp-f-body-02\">Le dimanche 11 mai au matin un <a href=\"https:\/\/www.leparisien.fr\/faits-divers\/neuilly-sur-seine-un-bijoutier-a-la-retraite-et-sa-femme-attaques-chez-eux-a-laube-11-05-2025-6BD4UXBDDBB4ZG2Q34GZH7LW5U.php\" target=\"_self\" rel=\"noopener\">bijoutier \u00e0 la retraite et sa femme<\/a> avaient \u00e9t\u00e9 victimes de home-jacking, lors duquel cette derni\u00e8re avait \u00e9t\u00e9 ligot\u00e9e avec du ruban adh\u00e9sif pendant que son mari \u00e9tait menac\u00e9 avec des armes blanches. Des montres et des bijoux avaient \u00e9t\u00e9 vol\u00e9s pour un butin s\u2019\u00e9levant entre 150 000 et 200 000 euros.<\/p>\n<p class=\"paragraph text_align_left lp-f-body-02\">Moins de 48 heures plus tard, dans la nuit du lundi 12 au mardi 13 mai, <a href=\"https:\/\/www.leparisien.fr\/hauts-de-seine-92\/hauts-de-seine-encore-deux-victimes-de-cambriolages-en-pleine-nuit-13-05-2025-VNEC3VE6YRAZZAY6V3JOOXWSRE.php\" target=\"_self\" rel=\"noopener\">des cambrioleurs \u00e9taient pass\u00e9s \u00e0 l\u2019action<\/a> dans une maison tr\u00e8s cossue occup\u00e9e par une vieille dame souffrant d\u2019Alzheimer. Trois mineurs avaient \u00e9t\u00e9 interpell\u00e9s, dont l\u2019un portait un couteau et un butin qui se composait de quelques bijoux et de sacs de grandes marques. Ils avaient \u00e9t\u00e9 <a href=\"https:\/\/www.leparisien.fr\/hauts-de-seine-92\/home-jacking-a-neuilly-les-trois-suspects-avaient-ete-recrutes-sur-snapchat-pour-monter-au-braquo-16-05-2025-NMYZ4P2D6FFN5EBXCQQATHORWY.php\" target=\"_self\" rel=\"noopener\">recrut\u00e9s sur Snapchat<\/a>.<\/p>\n<p class=\"paragraph text_align_left lp-f-body-02\">La nuit suivante trois cambrioleurs avaient p\u00e9n\u00e9tr\u00e9 dans une maison particuli\u00e8re de la rue de Ch\u00e9zy, <a href=\"https:\/\/www.leparisien.fr\/hauts-de-seine-92\/home-jacking-a-neuilly-une-femme-ligotee-et-des-bijoux-voles-la-nuit-derniere-dans-une-maison-14-05-2025-FDXCTSLLAVBQXFUQHFBOODP4WM.php\" target=\"_self\" rel=\"noopener\">arm\u00e9s d\u2019un couteau et d\u2019un marteau<\/a>, et ligot\u00e9 une femme de 35 ans, alors que sa m\u00e8re \u00e2g\u00e9e de 75 ans s\u2019y trouvait aussi. Les trois suspects, \u00e2g\u00e9s de 21, 22 et 25 ans avaient rapidement \u00e9t\u00e9 interpell\u00e9s, dont l\u2019un en possession de montres de luxe et de bijoux subtilis\u00e9s lors du home-jacking.<\/p>\n<p class=\"paragraph text_align_left lp-f-body-02\">En janvier dernier d\u00e9j\u00e0 un couple avait \u00e9t\u00e9 frapp\u00e9 et ligot\u00e9 dans son appartement avant de se faire d\u00e9rober une voiture et divers bijoux.<\/p>\n","protected":false},"excerpt":{"rendered":"Il a fait croire qu\u2019il \u00e9tait un soldat du feu pour se faire ouvrir la porte et arriver&hellip;\n","protected":false},"author":2,"featured_media":293765,"comment_status":"","ping_status":"","sticky":false,"template":"","format":"standard","meta":{"footnotes":""},"categories":[1888],"tags":[11,1777,674,118,1011,27,3314,1944,12,626,25],"class_list":{"0":"post-293764","1":"post","2":"type-post","3":"status-publish","4":"format-standard","5":"has-post-thumbnail","7":"category-paris","8":"tag-actualites","9":"tag-eu","10":"tag-europe","11":"tag-faits-divers","12":"tag-fr","13":"tag-france","14":"tag-hauts-de-seine","15":"tag-ma-ville","16":"tag-news","17":"tag-paris","18":"tag-republique-francaise"},"share_on_mastodon":{"url":"https:\/\/pubeurope.com\/@fr\/114965427254208152","error":""},"_links":{"self":[{"href":"https:\/\/www.europesays.com\/fr\/wp-json\/wp\/v2\/posts\/293764","targetHints":{"allow":["GET"]}}],"collection":[{"href":"https:\/\/www.europesays.com\/fr\/wp-json\/wp\/v2\/posts"}],"about":[{"href":"https:\/\/www.europesays.com\/fr\/wp-json\/wp\/v2\/types\/post"}],"author":[{"embeddable":true,"href":"https:\/\/www.europesays.com\/fr\/wp-json\/wp\/v2\/users\/2"}],"replies":[{"embeddable":true,"href":"https:\/\/www.europesays.com\/fr\/wp-json\/wp\/v2\/comments?post=293764"}],"version-history":[{"count":0,"href":"https:\/\/www.europesays.com\/fr\/wp-json\/wp\/v2\/posts\/293764\/revisions"}],"wp:featuredmedia":[{"embeddable":true,"href":"https:\/\/www.europesays.com\/fr\/wp-json\/wp\/v2\/media\/293765"}],"wp:attachment":[{"href":"https:\/\/www.europesays.com\/fr\/wp-json\/wp\/v2\/media?parent=293764"}],"wp:term":[{"taxonomy":"category","embeddable":true,"href":"https:\/\/www.europesays.com\/fr\/wp-json\/wp\/v2\/categories?post=293764"},{"taxonomy":"post_tag","embeddable":true,"href":"https:\/\/www.europesays.com\/fr\/wp-json\/wp\/v2\/tags?post=293764"}],"curies":[{"name":"wp","href":"https:\/\/api.w.org\/{rel}","templated":true}]}}