{"id":293766,"date":"2025-08-03T14:59:12","date_gmt":"2025-08-03T14:59:12","guid":{"rendered":"https:\/\/www.europesays.com\/fr\/293766\/"},"modified":"2025-08-03T14:59:12","modified_gmt":"2025-08-03T14:59:12","slug":"une-octogenaire-incineree-par-erreur","status":"publish","type":"post","link":"https:\/\/www.europesays.com\/fr\/293766\/","title":{"rendered":"une octog\u00e9naire incin\u00e9r\u00e9e par erreur"},"content":{"rendered":"<p>Fervente catholique, Fran\u00e7oise souhaitait \u00eatre inhum\u00e9e en Normandie, dans le cimeti\u00e8re de sa commune natale. \u00c0 la suite d&rsquo;une incroyable m\u00e9prise, elle a pourtant \u00e9t\u00e9 incin\u00e9r\u00e9e \u00e0 Paris, selon <a href=\"https:\/\/www.leparisien.fr\/faits-divers\/a-paris-une-femme-incineree-par-erreur-quand-il-sen-est-rendu-compte-cetait-trop-tard-02-08-2025-VJNFIS5KFVEUFJPLWSUPQLHVXY.php\" target=\"_blank\" rel=\"nofollow noopener\">Le Parisien<\/a>.<\/p>\n<p>La c\u00e9r\u00e9monie a eu lieu le 10 juillet dernier, soit 12 jours apr\u00e8s le d\u00e9c\u00e8s survenu le 28 juin. Les proches se rassemblent au c\u00e9l\u00e8bre cimeti\u00e8re du P\u00e8re-Lachaise, dans le 20e arrondissement de la capitale, pour une premi\u00e8re c\u00e9r\u00e9monie de recueillement. Le cercueil doit ensuite \u00eatre transport\u00e9 en Normandie, pour un enterrement en pr\u00e9sence de la famille.<\/p>\n<p>Ce contenu est bloqu\u00e9 car vous n&rsquo;avez pas accept\u00e9 les cookies et autres traceurs.<\/p>\n<p>En cliquant sur \u00ab J\u2019accepte \u00bb, les cookies et autres traceurs seront d\u00e9pos\u00e9s et vous pourrez visualiser les contenus  (<a href=\"\" class=\"consentModule_policy\" target=\"_blank\" title=\"Consulter la politique de protection des donn\u00e9es du fournisseur\">plus d&rsquo;informations<\/a>).<\/p>\n<p>En cliquant sur \u00ab J\u2019accepte tous les cookies \u00bb, vous autorisez des d\u00e9p\u00f4ts de cookies et autres traceurs pour le stockage de vos donn\u00e9es sur nos sites et applications \u00e0 des fins de personnalisation et de ciblage publicitaire.<\/p>\n<p class=\"consentModule_secondaryText\">Vous gardez la possibilit\u00e9 de retirer votre consentement \u00e0 tout moment en consultant notre <a href=\"https:\/\/www.ledauphine.com\/protection-des-donnees\" target=\"_blank\" title=\"Consulter notre politique de protection des donn\u00e9es\" rel=\"nofollow noopener\">politique de protection des donn\u00e9es<\/a>. <br \/>&#13;<br \/>\n            <a href=\"https:\/\/www.ledauphine.com\/faits-divers-justice\/2025\/08\/03\/javascript:Didomi.notice.show()\" class=\"consentModule_cmp\" rel=\"nofollow noopener\" target=\"_blank\">G\u00e9rer mes choix<\/a>&#13;\n        <\/p>\n<p>&#13;<br \/>\n                        J&rsquo;accepte&#13;<br \/>\n            J&rsquo;accepte tous les cookies&#13;\n        <\/p>\n<p>  Une \u00ab\u00a0incompr\u00e9hension\u00a0\u00bb \u00e0 l&rsquo;origine de l&rsquo;erreur\u00a0<\/p>\n<p>D&rsquo;apr\u00e8s Le Parisien, qui s&rsquo;est fait confirmer l&rsquo;information par la Ville de Paris comme par Funecap, l&rsquo;entreprise gestionnaires du cr\u00e9matorium, une \u00ab\u00a0incompr\u00e9hension\u00a0\u00bb entre deux salari\u00e9s a abouti \u00e0 ce que le cercueil soit d\u00e9pos\u00e9 dans le cr\u00e9matorium &#8211; \u00e0 la place d&rsquo;un autre. Ensuite, l&rsquo;absence de v\u00e9rifications d&rsquo;usage a conduit un autre salari\u00e9 \u00e0 lancer la cr\u00e9mation&#8230; alors que le corbillard patientait \u00e0 l&rsquo;ext\u00e9rieur. Lorsque celui-ci se rend compte de son erreur, il est trop tard\u00a0: la cr\u00e9mation a commenc\u00e9 et il est impossible d&rsquo;ouvrir la porte du four.<\/p>\n<p>Ulc\u00e9r\u00e9e, c&rsquo;est donc munie d&rsquo;une urne fun\u00e9raire que la famille a finalement gagn\u00e9 la Normandie. Le patron de Funecap, Xavier Thoumieux, assume\u00a0\u00ab une erreur humaine extr\u00eamement regrettable \u00bb, et pr\u00e9cise que \u00ab jamais cet incident ne s\u2019\u00e9tait produit \u00bb dans l\u2019un des 60 cr\u00e9matoriums g\u00e9r\u00e9s par la soci\u00e9t\u00e9.\u00a0La Ville de Paris, propri\u00e9taire du cr\u00e9matorium, a confirm\u00e9 les faits et regrett\u00e9 un \u00ab incident d\u2019une particuli\u00e8re gravit\u00e9 [&#8230;] L\u2019acte de cr\u00e9mation a \u00e9t\u00e9 r\u00e9alis\u00e9 en contradiction manifeste avec les proc\u00e9dures en vigueur \u00bb.\u00a0<\/p>\n<p class=\"note\">&gt;&gt; Lire l&rsquo;article du <a href=\"https:\/\/www.leparisien.fr\/faits-divers\/a-paris-une-femme-incineree-par-erreur-quand-il-sen-est-rendu-compte-cetait-trop-tard-02-08-2025-VJNFIS5KFVEUFJPLWSUPQLHVXY.php\" target=\"_blank\" rel=\"nofollow noopener\">Parisien<\/a>.<\/p>\n","protected":false},"excerpt":{"rendered":"Fervente catholique, Fran\u00e7oise souhaitait \u00eatre inhum\u00e9e en Normandie, dans le cimeti\u00e8re de sa commune natale. \u00c0 la suite&hellip;\n","protected":false},"author":2,"featured_media":293767,"comment_status":"","ping_status":"","sticky":false,"template":"","format":"standard","meta":{"footnotes":""},"categories":[1888],"tags":[11,1777,674,274,107,1011,27,329,12,626,25],"class_list":{"0":"post-293766","1":"post","2":"type-post","3":"status-publish","4":"format-standard","5":"has-post-thumbnail","7":"category-paris","8":"tag-actualites","9":"tag-eu","10":"tag-europe","11":"tag-faits-divers-justice","12":"tag-fil-info","13":"tag-fr","14":"tag-france","15":"tag-france-monde","16":"tag-news","17":"tag-paris","18":"tag-republique-francaise"},"share_on_mastodon":{"url":"https:\/\/pubeurope.com\/@fr\/114965431166396005","error":""},"_links":{"self":[{"href":"https:\/\/www.europesays.com\/fr\/wp-json\/wp\/v2\/posts\/293766","targetHints":{"allow":["GET"]}}],"collection":[{"href":"https:\/\/www.europesays.com\/fr\/wp-json\/wp\/v2\/posts"}],"about":[{"href":"https:\/\/www.europesays.com\/fr\/wp-json\/wp\/v2\/types\/post"}],"author":[{"embeddable":true,"href":"https:\/\/www.europesays.com\/fr\/wp-json\/wp\/v2\/users\/2"}],"replies":[{"embeddable":true,"href":"https:\/\/www.europesays.com\/fr\/wp-json\/wp\/v2\/comments?post=293766"}],"version-history":[{"count":0,"href":"https:\/\/www.europesays.com\/fr\/wp-json\/wp\/v2\/posts\/293766\/revisions"}],"wp:featuredmedia":[{"embeddable":true,"href":"https:\/\/www.europesays.com\/fr\/wp-json\/wp\/v2\/media\/293767"}],"wp:attachment":[{"href":"https:\/\/www.europesays.com\/fr\/wp-json\/wp\/v2\/media?parent=293766"}],"wp:term":[{"taxonomy":"category","embeddable":true,"href":"https:\/\/www.europesays.com\/fr\/wp-json\/wp\/v2\/categories?post=293766"},{"taxonomy":"post_tag","embeddable":true,"href":"https:\/\/www.europesays.com\/fr\/wp-json\/wp\/v2\/tags?post=293766"}],"curies":[{"name":"wp","href":"https:\/\/api.w.org\/{rel}","templated":true}]}}