{"id":293768,"date":"2025-08-03T15:00:19","date_gmt":"2025-08-03T15:00:19","guid":{"rendered":"https:\/\/www.europesays.com\/fr\/293768\/"},"modified":"2025-08-03T15:00:19","modified_gmt":"2025-08-03T15:00:19","slug":"volodymyr-zelensky-annonce-quune-liste-de-noms-est-en-train-detre-etablie-pour-un-echange-de-1-200-prisonniers-avec-la-russie","status":"publish","type":"post","link":"https:\/\/www.europesays.com\/fr\/293768\/","title":{"rendered":"Volodymyr Zelensky annonce qu\u2019une liste de noms est en train d\u2019\u00eatre \u00e9tablie pour un \u00e9change de 1\u00a0200\u00a0prisonniers avec la Russie"},"content":{"rendered":"<br \/>\n<blockquote class=\"post__live-container--comment-blockquote\"><p>France 24 parlait hier soir d&rsquo;un r\u00e9seau de corruption portant sur l&rsquo;achat de dr\u00f4nes. Avez-vous des infos?<\/p><\/blockquote>\n<p>    Ben Kenobi                                   <\/p>\n<p class=\"post__live-container--answer-text post__space-node\">Dans un <a href=\"https:\/\/t.me\/sap_gov_ua\/3117\" target=\"_blank\" rel=\"noopener nofollow\" title=\"Nouvelle fen\u00eatre\">communiqu\u00e9 commun publi\u00e9 sur les r\u00e9seaux sociaux<\/a>, le Bureau national anticorruption (NABU) et le bureau du procureur sp\u00e9cialis\u00e9 (SAP) ont d\u00e9clar\u00e9 que les suspects avaient accept\u00e9 des pots-de-vin dans le cadre d\u2019un syst\u00e8me qui utilisait des fonds publics pour acheter des drones et d\u2019autres \u00e9quipements militaires \u00e0 des prix excessifs.<\/p>\n<p class=\"post__live-container--answer-text post__space-node\">\u00ab\u00a0L\u2019essentiel de la combine consistait \u00e0 conclure des contrats d\u2019Etat avec des fournisseurs \u00e0 des prix d\u00e9lib\u00e9r\u00e9ment gonfl\u00e9s\u00a0\u00bb, pr\u00e9cise le communiqu\u00e9, qui ajoute que les contrevenants ont re\u00e7u des pots-de-vin repr\u00e9sentant jusqu\u2019\u00e0 30\u00a0% de la valeur des contrats.<\/p>\n<p class=\"post__live-container--answer-text post__space-node\">Les organismes de lutte contre la corruption n\u2019ont pas r\u00e9v\u00e9l\u00e9 l\u2019identit\u00e9 des personnes d\u00e9tenues, mais ont annonc\u00e9 qu\u2019un l\u00e9gislateur ukrainien, des responsables locaux de districts et de villes, ainsi que des membres de la garde nationale \u00e9taient impliqu\u00e9s. Quatre\u00a0personnes ont \u00e9t\u00e9 arr\u00eat\u00e9es. Le minist\u00e8re de l\u2019int\u00e9rieur a d\u00e9clar\u00e9 que les membres de la garde nationale impliqu\u00e9s dans l\u2019affaire avaient \u00e9t\u00e9 d\u00e9mis de leurs fonctions.<\/p>\n<p class=\"post__live-container--answer-text post__space-node\">Dans son <a href=\"https:\/\/t.me\/V_Zelenskiy_official\/15421\" target=\"_blank\" rel=\"noopener nofollow\" title=\"Nouvelle fen\u00eatre\">allocution quotidienne,<\/a> samedi soir, le pr\u00e9sident ukrainien, Volodymyr Zelensky, a qualifi\u00e9 le syst\u00e8me de corruption d\u2019\u00ab\u00a0absolument immoral\u00a0\u00bb et remerci\u00e9 les agences de lutte contre la corruption pour leur travail.<\/p>\n","protected":false},"excerpt":{"rendered":"France 24 parlait hier soir d&rsquo;un r\u00e9seau de corruption portant sur l&rsquo;achat de dr\u00f4nes. Avez-vous des infos? Ben&hellip;\n","protected":false},"author":2,"featured_media":293769,"comment_status":"","ping_status":"","sticky":false,"template":"","format":"standard","meta":{"footnotes":""},"categories":[1591],"tags":[11,1887,12,1885,1886,132],"class_list":{"0":"post-293768","1":"post","2":"type-post","3":"status-publish","4":"format-standard","5":"has-post-thumbnail","7":"category-russie","8":"tag-actualites","9":"tag-federation-de-russie","10":"tag-news","11":"tag-russia","12":"tag-russian-federation","13":"tag-russie"},"share_on_mastodon":{"url":"https:\/\/pubeurope.com\/@fr\/114965435062238247","error":""},"_links":{"self":[{"href":"https:\/\/www.europesays.com\/fr\/wp-json\/wp\/v2\/posts\/293768","targetHints":{"allow":["GET"]}}],"collection":[{"href":"https:\/\/www.europesays.com\/fr\/wp-json\/wp\/v2\/posts"}],"about":[{"href":"https:\/\/www.europesays.com\/fr\/wp-json\/wp\/v2\/types\/post"}],"author":[{"embeddable":true,"href":"https:\/\/www.europesays.com\/fr\/wp-json\/wp\/v2\/users\/2"}],"replies":[{"embeddable":true,"href":"https:\/\/www.europesays.com\/fr\/wp-json\/wp\/v2\/comments?post=293768"}],"version-history":[{"count":0,"href":"https:\/\/www.europesays.com\/fr\/wp-json\/wp\/v2\/posts\/293768\/revisions"}],"wp:featuredmedia":[{"embeddable":true,"href":"https:\/\/www.europesays.com\/fr\/wp-json\/wp\/v2\/media\/293769"}],"wp:attachment":[{"href":"https:\/\/www.europesays.com\/fr\/wp-json\/wp\/v2\/media?parent=293768"}],"wp:term":[{"taxonomy":"category","embeddable":true,"href":"https:\/\/www.europesays.com\/fr\/wp-json\/wp\/v2\/categories?post=293768"},{"taxonomy":"post_tag","embeddable":true,"href":"https:\/\/www.europesays.com\/fr\/wp-json\/wp\/v2\/tags?post=293768"}],"curies":[{"name":"wp","href":"https:\/\/api.w.org\/{rel}","templated":true}]}}