{"id":293774,"date":"2025-08-03T15:03:36","date_gmt":"2025-08-03T15:03:36","guid":{"rendered":"https:\/\/www.europesays.com\/fr\/293774\/"},"modified":"2025-08-03T15:03:36","modified_gmt":"2025-08-03T15:03:36","slug":"le-royaume-uni-va-interdire-les-nouvelles-mines-de-charbon-liberation","status":"publish","type":"post","link":"https:\/\/www.europesays.com\/fr\/293774\/","title":{"rendered":"Le Royaume-Uni\u00a0va interdire les nouvelles mines de charbon \u2013 Lib\u00e9ration"},"content":{"rendered":"<p class=\"sc-ksZaOG ehjQrN text-element\">La page noir\u00e2tre du charbon se tourne. Le gouvernement travailliste a annonc\u00e9, ce jeudi 14 novembre, l\u2019interdiction prochaine de toute nouvelle mine de charbon dans le pays. \u00abLes nouvelles licences d\u2019exploitation du charbon seront interdites\u00bb, a d\u00e9clar\u00e9 le gouvernement britannique dans un communiqu\u00e9, ajoutant qu\u2019il \u00abintroduirait d\u00e8s que possible une nouvelle l\u00e9gislation\u00bb en ce sens. Cette d\u00e9cision b\u00e9n\u00e9fique pour la plan\u00e8te intervient en pleine COP29 \u00e0 Bakou (Azerba\u00efdjan), o\u00f9 <a href=\"https:\/\/www.liberation.fr\/environnement\/climat\/cop-29-a-bakou-le-royaume-uni-se-positionne-comme-un-moteur-de-la-diplomatie-climatique-20241112_SAHJQHWJNVF5REJ2K3BAGEC3TQ\/\" target=\"_blank\" rel=\"nofollow noopener\">le Royaume-Uni se positionne comme un des moteurs de la diplomatie climatique<\/a> et a d\u00e9voil\u00e9 d\u2019ambitieux objectifs de r\u00e9duction de ses \u00e9missions de gaz \u00e0 effet de serre.<\/p>\n<p class=\"sc-ksZaOG ehjQrN text-element\">En outre, la justice britannique avait<a href=\"https:\/\/www.liberation.fr\/environnement\/royaume-uni-la-construction-dune-mine-de-charbon-annulee-par-la-justice-une-immense-victoire-pour-lenvironnement-20240913_PTWWTWUNEVACTKKOFXNE6VCP4I\/\" target=\"_blank\" rel=\"nofollow noopener\"> annul\u00e9 il y a deux mois \u00e0 peine l\u2019autorisation de creuser une nouvelle mine <\/a>\u00e0 charbon, \u00e0 Whitehaven, dans le nord-ouest de l\u2019Angleterre. Le projet, lanc\u00e9 par le pr\u00e9c\u00e9dent ex\u00e9cutif conservateur et moins regardant sur le climat, aurait \u00e9t\u00e9 le premier \u00e0 voir le jour depuis trente ans au Royaume-Uni. \u00abL\u2019hypoth\u00e8se selon laquelle la mine propos\u00e9e n\u2019entra\u00eenerait pas d\u2019augmentation nette des \u00e9missions de gaz \u00e0 effet de serre [\u2026] est juridiquement erron\u00e9e\u00bb, avait conclu le juge de la Haute Cour dans sa d\u00e9cision.<\/p>\n<p class=\"sc-ksZaOG ehjQrN text-element\">Peu apr\u00e8s son arriv\u00e9e au pouvoir en juillet, le nouveau gouvernement travailliste de <a href=\"https:\/\/www.liberation.fr\/environnement\/pollution\/royaume-uni-le-nouveau-gouvernement-de-gauche-soppose-a-un-projet-de-mine-de-charbon-contestee-20240712_A66LNTWSQBFZTAO2CKPRR3XYGU\/\" target=\"_blank\" rel=\"nofollow noopener\">Keir Starmer avait renonc\u00e9 \u00e0 soutenir ce projet de mine<\/a> devant la justice, o\u00f9 il \u00e9tait combattu par des ONG \u00e9cologistes. \u00abL\u2019\u00e9nergie produite \u00e0 partir du charbon reste la principale source d\u2019\u00e9missions de CO\u2082 li\u00e9es \u00e0 l\u2019\u00e9nergie \u00e0 l\u2019\u00e9chelle mondiale. Son \u00e9limination progressive est une \u00e9tape cruciale pour lutter contre le changement climatique\u00bb, a rappel\u00e9 le gouvernement ce jeudi, dans son communiqu\u00e9. Le pays avait aussi ferm\u00e9, \u00e0 la fin du mois de septembre, sa derni\u00e8re centrale \u00e0 charbon, mettant un terme \u00e0 l\u2019utilisation de ce combustible dans sa production d\u2019\u00e9lectricit\u00e9, une premi\u00e8re pour un membre du G7.<\/p>\n<p class=\"sc-ksZaOG ehjQrN text-element\">Parmi les ambitions du Premier ministre Keir Starmer en mati\u00e8re climatique : r\u00e9duire \u00abd\u2019au moins 81 %\u00bb les \u00e9missions de gaz \u00e0 effet de serre d\u2019ici 2035, par rapport \u00e0 1990. D\u2019apr\u00e8s le <a href=\"https:\/\/www.hautconseilclimat.fr\/wp-content\/uploads\/2021\/06\/HCC_rapport-annuel_0821.pdf\" target=\"_blank\" rel=\"nofollow noopener\">rapport annuel<\/a> du Haut Conseil pour le Climat de 2021, entre 1990 et 2018, le Royaume-Uni a r\u00e9ussi \u00e0 r\u00e9duire ses \u00e9missions de 41,82 %. Depuis juillet, le nouveau gouvernement travailliste a d\u00e9j\u00e0 annonc\u00e9 la fin du gel du d\u00e9veloppement de l\u2019\u00e9olien terrestre, le lancement de nouveaux projets d\u2019\u00e9olien en mer et de solaire et l\u2019engagement de ne plus d\u00e9livrer de nouvelles licences d\u2019exploration d\u2019hydrocarbures en mer du Nord. Il doit \u00e9galement lancer une nouvelle entreprise publique dot\u00e9e de 8,3 milliards de livres (10 milliards d\u2019euros) pour financer son engagement d\u2019avoir une \u00e9lectricit\u00e9 d\u00e9carbon\u00e9e d\u2019ici 2030. Un d\u00e9but de politique climatique prometteuse.<\/p>\n","protected":false},"excerpt":{"rendered":"La page noir\u00e2tre du charbon se tourne. Le gouvernement travailliste a annonc\u00e9, ce jeudi 14 novembre, l\u2019interdiction prochaine&hellip;\n","protected":false},"author":2,"featured_media":293775,"comment_status":"","ping_status":"","sticky":false,"template":"","format":"standard","meta":{"footnotes":""},"categories":[1588],"tags":[11,893,1777,674,4534,12,473,1853,1851,1850,1852],"class_list":{"0":"post-293774","1":"post","2":"type-post","3":"status-publish","4":"format-standard","5":"has-post-thumbnail","7":"category-royaume-uni","8":"tag-actualites","9":"tag-energie","10":"tag-eu","11":"tag-europe","12":"tag-londres","13":"tag-news","14":"tag-royaume-uni","15":"tag-royaume-uni-de-grande-bretagne-et-dirlande-du-nord","16":"tag-uk","17":"tag-united-kingdom","18":"tag-united-kingdom-of-great-britain-and-northern-ireland"},"share_on_mastodon":{"url":"https:\/\/pubeurope.com\/@fr\/114965446873629390","error":""},"_links":{"self":[{"href":"https:\/\/www.europesays.com\/fr\/wp-json\/wp\/v2\/posts\/293774","targetHints":{"allow":["GET"]}}],"collection":[{"href":"https:\/\/www.europesays.com\/fr\/wp-json\/wp\/v2\/posts"}],"about":[{"href":"https:\/\/www.europesays.com\/fr\/wp-json\/wp\/v2\/types\/post"}],"author":[{"embeddable":true,"href":"https:\/\/www.europesays.com\/fr\/wp-json\/wp\/v2\/users\/2"}],"replies":[{"embeddable":true,"href":"https:\/\/www.europesays.com\/fr\/wp-json\/wp\/v2\/comments?post=293774"}],"version-history":[{"count":0,"href":"https:\/\/www.europesays.com\/fr\/wp-json\/wp\/v2\/posts\/293774\/revisions"}],"wp:featuredmedia":[{"embeddable":true,"href":"https:\/\/www.europesays.com\/fr\/wp-json\/wp\/v2\/media\/293775"}],"wp:attachment":[{"href":"https:\/\/www.europesays.com\/fr\/wp-json\/wp\/v2\/media?parent=293774"}],"wp:term":[{"taxonomy":"category","embeddable":true,"href":"https:\/\/www.europesays.com\/fr\/wp-json\/wp\/v2\/categories?post=293774"},{"taxonomy":"post_tag","embeddable":true,"href":"https:\/\/www.europesays.com\/fr\/wp-json\/wp\/v2\/tags?post=293774"}],"curies":[{"name":"wp","href":"https:\/\/api.w.org\/{rel}","templated":true}]}}