{"id":293788,"date":"2025-08-03T15:12:15","date_gmt":"2025-08-03T15:12:15","guid":{"rendered":"https:\/\/www.europesays.com\/fr\/293788\/"},"modified":"2025-08-03T15:12:15","modified_gmt":"2025-08-03T15:12:15","slug":"rugby-apres-7-saisons-au-stade-toulousain-ce-secateur-rentre-au-bercail","status":"publish","type":"post","link":"https:\/\/www.europesays.com\/fr\/293788\/","title":{"rendered":"RUGBY. Apr\u00e8s 7 saisons au Stade Toulousain, ce s\u00e9cateur rentre au bercail"},"content":{"rendered":"<p>C\u2019\u00e9tait un <a href=\"https:\/\/www.lerugbynistere.fr\/transferts\/\" ui-sref=\"app.category(categoryId: 10})\" alt=\"Transfert\" data-route=\"app.category\" data-param=\"categoryId\" data-id=\"10\" rel=\"nofollow noopener\" target=\"_blank\">transfert<\/a> attendu dans le Pays basque, mais qui a mis du temps \u00e0 \u00eatre officialis\u00e9. Sur les premiers jours de ce mois d\u2019ao\u00fbt 2025, <strong><a href=\"https:\/\/www.lerugbynistere.fr\/fiches-joueurs\/alban-placines.php\" ui-sref=\"app.player({playerId: 6019})\" alt=\"Alban Placines\" data-route=\"app.player\" data-param=\"playerId\" data-id=\"6019\" rel=\"nofollow noopener\" target=\"_blank\">Alban Placines<\/a> et le <a href=\"https:\/\/www.lerugbynistere.fr\/clubs\/bo-biarritz-olympique.php\" ui-sref=\"app.team({teamId: 56})\" alt=\"Biarritz\" data-route=\"app.team\" data-param=\"teamId\" data-id=\"56\" rel=\"nofollow noopener\" target=\"_blank\">Biarritz<\/a> Olympique ont act\u00e9 le retour au bercail du troisi\u00e8me ligne.<\/strong> Apr\u00e8s une belle \u00e9pop\u00e9e au <a href=\"https:\/\/www.lerugbynistere.fr\/clubs\/le-stade-toulousain.php\" ui-sref=\"app.team({teamId: 34})\" alt=\"Stade Toulousain\" data-route=\"app.team\" data-param=\"teamId\" data-id=\"34\" rel=\"nofollow noopener\" target=\"_blank\">Stade Toulousain<\/a>, il signe de nouveau dans le club qui l\u2019a lanc\u00e9 sur le circuit professionnel.<\/p>\n<p><a class=\"inserer_lien_article\" href=\"https:\/\/www.lerugbynistere.fr\/news\/transfert-un-dossier-qui-seternise-apres-126-matchs-avec-toulouse-ou-jouera-ce-soldat-la-saison-prochaine-0507251824.php\" data-id=\"45473\" data-route=\"app.article\" data-param=\"articleId\" ui-sref=\"app.article({articleId: 45473})\" alt=\"TRANSFERT. Un dossier qui s\u2019\u00e9ternise : apr\u00e8s 126 matchs avec Toulouse, o\u00f9 jouera ce soldat la saison prochaine ?\" title=\"TRANSFERT. Un dossier qui s\u2019\u00e9ternise : apr\u00e8s 126 matchs avec Toulouse, o\u00f9 jouera ce soldat la saison prochaine ?\" rel=\"nofollow noopener\" target=\"_blank\"><img decoding=\"async\" src=\"https:\/\/www.europesays.com\/fr\/wp-content\/uploads\/2025\/07\/top-14-102-points-inscrits-en-2-matchs-toulouse-vise-lecrasement-total-les-records-vont-tomber-13-05.jpeg\" alt=\"TRANSFERT. Un dossier qui s\u2019\u00e9ternise : apr\u00e8s 126 matchs avec Toulouse, o\u00f9 jouera ce soldat la saison prochaine ?\"\/>TRANSFERT. Un dossier qui s\u2019\u00e9ternise : apr\u00e8s 126 matchs avec Toulouse, o\u00f9 jouera ce soldat la saison prochaine ?<\/a><\/p>\n<p>Pourtant, tout n\u2019a pas \u00e9t\u00e9 simple dans cette affaire. Depuis plusieurs mois, le joueur est annonc\u00e9 sur le retour au BO. Cependant, un nouvel acteur est venu interf\u00e9rer dans cette discussion : l\u2019US <a href=\"https:\/\/www.lerugbynistere.fr\/clubs\/us-dax.php\" ui-sref=\"app.team({teamId: 53})\" alt=\"Dax\" data-route=\"app.team\" data-param=\"teamId\" data-id=\"53\" rel=\"nofollow noopener\" target=\"_blank\">Dax<\/a>. En effet, le club landais voulait s\u2019attacher les services du joueur de 32 ans, avec une place de choix au sein de son beau projet sportif, mais <strong>c\u2019est finalement le choix du c\u0153ur qui a pris le dessus.<\/strong><\/p>\n<p>Alban Placines est pr\u00eat <strong>\u00e0 venir en aide au Biarritz Olympique<\/strong>, en difficult\u00e9 sportive et financi\u00e8re. \u201cLe club a toujours gard\u00e9 une place \u00e0 part dans mon parcours, et pouvoir y revenir aujourd\u2019hui a beaucoup de sens. Je suis tr\u00e8s heureux de retrouver Aguilera, les supporters et cette ferveur que je n\u2019ai jamais oubli\u00e9e. Apr\u00e8s 7 ans au plus haut niveau, j\u2019ai envie de m\u2019investir pleinement dans le projet du BOPB et d\u2019apporter toute mon exp\u00e9rience. J\u2019esp\u00e8re rendre au club tout ce qu\u2019il m\u2019a donn\u00e9 \u00e0 mes d\u00e9buts\u201d, confie-t-il dans un <a href=\"https:\/\/www.bo-pb.com\/alban-placines-de-nouveau-rouge-blanc-en-2025\/\" rel=\"nofollow noopener\" target=\"_blank\">communiqu\u00e9 officiel<\/a>.<\/p>\n<p><a class=\"inserer_lien_article\" href=\"https:\/\/www.lerugbynistere.fr\/news\/top-14-7-mois-plus-tard-il-retrouve-le-stade-toulousain-pour-son-119-match-en-rouge-et-noir-260125822.php\" data-id=\"43879\" data-route=\"app.article\" data-param=\"articleId\" ui-sref=\"app.article({articleId: 43879})\" alt=\"TOP 14. 7 mois plus tard, il retrouve le Stade Toulousain pour son 119\u1d49 match en Rouge et Noir\" title=\"TOP 14. 7 mois plus tard, il retrouve le Stade Toulousain pour son 119\u1d49 match en Rouge et Noir\" rel=\"nofollow noopener\" target=\"_blank\"><img decoding=\"async\" src=\"https:\/\/www.europesays.com\/fr\/wp-content\/uploads\/2025\/08\/placines-26-01-25-1012.jpg\" alt=\"TOP 14. 7 mois plus tard, il retrouve le Stade Toulousain pour son 119\u1d49 match en Rouge et Noir\"\/>TOP 14. 7 mois plus tard, il retrouve le Stade Toulousain pour son 119\u1d49 match en Rouge et Noir<\/a><\/p>\n<p>Placines en terrain conquis<\/p>\n<p>De son c\u00f4t\u00e9, le club rouge et blanc s\u2019est f\u00e9licit\u00e9 du retour \u00e0 la maison d\u2019un \u201cenfant du club\u201d. La dur\u00e9e du contrat n\u2019a pas \u00e9t\u00e9 rendue publique. N\u00e9 \u00e0 Biarritz, Alban Placines a commenc\u00e9 le rugby dans le B\u00e9arn. Jusqu\u2019\u00e0 ses 10 ans, il a appris \u00e0 manier la gonfle \u00e0 l\u2019US Coarraze Nay, puis il s\u2019est d\u00e9marqu\u00e9 avec les \u00e9quipes jeunes de la <a href=\"https:\/\/www.lerugbynistere.fr\/clubs\/section-paloise.php\" ui-sref=\"app.team({teamId: 41})\" alt=\"Section Paloise\" data-route=\"app.team\" data-param=\"teamId\" data-id=\"41\" rel=\"nofollow noopener\" target=\"_blank\">Section Paloise<\/a>, entre 2003 et 2010.<\/p>\n<p>\u00c0 17 ans, Alban Placines signe ensuite au Biarritz Olympique. <strong>Il a termin\u00e9 sa formation au Pays basque et s\u2019est offert pas moins de 80 matchs avec les professionnels<\/strong> pour lancer sa carri\u00e8re. Vers ses 25 ans, il commence \u00e0 attirer l\u2019\u0153il de certaines grosses \u00e9curies de <a href=\"https:\/\/www.lerugbynistere.fr\/championnats\/top-14\" ui-sref=\"app.competition({competitionId: 1})\" alt=\"Top 14\" data-route=\"app.competition\" data-param=\"competitionId\" data-id=\"1\" rel=\"nofollow noopener\" target=\"_blank\">Top 14<\/a>. Parmi elles, le Stade Toulousain se d\u00e9marque et signe le joueur en 2018, alors que les Rouge et Noir s\u2019appr\u00eatent \u00e0 retrouver leur meilleur niveau.<\/p>\n<p><a class=\"inserer_lien_article\" href=\"https:\/\/www.lerugbynistere.fr\/news\/rugby-bientot-2-clubs-du-grand-toulouse-en-top-14-cette-ecurie-de-pro-d2-en-reve-0308251011.php\" data-id=\"45730\" data-route=\"app.article\" data-param=\"articleId\" ui-sref=\"app.article({articleId: 45730})\" alt=\"RUGBY. Bient\u00f4t 2 clubs du \u2018Grand Toulouse\u2019 en Top 14 ? Cette \u00e9curie de Pro D2 en r\u00eave\u2026\" title=\"RUGBY. Bient\u00f4t 2 clubs du \u2018Grand Toulouse\u2019 en Top 14 ? Cette \u00e9curie de Pro D2 en r\u00eave\u2026\" rel=\"nofollow noopener\" target=\"_blank\"><img decoding=\"async\" src=\"https:\/\/www.europesays.com\/fr\/wp-content\/uploads\/2025\/08\/1754233934_925_colomiers-03-08-25-7952.jpg\" alt=\"RUGBY. Bient\u00f4t 2 clubs du \u2018Grand Toulouse\u2019 en Top 14 ? Cette \u00e9curie de Pro D2 en r\u00eave\u2026\"\/>RUGBY. Bient\u00f4t 2 clubs du \u2018Grand Toulouse\u2019 en Top 14 ? Cette \u00e9curie de Pro D2 en r\u00eave\u2026<\/a><\/p>\n<p>Entre 2018 et 2025, il a ainsi \u00e9volu\u00e9 sous les ordres d\u2019Ugo Mola, en Haute-Garonne. Durant son passage dans la Ville rose, <strong>il a jou\u00e9 avec le maillot rouge et noir \u00e0 126 reprises.<\/strong> Joueur vaillant, il a notamment \u00e9t\u00e9 tr\u00e8s utilis\u00e9 \u00e0 l\u2019occasion des doublons, lorsque la majorit\u00e9 de la troisi\u00e8me ligne titulaire s\u2019envolait vers Marcoussis. Sur ces p\u00e9riodes cruciales dans une saison de Top 14, il a m\u00eame d\u00e9j\u00e0 \u00e9t\u00e9 d\u00e9sign\u00e9 capitaine.<\/p>\n<p>Sur sept saisons, il participe aux incroyables \u00e9pop\u00e9es du Stade Toulousain en Top 14 et en <a href=\"https:\/\/www.lerugbynistere.fr\/international\/rugby-champions-cup\" ui-sref=\"app.competition({competitionId: 15})\" alt=\"Champions Cup\" data-route=\"app.competition\" data-param=\"competitionId\" data-id=\"15\" rel=\"nofollow noopener\" target=\"_blank\">Champions Cup<\/a>. Sur la sc\u00e8ne nationale,<strong> il remporte cinq titres, en 2019, 2021, 2023, 2024 et 2025.<\/strong> Au niveau international, il a soulev\u00e9 la Champions Cup \u00e0 deux reprises, en 2021 et 2024. Pour sa derni\u00e8re ann\u00e9e \u00e0 Toulouse, le flanker a inscrit son nom dans les livres d\u2019histoire en faisant partie du seul effectif \u00e0 avoir r\u00e9ussi \u00e0 gagner trois Championnat de <a href=\"https:\/\/www.lerugbynistere.fr\/equipes-nationales\/xv-de-france.php\" ui-sref=\"app.team({teamId: 65})\" alt=\"France\" data-route=\"app.team\" data-param=\"teamId\" data-id=\"65\" rel=\"nofollow noopener\" target=\"_blank\">France<\/a> de premi\u00e8re division cons\u00e9cutifs, sous l\u2019\u00e8re professionnelle.<\/p>\n<p><a class=\"inserer_lien_article\" href=\"https:\/\/www.lerugbynistere.fr\/news\/top-14-pas-besoin-de-recruter-quand-on-a-ce-xv-la-lequipe-type-du-stade-toulousain-pour-20252026-0208251135.php\" data-id=\"45725\" data-route=\"app.article\" data-param=\"articleId\" ui-sref=\"app.article({articleId: 45725})\" alt=\"TOP 14. Pas besoin de recruter quand on a ce XV-l\u00e0\u2026 l&#039;\u00e9quipe-type du Stade Toulousain pour 2025\/2026\" title=\"TOP 14. Pas besoin de recruter quand on a ce XV-l\u00e0\u2026 l&#039;\u00e9quipe-type du Stade Toulousain pour 2025\/2026\" rel=\"nofollow noopener\" target=\"_blank\"><img decoding=\"async\" src=\"https:\/\/www.europesays.com\/fr\/wp-content\/uploads\/2025\/08\/peu-de-recrues-quelques-departs-mais-un-effectif-toujours-redoutable-le-xv-toulousain-version-202520.jpeg\" alt=\"TOP 14. Pas besoin de recruter quand on a ce XV-l\u00e0\u2026 l'\u00e9quipe-type du Stade Toulousain pour 2025\/2026\"\/>TOP 14. Pas besoin de recruter quand on a ce XV-l\u00e0\u2026 l&rsquo;\u00e9quipe-type du Stade Toulousain pour 2025\/2026<\/a><\/p>\n","protected":false},"excerpt":{"rendered":"C\u2019\u00e9tait un transfert attendu dans le Pays basque, mais qui a mis du temps \u00e0 \u00eatre officialis\u00e9. Sur&hellip;\n","protected":false},"author":2,"featured_media":293789,"comment_status":"","ping_status":"","sticky":false,"template":"","format":"standard","meta":{"footnotes":""},"categories":[1416],"tags":[1011,27,479,1468,60],"class_list":{"0":"post-293788","1":"post","2":"type-post","3":"status-publish","4":"format-standard","5":"has-post-thumbnail","7":"category-rugby","8":"tag-fr","9":"tag-france","10":"tag-rugby","11":"tag-rugby-football","12":"tag-sports"},"share_on_mastodon":{"url":"https:\/\/pubeurope.com\/@fr\/114965482371211930","error":""},"_links":{"self":[{"href":"https:\/\/www.europesays.com\/fr\/wp-json\/wp\/v2\/posts\/293788","targetHints":{"allow":["GET"]}}],"collection":[{"href":"https:\/\/www.europesays.com\/fr\/wp-json\/wp\/v2\/posts"}],"about":[{"href":"https:\/\/www.europesays.com\/fr\/wp-json\/wp\/v2\/types\/post"}],"author":[{"embeddable":true,"href":"https:\/\/www.europesays.com\/fr\/wp-json\/wp\/v2\/users\/2"}],"replies":[{"embeddable":true,"href":"https:\/\/www.europesays.com\/fr\/wp-json\/wp\/v2\/comments?post=293788"}],"version-history":[{"count":0,"href":"https:\/\/www.europesays.com\/fr\/wp-json\/wp\/v2\/posts\/293788\/revisions"}],"wp:featuredmedia":[{"embeddable":true,"href":"https:\/\/www.europesays.com\/fr\/wp-json\/wp\/v2\/media\/293789"}],"wp:attachment":[{"href":"https:\/\/www.europesays.com\/fr\/wp-json\/wp\/v2\/media?parent=293788"}],"wp:term":[{"taxonomy":"category","embeddable":true,"href":"https:\/\/www.europesays.com\/fr\/wp-json\/wp\/v2\/categories?post=293788"},{"taxonomy":"post_tag","embeddable":true,"href":"https:\/\/www.europesays.com\/fr\/wp-json\/wp\/v2\/tags?post=293788"}],"curies":[{"name":"wp","href":"https:\/\/api.w.org\/{rel}","templated":true}]}}