{"id":293792,"date":"2025-08-03T15:15:14","date_gmt":"2025-08-03T15:15:14","guid":{"rendered":"https:\/\/www.europesays.com\/fr\/293792\/"},"modified":"2025-08-03T15:15:14","modified_gmt":"2025-08-03T15:15:14","slug":"motogp-fabio-quartararo-revient-sur-la-plus-grosse-blessure-de-sa-carriere-un-accident-assez-grave","status":"publish","type":"post","link":"https:\/\/www.europesays.com\/fr\/293792\/","title":{"rendered":"MotoGP, Fabio Quartararo revient sur la plus grosse blessure de sa carri\u00e8re : \u00ab\u00a0Un accident assez grave\u00a0\u00bb"},"content":{"rendered":"<p><strong>Fabio Quartararo est revenu sur un accident m\u00e9connu de<br \/>\nsa carri\u00e8re : son grave accident de cross lorsqu\u2019il \u00e9tait<br \/>\nadolescent.<\/strong><\/p>\n<p>En MotoGP, certains pilotes jouent de malchance et encha\u00eenent<br \/>\nles blessures, \u00e0 l\u2019image de Miguel Oliveira qui est souvent absent<br \/>\ndepuis deux ans et <a href=\"https:\/\/www.paddock-gp.com\/motogp-miguel-oliveira-lucide-actuellement-ca-se-joue-a-mon-niveau-pas-a-celui-de-la-moto\/\" target=\"_blank\" rel=\"noopener nofollow\">a de nouveau manqu\u00e9 des Grands Prix<br \/>\ncette saison<\/a>. D\u2019autres ont connu de tr\u00e8s graves blessures qui<br \/>\nse sont \u00e9tal\u00e9es dans le temps, comme Marc M\u00e1rquez.<\/p>\n<p>Entre 2020 et 2022, l\u2019octuple Champion du monde a profond\u00e9ment<br \/>\nsouffert de sa fracture \u00e0 l\u2019hum\u00e9rus gauche, sans compter son<br \/>\nprobl\u00e8me de diplopie, qui l\u2019a handicap\u00e9 en 2011, 2021 et 2022. De<br \/>\nfa\u00e7on g\u00e9n\u00e9rale, il n\u2019a pas connu une seule tr\u00eave hivernale sans<br \/>\nop\u00e9ration entre 2017 et 2023.<\/p>\n<p>\u00c0\u00a0l\u2019inverse, d\u2019autres pilotes manquent tr\u00e8s rarement \u00e0<br \/>\nl\u2019appel, voire jamais, sur la grille de d\u00e9part. C\u2019est le cas de<br \/>\n<strong>Fabio Quartararo<\/strong>, qui s\u2019est tr\u00e8s peu bless\u00e9 depuis<br \/>\nson arriv\u00e9e au niveau mondial, malgr\u00e9 plusieurs op\u00e9rations du bras<br \/>\npour des pertes de force et un syndrome des loges.<\/p>\n<p>Ce que l\u2019on ignore, c\u2019est que le Fran\u00e7ais s\u2019est lourdement<br \/>\nbless\u00e9 au dos et au poignet lorsqu\u2019il \u00e9tait adolescent, et que cela<br \/>\nreste \u00e0 ce jour la plus grosse blessure de sa carri\u00e8re. Interrog\u00e9 \u00e0<br \/>\nce sujet par Andrea Migno, ancien pilote Moto3 retrait\u00e9 depuis<br \/>\n2023, dans <a href=\"https:\/\/www.youtube.com\/watch?v=LCPslOQcxKg\" rel=\"nofollow noopener\" target=\"_blank\">le<br \/>\npodcast Mig Babol<\/a> qu\u2019il a lanc\u00e9 l\u2019an dernier, il est revenu sur<br \/>\ncet accident dont il a tr\u00e8s peu parl\u00e9 jusqu\u2019\u00e0 pr\u00e9sent.<\/p>\n<p><img loading=\"lazy\" decoding=\"async\" class=\"aligncenter size-full wp-image-1316185\" src=\"https:\/\/www.europesays.com\/fr\/wp-content\/uploads\/2025\/08\/Capture-decran-2025-08-03-123645.png\" alt=\"Fabio Quartararo\" width=\"800\" height=\"533\"  \/><\/p>\n<p>\u00ab\u00a0C\u2019\u00e9tait un accident assez grave. J\u2019avais 13 ans,<br \/>\nj\u2019\u00e9tais en PreMoto3\u00a0\u00bb, a-t-il expliqu\u00e9. \u00ab\u00a0L\u2019os<br \/>\ndu poignet est sorti des deux c\u00f4t\u00e9s. J\u2019ai eu plus de 15 fractures.<br \/>\nAu final j\u2019ai pass\u00e9 dix jours \u00e0 l\u2019h\u00f4pital. J\u2019ai eu un tassement<br \/>\nvert\u00e9bral sur 12 vert\u00e8bres. J\u2019avais tr\u00e8s mal, il m\u2019a fallu dix<br \/>\njours pour recommencer \u00e0 marcher. L\u2019accident a eu lieu en cross.<br \/>\nLors d\u2019un saut, la moto est rest\u00e9e plein gaz. Je suis mont\u00e9 \u00e0 sept<br \/>\nou huit m\u00e8tres de hauteur et je suis tomb\u00e9. Fracture ouverte, tout<br \/>\n\u00e7a. \u00c7a a \u00e9t\u00e9 ma plus grosse blessure.\u00a0\u00bb<\/p>\n","protected":false},"excerpt":{"rendered":"Fabio Quartararo est revenu sur un accident m\u00e9connu de sa carri\u00e8re : son grave accident de cross lorsqu\u2019il&hellip;\n","protected":false},"author":2,"featured_media":293793,"comment_status":"","ping_status":"","sticky":false,"template":"","format":"standard","meta":{"footnotes":""},"categories":[1413],"tags":[1011,27,1457,1456,60],"class_list":{"0":"post-293792","1":"post","2":"type-post","3":"status-publish","4":"format-standard","5":"has-post-thumbnail","7":"category-moto","8":"tag-fr","9":"tag-france","10":"tag-moto","11":"tag-motocycle","12":"tag-sports"},"share_on_mastodon":{"url":"https:\/\/pubeurope.com\/@fr\/114965494130676220","error":""},"_links":{"self":[{"href":"https:\/\/www.europesays.com\/fr\/wp-json\/wp\/v2\/posts\/293792","targetHints":{"allow":["GET"]}}],"collection":[{"href":"https:\/\/www.europesays.com\/fr\/wp-json\/wp\/v2\/posts"}],"about":[{"href":"https:\/\/www.europesays.com\/fr\/wp-json\/wp\/v2\/types\/post"}],"author":[{"embeddable":true,"href":"https:\/\/www.europesays.com\/fr\/wp-json\/wp\/v2\/users\/2"}],"replies":[{"embeddable":true,"href":"https:\/\/www.europesays.com\/fr\/wp-json\/wp\/v2\/comments?post=293792"}],"version-history":[{"count":0,"href":"https:\/\/www.europesays.com\/fr\/wp-json\/wp\/v2\/posts\/293792\/revisions"}],"wp:featuredmedia":[{"embeddable":true,"href":"https:\/\/www.europesays.com\/fr\/wp-json\/wp\/v2\/media\/293793"}],"wp:attachment":[{"href":"https:\/\/www.europesays.com\/fr\/wp-json\/wp\/v2\/media?parent=293792"}],"wp:term":[{"taxonomy":"category","embeddable":true,"href":"https:\/\/www.europesays.com\/fr\/wp-json\/wp\/v2\/categories?post=293792"},{"taxonomy":"post_tag","embeddable":true,"href":"https:\/\/www.europesays.com\/fr\/wp-json\/wp\/v2\/tags?post=293792"}],"curies":[{"name":"wp","href":"https:\/\/api.w.org\/{rel}","templated":true}]}}