{"id":293794,"date":"2025-08-03T15:16:10","date_gmt":"2025-08-03T15:16:10","guid":{"rendered":"https:\/\/www.europesays.com\/fr\/293794\/"},"modified":"2025-08-03T15:16:10","modified_gmt":"2025-08-03T15:16:10","slug":"f1-vous-aviez-juste-a-mecouter-leclerc-tres-virulent-avec-ferrari-lors-du-gp-de-hongrie-ouest-france","status":"publish","type":"post","link":"https:\/\/www.europesays.com\/fr\/293794\/","title":{"rendered":"F1. \u00ab Vous aviez juste \u00e0 m&#039;\u00e9couter ! \u00bb : Leclerc tr\u00e8s virulent avec Ferrari lors du GP de Hongrie &#8211; Ouest-France"},"content":{"rendered":"<ol>\n<li><a href=\"https:\/\/news.google.com\/rss\/articles\/CBMi_AFBVV95cUxPN3pVMldxUmFlbm5lTDZ0cmdaQXlYY3ZCUG15UTdKdm5WVGIzREZTOFFKVW1KNkhqYmgtOTVIZk1iQkd3bDVNaHVkOHNIOEZfQlp4OFJSSExKcGp1Y3NnRnkyOEtWcXFSdmZYYnlnREJaV0ZRVmVDY3hMM040UE9kVnpHRHBBbVZTZ3FfbE94YmpTNFl1cnNLWU45V0ZXVTVwbWprMVNVaWV0QzEwUU5aTTdqdmh2Yk1KN3FYMWFUbUVBT3RQMlFJM2RfQm9MV19TTW9NMEI0R2J2VzdWWWZrdGNyZGJINTRZVkY5cnQxYTAyZHFPbm84Wk9fako?oc=5\" target=\"_blank\" rel=\"nofollow noopener\">F1. \u00ab Vous aviez juste \u00e0 m&rsquo;\u00e9couter ! \u00bb : Leclerc tr\u00e8s virulent avec Ferrari lors du GP de Hongrie<\/a>&nbsp;&nbsp;Ouest-France<\/li>\n<li><a href=\"https:\/\/news.google.com\/rss\/articles\/CBMikAJBVV95cUxQdWdvNGpfZTQzalhxZHo2cmtIWXBkd1hnZFZoYU96ZDNFSGJ1SzZBbzd2eEp1MU14QU5tUjZTYzlDLVVsZVp3c1dpZzF2QWNqZ09XR285ZWpFUWg5UEd1SjRDc2VHdEJVMk1BSHZoVFI0akhkQ0FfcVY3bnYzWVFBc0dhQ2JQYWZPemdRV0tWQ2o0ZDVuRHdvU3FJV2o2TGt4dWZYMUlRNWpkZkhjTi1JQ0gxYV94RmIzZHZfNTBXLThIc0xCYlUzRl9za0YxT3NxdFIwbjJNSWQwVTZjYV9jQXJadHNjd3lIQ3ZTd2VkMWYtNmF1SUxNd2loV0hnS0EzZmpiNDI3Z096WjBRMHVwQw?oc=5\" target=\"_blank\" rel=\"nofollow noopener\">\u00ab Vous auriez d\u00fb m\u2019\u00e9couter \u00bb : le coup de gueule de Leclerc contre Ferrari en plein Grand Prix de Hongrie<\/a>&nbsp;&nbsp;Le Parisien<\/li>\n<li><a href=\"https:\/\/news.google.com\/rss\/articles\/CBMi0wFBVV95cUxPMTZfTFBRVERzSDBrVnBodVZTUzdJVk52N2tDZE80NFVDUFc1QmFMTTVPeU1UNXpOTEVjMU9mdE9MOGs5ZHdfdEV1TFp1OU5QM1VTTTQtUXVDMmVHY0xOLWs4bTNhRURDcUdVclUxbU5teERENHdFazdUWG1TRXRCMTlOcms4TGdUX29vY09CdmVmX0tPaEoxQU13VlRYR1ZjOEM4LW5GOGRjS2RvYzZSemJHNHQ1UVJUVE9RTE5BSy12bWU5VjVqNVBpVUs1eHdWdnhn?oc=5\" target=\"_blank\" rel=\"nofollow noopener\">Leclerc exige une tranquillit\u00e9 de course au milieu du chaos : le radio de l&rsquo;\u00e9quipe Ferrari suscite la controverse.<\/a>&nbsp;&nbsp;autogear.pt<\/li>\n<li><a href=\"https:\/\/news.google.com\/rss\/articles\/CBMiuwFBVV95cUxPR21OUk1RYklzQnhfVlc1SWE5TUtlSDdqUm02c0pvVGRrZWZqYldsSUFZUXlZNEM2aHlFcVpOZmoxMVhOV0xWRnExVGNnRjROR0diVV9mVk9VekEybTNiLW1ESWVCOGd3cVpzYWNGUlBSXzJDWDc0dkx0Vlg3RldwTVQ3WnllR2c4dGxGSldDaVRXZFUzM182X2xLVFlQdXd6MFhCNW5uYi1JZTZXNmFFanpRYk54NkxWQV9z?oc=5\" target=\"_blank\" rel=\"nofollow noopener\">F1 La sentence tombe d\u00e9j\u00e0 \u00e0 Budapest, 1 pilote du top quatre est p\u00e9nalis\u00e9 !<\/a>&nbsp;&nbsp;Le Mag Sport Auto<\/li>\n<\/ol>\n","protected":false},"excerpt":{"rendered":"F1. \u00ab Vous aviez juste \u00e0 m&rsquo;\u00e9couter ! \u00bb : Leclerc tr\u00e8s virulent avec Ferrari lors du GP&hellip;\n","protected":false},"author":2,"featured_media":1445,"comment_status":"","ping_status":"","sticky":false,"template":"","format":"standard","meta":{"footnotes":""},"categories":[1412],"tags":[1451,1452,1453,1454,1455,1011,27,60],"class_list":{"0":"post-293794","1":"post","2":"type-post","3":"status-publish","4":"format-standard","5":"has-post-thumbnail","7":"category-f1","8":"tag-f1","9":"tag-formula-1","10":"tag-formula1","11":"tag-formule-1","12":"tag-formule1","13":"tag-fr","14":"tag-france","15":"tag-sports"},"share_on_mastodon":{"url":"https:\/\/pubeurope.com\/@fr\/114965498054450291","error":""},"_links":{"self":[{"href":"https:\/\/www.europesays.com\/fr\/wp-json\/wp\/v2\/posts\/293794","targetHints":{"allow":["GET"]}}],"collection":[{"href":"https:\/\/www.europesays.com\/fr\/wp-json\/wp\/v2\/posts"}],"about":[{"href":"https:\/\/www.europesays.com\/fr\/wp-json\/wp\/v2\/types\/post"}],"author":[{"embeddable":true,"href":"https:\/\/www.europesays.com\/fr\/wp-json\/wp\/v2\/users\/2"}],"replies":[{"embeddable":true,"href":"https:\/\/www.europesays.com\/fr\/wp-json\/wp\/v2\/comments?post=293794"}],"version-history":[{"count":0,"href":"https:\/\/www.europesays.com\/fr\/wp-json\/wp\/v2\/posts\/293794\/revisions"}],"wp:featuredmedia":[{"embeddable":true,"href":"https:\/\/www.europesays.com\/fr\/wp-json\/wp\/v2\/media\/1445"}],"wp:attachment":[{"href":"https:\/\/www.europesays.com\/fr\/wp-json\/wp\/v2\/media?parent=293794"}],"wp:term":[{"taxonomy":"category","embeddable":true,"href":"https:\/\/www.europesays.com\/fr\/wp-json\/wp\/v2\/categories?post=293794"},{"taxonomy":"post_tag","embeddable":true,"href":"https:\/\/www.europesays.com\/fr\/wp-json\/wp\/v2\/tags?post=293794"}],"curies":[{"name":"wp","href":"https:\/\/api.w.org\/{rel}","templated":true}]}}