{"id":293799,"date":"2025-08-03T15:19:10","date_gmt":"2025-08-03T15:19:10","guid":{"rendered":"https:\/\/www.europesays.com\/fr\/293799\/"},"modified":"2025-08-03T15:19:10","modified_gmt":"2025-08-03T15:19:10","slug":"guillaume-genton-sattire-les-foudres-d","status":"publish","type":"post","link":"https:\/\/www.europesays.com\/fr\/293799\/","title":{"rendered":"Guillaume Genton s\u2019attire les foudres d\u2019 &#8230;"},"content":{"rendered":"<p>EN BREF<\/p>\n<ul class=\"bloc_resume_post_list\">\n<li>Guillaume Genton et Fabrice Sopoglian ont \u00e9chang\u00e9 des<br \/>\npropos virulents sur les r\u00e9seaux sociaux apr\u00e8s une vid\u00e9o de Cyril<br \/>\nHanouna \u00e0 Saint-Tropez.<\/li>\n<li>Le clash a \u00e9t\u00e9 d\u00e9clench\u00e9 par un commentaire \u00e9logieux de<br \/>\nFabrice Sopoglian, suivi d\u00a0\u00bbune r\u00e9ponse acerbe de Guillaume Genton<br \/>\nsur Instagram.<\/li>\n<li>Les tensions entre les deux anciens coll\u00e8gues r\u00e9v\u00e8lent<br \/>\ndes d\u00e9saccords profonds sur la r\u00e9mun\u00e9ration et les pratiques dans<br \/>\nle monde de la t\u00e9l\u00e9-r\u00e9alit\u00e9.<\/li>\n<\/ul>\n<p>Un <strong>\u00e9change muscl\u00e9<\/strong> a eu lieu entre <a href=\"https:\/\/www.telestar.fr\/actu_tv\/tpmp\/guillaume-genton-en-crush-sur-polska-les-deux-chroniqueurs-balancent-et-reglent-leur-compte-1692698\" rel=\"nofollow noopener\" target=\"_blank\"><br \/>\nGuillaume Genton<\/a>, producteur et chroniqueur de <a href=\"https:\/\/www.telestar.fr\/actu_tv\/tout-beau-tout-neuf-cyril-hanouna-impatient-il-promet-des-revelations-de-taille-et-cest-pour-bientot-1733659\" rel=\"nofollow noopener\" target=\"_blank\"><br \/>\nCyril Hanouna<\/a>, et <a href=\"https:\/\/www.telestar.fr\/people\/mort-de-christian-audigier-l-ex-parrain-des-anges-preparait-un-doc-sur-son-comba-149323\" rel=\"nofollow noopener\" target=\"_blank\"><br \/>\nFabrice Sopoglian<\/a>, ancien \u201cparrain\u201d embl\u00e9matique des<br \/>\n<strong>Anges de la t\u00e9l\u00e9r\u00e9alit\u00e9<\/strong> qui a agit\u00e9 les r\u00e9seaux<br \/>\nsociaux. Tout est parti d\u2019une simple <strong>vid\u00e9o<\/strong> de<br \/>\n<a href=\"https:\/\/www.telestar.fr\/people\/cyril-hanouna-a-saint-tropez-lanimateur-prepare-sa-rentree-sur-w9-et-ne-passe-pas-inapercu-video-1733256\" rel=\"nofollow noopener\" target=\"_blank\"><br \/>\nCyril Hanouna \u00e0 Saint-Tropez<\/a>\u2026 et d\u2019un commentaire \u00e9logieux de<br \/>\nFabrice Sopoglian.<\/p>\n<p>\u201c<strong>Bravo \u00e0 lui, il a r\u00e9ussi, respect.<\/strong>\u201d<br \/>\ns\u2019est-il enthousiasm\u00e9, en r\u00e9action \u00e0 une vid\u00e9o de l\u2019animateur<br \/>\nentour\u00e9 de gardes du corps. Ce message a eu le don de faire<br \/>\n<strong>bondir Guillaume Genton<\/strong> qui n\u2019a pas m\u00e2ch\u00e9 ses<br \/>\nmots. \u201c<strong>J\u2019ai jamais vu un gobeur de noix<br \/>\npareil.<\/strong>\u201d a-t-il lanc\u00e9 sur Instagram,<br \/>\nd\u00e9clenchant un <strong>clash<\/strong> public avec l\u2019ancien visage<br \/>\nde NRJ12. D\u00e8s lors, les r\u00e8glements de comptes se sont<br \/>\n<strong>encha\u00een\u00e9s<\/strong>, avec humour\u2026 mais pas sans aigreur.<\/p>\n<p>Guillaume Genton vs Fabrice Sopoglian : un clash en r\u00e8gle entre<br \/>\nanciens coll\u00e8gues du petit \u00e9cran<\/p>\n<p>Fabrice Sopoglian n\u2019a pas tard\u00e9 \u00e0 r\u00e9pondre \u00e0 son ancien<br \/>\ncollaborateur. \u201c<strong>Tu connais bien fr\u00e9ro, \u00e7a fait 10 ans<br \/>\nque tu p\u00e9pons<\/strong>.\u201d a-t-il r\u00e9pliqu\u00e9, sous-entendant une<br \/>\n<strong>hypocrisie de Guillaume Genton<\/strong> dans les coulisses<br \/>\ndu PAF. L\u2019\u00e9change est mont\u00e9 d\u2019un cran lorsque ce dernier a<br \/>\n<strong>ironis\u00e9<\/strong> sur les vid\u00e9os de d\u00e9dicaces que Fabrice<br \/>\npropose \u00e0 ses fans. \u201cC\u2019est pas les piges de Zumeo, mais \u00e7a<br \/>\n<strong>permet de joindre les deux bouts.<\/strong>\u201d Une pique<br \/>\nclaire, visant \u00e0 <strong>rabaisser<\/strong> l\u2019ancien<br \/>\n\u201cparrain\u201d des Anges.<\/p>\n<p>Mais le v\u00e9ritable n\u0153ud du <strong>conflit<\/strong> remonte \u00e0<br \/>\nf\u00e9vrier dernier, \u00e0 l\u2019occasion du <strong>dernier prime anniversaire<br \/>\nde NRJ12,<\/strong> produit par Guillaume Genton. De nombreuses<br \/>\nfigures embl\u00e9matiques avaient \u00e9t\u00e9 convi\u00e9es : <a href=\"https:\/\/www.telestar.fr\/actu_tv\/nrj12-avant-la-fermeture-de-la-chaine-ayem-nour-devoile-son-salaire-et-il-fait-tourner-la-tete-1711232\" rel=\"nofollow noopener\" target=\"_blank\"><br \/>\nAyem Nour<\/a>, Nabilla, et d\u2019autres mais <strong>Fabrice<br \/>\nSopoglian<\/strong> brillait par son <strong>absence<\/strong>. Et<br \/>\npour cause : selon lui, la <strong>r\u00e9mun\u00e9ration<\/strong> propos\u00e9e<br \/>\nn\u2019\u00e9tait pas \u00e0 la <strong>hauteur<\/strong>. \u201cVu ce que tu<br \/>\nvoulais <strong>me payer pour ton prime pourrave des Anges<br \/>\nsur NRJ12,<\/strong> lui c\u2019est un seigneur \u00e0 c\u00f4t\u00e9 !<br \/>\n<strong>Genton Production alias la barre de fer du<br \/>\nPAF.<\/strong>\u201d a-t-il balanc\u00e9.<\/p>\n<p>Argent, ego et fin d\u2019\u00e9poque pour la<br \/>\nt\u00e9l\u00e9-r\u00e9alit\u00e9<\/p>\n<p>En qualifiant Guillaume Genton de \u201c<strong>barre de fer du<br \/>\nPAF<\/strong>\u201d, Fabrice Sopoglian n\u2019a pas seulement attaqu\u00e9 son<br \/>\nancien coll\u00e8gue. Il a aussi d\u00e9nonc\u00e9 une certaine mani\u00e8re de faire<br \/>\ndans les <strong>coulisses<\/strong> de la t\u00e9l\u00e9vision. Derri\u00e8re les<br \/>\nsourires de fa\u00e7ade, les <strong>n\u00e9gociations financi\u00e8res<\/strong><br \/>\npeuvent \u00eatre rudes. Et les \u00e9gos, souvent malmen\u00e9s. Fabrice<br \/>\nSopoglian est aujourd\u2019hui reconverti dans la <strong>restauration \u00e0<br \/>\nLos Angeles.<\/strong><\/p>\n<p>Guillaume Genton est rest\u00e9 <strong>silencieux<\/strong> apr\u00e8s<br \/>\ncette derni\u00e8re salve. Attaqu\u00e9 sur la qualit\u00e9 du<br \/>\n<strong>prime<\/strong>, sa gestion <strong>budg\u00e9taire<\/strong> et<br \/>\nson r\u00f4le de <strong>producteur<\/strong>, il a pr\u00e9f\u00e9r\u00e9 <strong>ne<br \/>\npas prolonger le clash<\/strong>. Un silence strat\u00e9gique ou une<br \/>\nmani\u00e8re de tourner la page sur une \u00e9poque t\u00e9l\u00e9-r\u00e9alit\u00e9 en voie<br \/>\nd\u2019extinction ? Le producteur est d\u00e9sormais attendu sur<br \/>\n<strong>Canal+<\/strong> et semble pr\u00eat \u00e0 changer de registre.<\/p>\n","protected":false},"excerpt":{"rendered":"EN BREF Guillaume Genton et Fabrice Sopoglian ont \u00e9chang\u00e9 des propos virulents sur les r\u00e9seaux sociaux apr\u00e8s une&hellip;\n","protected":false},"author":2,"featured_media":293800,"comment_status":"","ping_status":"","sticky":false,"template":"","format":"standard","meta":{"footnotes":""},"categories":[1359],"tags":[548,58,59,1011,27,973],"class_list":{"0":"post-293799","1":"post","2":"type-post","3":"status-publish","4":"format-standard","5":"has-post-thumbnail","7":"category-people","8":"tag-article-simple","9":"tag-divertissement","10":"tag-entertainment","11":"tag-fr","12":"tag-france","13":"tag-people"},"share_on_mastodon":{"url":"https:\/\/pubeurope.com\/@fr\/114965509863862259","error":""},"_links":{"self":[{"href":"https:\/\/www.europesays.com\/fr\/wp-json\/wp\/v2\/posts\/293799","targetHints":{"allow":["GET"]}}],"collection":[{"href":"https:\/\/www.europesays.com\/fr\/wp-json\/wp\/v2\/posts"}],"about":[{"href":"https:\/\/www.europesays.com\/fr\/wp-json\/wp\/v2\/types\/post"}],"author":[{"embeddable":true,"href":"https:\/\/www.europesays.com\/fr\/wp-json\/wp\/v2\/users\/2"}],"replies":[{"embeddable":true,"href":"https:\/\/www.europesays.com\/fr\/wp-json\/wp\/v2\/comments?post=293799"}],"version-history":[{"count":0,"href":"https:\/\/www.europesays.com\/fr\/wp-json\/wp\/v2\/posts\/293799\/revisions"}],"wp:featuredmedia":[{"embeddable":true,"href":"https:\/\/www.europesays.com\/fr\/wp-json\/wp\/v2\/media\/293800"}],"wp:attachment":[{"href":"https:\/\/www.europesays.com\/fr\/wp-json\/wp\/v2\/media?parent=293799"}],"wp:term":[{"taxonomy":"category","embeddable":true,"href":"https:\/\/www.europesays.com\/fr\/wp-json\/wp\/v2\/categories?post=293799"},{"taxonomy":"post_tag","embeddable":true,"href":"https:\/\/www.europesays.com\/fr\/wp-json\/wp\/v2\/tags?post=293799"}],"curies":[{"name":"wp","href":"https:\/\/api.w.org\/{rel}","templated":true}]}}