{"id":293801,"date":"2025-08-03T15:20:14","date_gmt":"2025-08-03T15:20:14","guid":{"rendered":"https:\/\/www.europesays.com\/fr\/293801\/"},"modified":"2025-08-03T15:20:14","modified_gmt":"2025-08-03T15:20:14","slug":"les-emotions-de-1989-dhelene-miard-delacroix-1989-lannee-des-promesses","status":"publish","type":"post","link":"https:\/\/www.europesays.com\/fr\/293801\/","title":{"rendered":"\u00ab\u00a0Les Emotions de 1989\u00a0\u00bb, d\u2019H\u00e9l\u00e8ne Miard-Delacroix\u00a0: 1989, l\u2019ann\u00e9e des promesses"},"content":{"rendered":"<p>                         <img loading=\"lazy\" decoding=\"async\" src=\"https:\/\/www.europesays.com\/fr\/wp-content\/uploads\/2025\/08\/222b85b_upload-1-jpjrijvzv4ga-rea9578805.jpg\" alt=\"Le 19\u00a0ao\u00fbt\u00a01989, \u00e0 l\u2019occasion du \u00ab pique-nique paneurop\u00e9en \u00bb, une manifestation organis\u00e9e pour le d\u00e9mant\u00e8lement des fronti\u00e8res et une Europe unie, des centaines de citoyens de RDA en profitent pour fuir vers l\u2019Ouest.\"   width=\"664\" height=\"443\"\/>    Le 19\u00a0ao\u00fbt\u00a01989, \u00e0 l\u2019occasion du \u00ab pique-nique paneurop\u00e9en \u00bb, une manifestation organis\u00e9e pour le d\u00e9mant\u00e8lement des fronti\u00e8res et une Europe unie, des centaines de citoyens de RDA en profitent pour fuir vers l\u2019Ouest.  DIRK EISERMANN \/\u00a0LAIF-REA                   <\/p>\n<p class=\"catcher__desc\">\u00ab\u00a0Les Emotions de 1989. France et Allemagne face aux bouleversements du monde\u00a0\u00bb, d\u2019H\u00e9l\u00e8ne Miard-Delacroix, Flammarion, \u00ab\u00a0Au fil de l\u2019histoire\u00a0\u00bb, 475\u00a0p., 25\u00a0\u20ac, num\u00e9rique 17\u00a0\u20ac.<\/p>\n<p class=\"article__paragraph  \">Trois\u00a0d\u00e9cennies ont suffi pour qu\u2019un livre sur les r\u00e9volutions qui ont fait de l\u2019ann\u00e9e 1989, en Europe, l\u2019un des pivots du XXe\u00a0si\u00e8cle finissant donne un sentiment d\u2019irr\u00e9alit\u00e9, tant le temps qu\u2019il explore para\u00eet lointain, et comme l\u2019inverse du n\u00f4tre. C\u2019est d\u2019ailleurs tout l\u2019int\u00e9r\u00eat de la d\u00e9marche suivie par l\u2019historienne <a href=\"https:\/\/www.lemonde.fr\/idees\/article\/2025\/02\/25\/helene-miard-delacroix-historienne-l-histoire-nazie-de-l-allemagne-avec-son-ombre-portee-sur-le-present-fait-de-la-percee-de-l-afd-une-cesure_6562628_3232.html\" rel=\"nofollow noopener\" target=\"_blank\">H\u00e9l\u00e8ne Miard-Delacroix<\/a> dans Les\u00a0Emotions de 1989\u00a0: faire l\u2019histoire moins des \u00e9v\u00e9nements, m\u00eame si elle les restitue avec pr\u00e9cision, que des affects qu\u2019ils ont suscit\u00e9s \u2013 en l\u2019occurrence, en Allemagne et en France \u2013, pour mettre au jour un faisceau de croyances, de repr\u00e9sentations, de projections vers l\u2019avenir dont nous peinons aujourd\u2019hui \u00e0 nous souvenir.<\/p>\n<p class=\"article__paragraph  \">1989, ce sont pourtant trois jalons essentiels de l\u2019histoire mondiale. Au printemps, le peuple chinois se soul\u00e8ve contre le r\u00e9gime, dans des manifestations de masse qui paraissent faire vaciller le Parti communiste, avant les massacres des 3 et 4\u00a0juin sur <a href=\"https:\/\/www.lemonde.fr\/international\/article\/2019\/06\/04\/place-tiananmen-une-normalite-sous-etroite-surveillance_5471231_3210.html\" rel=\"nofollow noopener\" target=\"_blank\">la place Tiananmen<\/a> et ailleurs \u2013 jusqu\u2019\u00e0 10\u00a0000\u00a0morts selon certaines sources. Pendant l\u2019\u00e9t\u00e9, les Allemands de l\u2019Est se r\u00e9voltent \u00e0 leur tour, fuyant en masse la RDA, qui s\u2019enfonce de plus en plus dans la d\u00e9r\u00e9liction \u00e9conomique et l\u2019autoritarisme. Le 9\u00a0novembre, le mur de Berlin, embl\u00e8me de la division du pays et de l\u2019Europe tout enti\u00e8re, est mis \u00e0 bas. Moins d\u2019un\u00a0an plus tard, en\u00a0octobre\u00a01990, <a href=\"https:\/\/www.lemonde.fr\/archives\/article\/1990\/10\/03\/l-unification-de-la-rda-et-de-la-rfa-jour-j-1-a-berlin_3981133_1819218.html\" rel=\"nofollow noopener\" target=\"_blank\">la RDA cesse d\u2019exister<\/a>. Entre-temps, fin 1989, le r\u00e9gime de <a href=\"https:\/\/www.lemonde.fr\/livres\/article\/2023\/11\/11\/ceausescu-de-traian-sandu-le-satrape-de-bucarest_6199576_3260.html\" rel=\"nofollow noopener\" target=\"_blank\">Nicolae Ceausescu<\/a> est emport\u00e9 par une r\u00e9volution qui aura eu au moins cet effet concret\u00a0: d\u00e9barrasser la Roumanie de son tyran, ex\u00e9cut\u00e9 avec sa femme le 25\u00a0d\u00e9cembre, quand bien m\u00eame beaucoup de cadres du r\u00e9gime communiste vont rester en place.<\/p>\n<p class=\"reading-mode-only \"><strong>Il vous reste 61.18% de cet article \u00e0 lire. La suite est r\u00e9serv\u00e9e aux abonn\u00e9s.<\/strong><\/p>\n","protected":false},"excerpt":{"rendered":"Le 19\u00a0ao\u00fbt\u00a01989, \u00e0 l\u2019occasion du \u00ab pique-nique paneurop\u00e9en \u00bb, une manifestation organis\u00e9e pour le d\u00e9mant\u00e8lement des fronti\u00e8res et&hellip;\n","protected":false},"author":2,"featured_media":293802,"comment_status":"","ping_status":"","sticky":false,"template":"","format":"standard","meta":{"footnotes":""},"categories":[1358],"tags":[1348,1384,1385,1386,58,59,1011,27],"class_list":{"0":"post-293801","1":"post","2":"type-post","3":"status-publish","4":"format-standard","5":"has-post-thumbnail","7":"category-arts-et-design","8":"tag-arts","9":"tag-arts-and-design","10":"tag-arts-et-design","11":"tag-design","12":"tag-divertissement","13":"tag-entertainment","14":"tag-fr","15":"tag-france"},"share_on_mastodon":{"url":"https:\/\/pubeurope.com\/@fr\/114965513759775557","error":""},"_links":{"self":[{"href":"https:\/\/www.europesays.com\/fr\/wp-json\/wp\/v2\/posts\/293801","targetHints":{"allow":["GET"]}}],"collection":[{"href":"https:\/\/www.europesays.com\/fr\/wp-json\/wp\/v2\/posts"}],"about":[{"href":"https:\/\/www.europesays.com\/fr\/wp-json\/wp\/v2\/types\/post"}],"author":[{"embeddable":true,"href":"https:\/\/www.europesays.com\/fr\/wp-json\/wp\/v2\/users\/2"}],"replies":[{"embeddable":true,"href":"https:\/\/www.europesays.com\/fr\/wp-json\/wp\/v2\/comments?post=293801"}],"version-history":[{"count":0,"href":"https:\/\/www.europesays.com\/fr\/wp-json\/wp\/v2\/posts\/293801\/revisions"}],"wp:featuredmedia":[{"embeddable":true,"href":"https:\/\/www.europesays.com\/fr\/wp-json\/wp\/v2\/media\/293802"}],"wp:attachment":[{"href":"https:\/\/www.europesays.com\/fr\/wp-json\/wp\/v2\/media?parent=293801"}],"wp:term":[{"taxonomy":"category","embeddable":true,"href":"https:\/\/www.europesays.com\/fr\/wp-json\/wp\/v2\/categories?post=293801"},{"taxonomy":"post_tag","embeddable":true,"href":"https:\/\/www.europesays.com\/fr\/wp-json\/wp\/v2\/tags?post=293801"}],"curies":[{"name":"wp","href":"https:\/\/api.w.org\/{rel}","templated":true}]}}