{"id":293805,"date":"2025-08-03T15:22:10","date_gmt":"2025-08-03T15:22:10","guid":{"rendered":"https:\/\/www.europesays.com\/fr\/293805\/"},"modified":"2025-08-03T15:22:10","modified_gmt":"2025-08-03T15:22:10","slug":"cette-grande-star-na-jamais-ete-chez-thierry-ardisson-et-elle-ne-le-regrette-pas-du-tout-cetait-tres-special","status":"publish","type":"post","link":"https:\/\/www.europesays.com\/fr\/293805\/","title":{"rendered":"Cette grande star n&rsquo;a jamais \u00e9t\u00e9 chez Thierry Ardisson et elle ne le regrette pas du tout : \u00ab\u00a0C&rsquo;\u00e9tait tr\u00e8s sp\u00e9cial\u00a0\u00bb"},"content":{"rendered":"<p>La suite apr\u00e8s la publicit\u00e9<\/p>\n<p><a href=\"https:\/\/www.purepeople.com\/article\/line-renaud-na-pas-dit-son-dernier-mot-a-97-ans-elle-publie-un-heureux-message-apres-une-periode-dinquietude_a539998\/1\" rel=\"nofollow noopener\" target=\"_blank\">\u00c0 97 ans<\/a>, <a href=\"https:\/\/www.purepeople.com\/people\/line-renaud_p252\" rel=\"nofollow noopener\" target=\"_blank\">Line Renaud<\/a> continue de faire parler d\u2019elle. Actrice, chanteuse, militante, elle m\u00e8ne sa vie avec la m\u00eame \u00e9l\u00e9gance et la m\u00eame franchise depuis des d\u00e9cennies. Ce dimanche 3 ao\u00fbt, la com\u00e9dienne est \u00e0 l\u2019honneur sur TF1 avec la diffusion du film<strong> <\/strong><strong>Une belle course<\/strong><strong> <\/strong>(2022), dans lequel elle partage l\u2019affiche avec <a href=\"https:\/\/www.purepeople.com\/people\/dany-boon_p126\" rel=\"nofollow noopener\" target=\"_blank\">Dany Boon<\/a>. L\u2019occasion pour elle de se confier au Parisien dans un entretien \u00e0 la fois tendre et lucide. Mais une remarque n\u2019est pas pass\u00e9e inaper\u00e7ue : Line Renaud n\u2019a jamais particip\u00e9 \u00e0 une \u00e9mission de <a href=\"https:\/\/www.purepeople.com\/people\/thierry-ardisson_p176\" rel=\"nofollow noopener\" target=\"_blank\">Thierry Ardisson<\/a>. Et ce n\u2019est pas un hasard.<\/p>\n<p>Line Renaud cash sur Thierry Ardisson : \u00ab\u00a0Je ne voulais pas prendre ce risque\u00a0\u00bb<\/p>\n<p><a href=\"https:\/\/www.purepeople.com\/article\/thierry-ardisson-lhomme-en-noir-est-mort_a535592\/1\" rel=\"nofollow noopener\" target=\"_blank\">D\u00e9c\u00e9d\u00e9 le 14 juillet dernier \u00e0 l\u2019\u00e2ge de 76 ans<\/a>, l\u2019homme en noir a marqu\u00e9 l\u2019histoire de la t\u00e9l\u00e9vision fran\u00e7aise avec ses \u00e9missions cultes comme Tout le monde en parle ou <a href=\"https:\/\/www.purepeople.com\/article\/laurent-baffie-recadre-dans-salut-les-terriens-par-sa-mere-les-gros-mots-fusent_a288139\/1\" rel=\"nofollow noopener\" target=\"_blank\">Salut les Terriens !<\/a>. Un style incisif, <a href=\"https:\/\/www.purepeople.com\/article\/si-thierry-entend-ca-laurent-baffie-sexcuse-pour-ses-derapages-passes-envers-les-proies-faibles_a536938\/1\" rel=\"nofollow noopener\" target=\"_blank\">un ton volontiers provocateur,<\/a> des interviews sans filtre&#8230; Tout ce que Line Renaud souhaitait apparemment \u00e9viter. \u00ab\u00a0Je n\u2019ai pas \u00e9t\u00e9 invit\u00e9e chez lui, mais je ne l\u2019aurais pas fait. <strong>Il avait un ton particulier, c\u2019\u00e9tait tr\u00e8s sp\u00e9cial<\/strong>. Quelquefois, il pouvait poser des questions tr\u00e8s g\u00eanantes, tu ne pouvais pas avoir confiance\u2026 Je ne voulais pas prendre ce risque\u00a0\u00bb , a-t-elle confi\u00e9 sans d\u00e9tour dans les colonnes du Parisien.<\/p>\n<p>Loin des clashs et des coups d\u2019\u00e9clat, Line Renaud a toujours privil\u00e9gi\u00e9 des m\u00e9dias et des interlocuteurs en phase avec ses valeurs. Son image, forg\u00e9e au fil des d\u00e9cennies, n\u2019a jamais d\u00e9rap\u00e9. Ce n\u2019est pas \u00e0 l\u2019aube de ses 100 ans que cette derni\u00e8re compte prendre des risques inutiles. Sa d\u00e9claration sur le d\u00e9funt animateur n\u2019est pas un r\u00e8glement de comptes posthume, mais bien une mise au point sur une \u00e9poque t\u00e9l\u00e9visuelle avec laquelle elle ne se sentait pas en phase. \u00ab\u00a0<strong>Il avait un ton particulier<\/strong>\u00ab\u00a0, r\u00e9p\u00e8te-t-elle. Un euph\u00e9misme pour qualifier un style que beaucoup adoraient mais que d\u2019autres trouvaient intrusif et parfois brutal.<\/p>\n<p>Il faut dire que le talk-show fa\u00e7on Ardisson, <strong>entre noirceur assum\u00e9e et provocations orchestr\u00e9es<\/strong>, ne convenait pas \u00e0 tous les profils. Si certains invit\u00e9s se pr\u00eataient volontiers au jeu, d\u2019autres pr\u00e9f\u00e9raient rester \u00e0 distance. Line Renaud fait visiblement partie de cette seconde cat\u00e9gorie.<\/p>\n<p>Une carri\u00e8re toujours active \u00e0 97 ans<\/p>\n<p>Plut\u00f4t que de se retourner sur ce qu\u2019elle n\u2019a pas fait, Line Renaud pr\u00e9f\u00e8re se concentrer sur ce qui la fait encore vibrer. Son film Une belle course, salu\u00e9 par la critique, est pour elle l\u2019un de ses plus beaux projets. \u00ab\u00a0<strong>Pour moi, c\u2019est mon plus beau, mon meilleur.<\/strong> D\u2019ailleurs, <a href=\"https:\/\/www.purepeople.com\/people\/barbra-streisand_p448\" rel=\"nofollow noopener\" target=\"_blank\">Barbra Streisand<\/a> l\u2019a ador\u00e9, elle a \u00e9t\u00e9 boulevers\u00e9e\u00a0\u00bb, s\u2019enthousiasme-t-elle aupr\u00e8s du Parisien.<\/p>\n<p>Quant \u00e0 la retraite, ce n\u2019est pas \u00e0 l\u2019ordre du jour. L&rsquo;actrice confie m\u00eame que<strong> Dany Boon lui a promis un r\u00f4le dans son prochain film<\/strong> : \u00ab\u00a0Dany m\u2019a dit pour mon anniversaire : \u00ab\u00a0Line, tu as 97 ans, mon cadeau, c\u2019est que tu fasses mon prochain film.\u00a0\u00bb\u00a0\u00bb Une promesse qu\u2019elle compte bien honorer, tant que sa sant\u00e9 le lui permet. <a href=\"https:\/\/www.purepeople.com\/article\/line-renaud-97-ans-et-pas-fixee-sur-le-futur-la-comedienne-lucide-mais-pleine-de-vie_a541076\/1\" rel=\"nofollow noopener\" target=\"_blank\">Toujours lucide et positive<\/a>, Line Renaud impressionne par sa capacit\u00e9 \u00e0 vivre le pr\u00e9sent sans angoisse du lendemain. \u00ab\u00a0Je ne suis fix\u00e9e ni sur le pass\u00e9 ni sur le futur [\u2026] <strong>J\u2019aime plut\u00f4t vivre le pr\u00e9sent, chaque jour<\/strong>\u00ab\u00a0, conclut-elle, dans un m\u00e9lange de sagesse et de l\u00e9g\u00e8ret\u00e9 qui lui est propre.<\/p>\n","protected":false},"excerpt":{"rendered":"La suite apr\u00e8s la publicit\u00e9 \u00c0 97 ans, Line Renaud continue de faire parler d\u2019elle. Actrice, chanteuse, militante,&hellip;\n","protected":false},"author":2,"featured_media":293806,"comment_status":"","ping_status":"","sticky":false,"template":"","format":"standard","meta":{"footnotes":""},"categories":[1356],"tags":[58,59,1011,27,252,1364],"class_list":{"0":"post-293805","1":"post","2":"type-post","3":"status-publish","4":"format-standard","5":"has-post-thumbnail","7":"category-television","8":"tag-divertissement","9":"tag-entertainment","10":"tag-fr","11":"tag-france","12":"tag-television","13":"tag-tv"},"share_on_mastodon":{"url":"https:\/\/pubeurope.com\/@fr\/114965521607155371","error":""},"_links":{"self":[{"href":"https:\/\/www.europesays.com\/fr\/wp-json\/wp\/v2\/posts\/293805","targetHints":{"allow":["GET"]}}],"collection":[{"href":"https:\/\/www.europesays.com\/fr\/wp-json\/wp\/v2\/posts"}],"about":[{"href":"https:\/\/www.europesays.com\/fr\/wp-json\/wp\/v2\/types\/post"}],"author":[{"embeddable":true,"href":"https:\/\/www.europesays.com\/fr\/wp-json\/wp\/v2\/users\/2"}],"replies":[{"embeddable":true,"href":"https:\/\/www.europesays.com\/fr\/wp-json\/wp\/v2\/comments?post=293805"}],"version-history":[{"count":0,"href":"https:\/\/www.europesays.com\/fr\/wp-json\/wp\/v2\/posts\/293805\/revisions"}],"wp:featuredmedia":[{"embeddable":true,"href":"https:\/\/www.europesays.com\/fr\/wp-json\/wp\/v2\/media\/293806"}],"wp:attachment":[{"href":"https:\/\/www.europesays.com\/fr\/wp-json\/wp\/v2\/media?parent=293805"}],"wp:term":[{"taxonomy":"category","embeddable":true,"href":"https:\/\/www.europesays.com\/fr\/wp-json\/wp\/v2\/categories?post=293805"},{"taxonomy":"post_tag","embeddable":true,"href":"https:\/\/www.europesays.com\/fr\/wp-json\/wp\/v2\/tags?post=293805"}],"curies":[{"name":"wp","href":"https:\/\/api.w.org\/{rel}","templated":true}]}}