{"id":293807,"date":"2025-08-03T15:23:12","date_gmt":"2025-08-03T15:23:12","guid":{"rendered":"https:\/\/www.europesays.com\/fr\/293807\/"},"modified":"2025-08-03T15:23:12","modified_gmt":"2025-08-03T15:23:12","slug":"un-nouveau-groupe-de-k-pop-avec-parmi-ses-membres-deux-refugies-du-regime-nord-coreen","status":"publish","type":"post","link":"https:\/\/www.europesays.com\/fr\/293807\/","title":{"rendered":"un nouveau groupe de K-Pop avec, parmi ses membres, deux r\u00e9fugi\u00e9s du r\u00e9gime nord-cor\u00e9en"},"content":{"rendered":"\n<p class=\"c-chapo \">\n  Yu Hyeok et Kim Seok ont quitt\u00e9 la Cor\u00e9e du Nord lorsqu&rsquo;ils avaient respectivement 13 et 19 ans. Jamais ils n&rsquo;auraient pens\u00e9 vivre de leur passion.\n<\/p>\n<p>            lire plus tard<\/p>\n<p id=\"dialog__title\" class=\"dialog__title\">Pour sauvegarder cet article, connectez-vous ou cr\u00e9ez un compte franceinfo<\/p>\n<p class=\"dialog__description\">Sans paiement. Sans abonnement.<\/p>\n<p>        Fermer la fen\u00eatre d\u2019activation des notifications France Info<\/p>\n<p>            cr\u00e9er votre compte<\/p>\n<p>            se connecter<\/p>\n<p>        Fermer la fen\u00eatre de pr\u00e9sentation<\/p>\n<p>    <img loading=\"lazy\" decoding=\"async\" class=\"signature__image lazyload\" width=\"100\" height=\"100\" data- alt=\"\" src=\"https:\/\/www.europesays.com\/fr\/wp-content\/uploads\/2025\/05\/64a7df4c5fe71_placeholder-36b69ec8.png\"\/><\/p>\n<p>    Publi\u00e9 le 03\/08\/2025 15:00<\/p>\n<p>        Temps de lecture : 3min<\/p>\n<p>    <img decoding=\"async\"  alt=\"En Cor\u00e9e du Sud, deux membre d'un nouveau groupe de Kpop ne sont pas sud-cor\u00e9ens mais nord-cor\u00e9en. (JUNG YEON-JE \/ AFP)\" width=\"432\" height=\"243\" src=\"https:\/\/www.europesays.com\/fr\/wp-content\/uploads\/2025\/08\/000-378m8nv-688e70fc9dec3218403378.jpg\" fetchpriority=\"high\"\/><\/p>\n<p>      En Cor\u00e9e du Sud, deux membre d&rsquo;un nouveau groupe de Kpop ne sont pas sud-cor\u00e9ens mais nord-cor\u00e9en. (JUNG YEON-JE \/ AFP)<\/p>\n<p>En <a href=\"https:\/\/www.franceinfo.fr\/monde\/coree-du-sud\/\" rel=\"nofollow noopener\" target=\"_blank\">Cor\u00e9e du Sud<\/a>, un nouveau groupe de K-Pop pas comme les autres fait ses d\u00e9buts actuellement. 1verse (prononc\u00e9 Universe), c&rsquo;est son nom, est compos\u00e9 de cinq membres\u00a0: trois Sud-Cor\u00e9ens et deux <a href=\"https:\/\/www.franceinfo.fr\/monde\/coree-du-nord\/\" rel=\"nofollow noopener\" target=\"_blank\">Nord-Cor\u00e9ens<\/a>. Les deux chanteurs du boys band ont quitt\u00e9 le r\u00e9gime de Kim Jong-un dans leur enfance et montent aujourd&rsquo;hui sur sc\u00e8ne devant des fans du monde entier.<\/p>\n<p>Yu Hyeok et Kim Seok, 25 ans, sont tous deux r\u00e9fugi\u00e9s du r\u00e9gime, arriv\u00e9s en Cor\u00e9e du Sud \u00e0 13 et 19 ans, ils ont r\u00e9alis\u00e9 le r\u00eave de nombreux de leurs nouveaux compatriotes\u00a0: \u00eatre une star de K-Pop. Pourtant la Cor\u00e9e du Nord est un pays extr\u00eamement ferm\u00e9 o\u00f9 tout ce qui vient du Sud est interdit. Mais certains, comme Kim Seok sont tout de m\u00eame parvenus \u00e0 d\u00e9couvrir la K-pop depuis le r\u00e9gime nord-cor\u00e9en, malgr\u00e9 les risques de sanctions.\u00a0\u00ab\u00a0J&rsquo;avais d\u00e9j\u00e0 entendu de la musique sud-cor\u00e9enne quand je vivais en Cor\u00e9e du Nord, des chansons romantiques, au travers de cl\u00e9s USB qui entraient en contrebande depuis l&rsquo;\u00e9tranger. Quand je suis arriv\u00e9 au Sud, j&rsquo;ai continu\u00e9 \u00e0 en \u00e9couter car c&rsquo;\u00e9tait ce que je pr\u00e9f\u00e9rais quand j&rsquo;\u00e9tais petit et aujourd&rsquo;hui c&rsquo;est devenu mon m\u00e9tier\u00a0\u00bb, raconte le jeune chanteur.<\/p>\n<p>Son camarade Yu Hyok a quant \u00e0 lui d\u00e9couvert le hip-hop en Cor\u00e9e du Sud et n&rsquo;a pas abandonn\u00e9 son r\u00eave de pouvoir monter sur sc\u00e8ne. \u00ab\u00a0Apr\u00e8s \u00eatre arriv\u00e9 au Sud et fait mes \u00e9tudes, je travaillais \u00e0 l&rsquo;usine, mais je n&rsquo;avais pas abandonn\u00e9 ma passion du chant, confie-t-il. J&rsquo;ai particip\u00e9 \u00e0 un t\u00e9l\u00e9-crochet et c&rsquo;est l\u00e0 que la manageuse du groupe a d\u00fb me rep\u00e9rer. Elle est venue me voir pour me proposer de la rejoindre. Au d\u00e9but je pensais qu&rsquo;elle voulait m&rsquo;arnaquer mais elle m&rsquo;a offert des cours de chant tous les week-ends et petit \u00e0 petit, j&rsquo;ai compris que je pouvais vraiment devenir chanteur.\u00a0\u00bb\u00a0<\/p>\n<p>C&rsquo;est un parcours exceptionnel dans une industrie musicale cor\u00e9enne tr\u00e8s exigeante. Le groupe compte d\u00e9j\u00e0 de nombreux fans, aussi bien en Cor\u00e9e du Sud qu&rsquo;\u00e0 l&rsquo;\u00e9tranger. \u00c0 la question de savoir si bient\u00f4t des Nord-cor\u00e9ens les \u00e9couteront peut-\u00eatre aussi, Kim Seok confie ne pas y avoir \u00ab\u00a0pens\u00e9, mais si on devient c\u00e9l\u00e8bre et que des connaissances en Cor\u00e9e du Nord me voient \u00e0 la t\u00e9l\u00e9, je serais content qu&rsquo;ils aient de mes nouvelles de cette fa\u00e7on.\u00a0\u00bb\u00a0<\/p>\n<p>En juillet, le groupe a officiellement fait ses d\u00e9buts dans une industrie musicale sud-cor\u00e9enne qui cherche \u00e0 se diversifier et se renouveler, en int\u00e9grant des profils toujours plus originaux. De quoi piquer la curiosit\u00e9 des nombreux fans du genre \u00e0 travers le monde.<\/p>\n","protected":false},"excerpt":{"rendered":"Yu Hyeok et Kim Seok ont quitt\u00e9 la Cor\u00e9e du Nord lorsqu&rsquo;ils avaient respectivement 13 et 19 ans.&hellip;\n","protected":false},"author":2,"featured_media":293808,"comment_status":"","ping_status":"","sticky":false,"template":"","format":"standard","meta":{"footnotes":""},"categories":[1355],"tags":[58,59,1011,27,1361,873],"class_list":{"0":"post-293807","1":"post","2":"type-post","3":"status-publish","4":"format-standard","5":"has-post-thumbnail","7":"category-musique","8":"tag-divertissement","9":"tag-entertainment","10":"tag-fr","11":"tag-france","12":"tag-music","13":"tag-musique"},"share_on_mastodon":{"url":"https:\/\/pubeurope.com\/@fr\/114965525553394923","error":""},"_links":{"self":[{"href":"https:\/\/www.europesays.com\/fr\/wp-json\/wp\/v2\/posts\/293807","targetHints":{"allow":["GET"]}}],"collection":[{"href":"https:\/\/www.europesays.com\/fr\/wp-json\/wp\/v2\/posts"}],"about":[{"href":"https:\/\/www.europesays.com\/fr\/wp-json\/wp\/v2\/types\/post"}],"author":[{"embeddable":true,"href":"https:\/\/www.europesays.com\/fr\/wp-json\/wp\/v2\/users\/2"}],"replies":[{"embeddable":true,"href":"https:\/\/www.europesays.com\/fr\/wp-json\/wp\/v2\/comments?post=293807"}],"version-history":[{"count":0,"href":"https:\/\/www.europesays.com\/fr\/wp-json\/wp\/v2\/posts\/293807\/revisions"}],"wp:featuredmedia":[{"embeddable":true,"href":"https:\/\/www.europesays.com\/fr\/wp-json\/wp\/v2\/media\/293808"}],"wp:attachment":[{"href":"https:\/\/www.europesays.com\/fr\/wp-json\/wp\/v2\/media?parent=293807"}],"wp:term":[{"taxonomy":"category","embeddable":true,"href":"https:\/\/www.europesays.com\/fr\/wp-json\/wp\/v2\/categories?post=293807"},{"taxonomy":"post_tag","embeddable":true,"href":"https:\/\/www.europesays.com\/fr\/wp-json\/wp\/v2\/tags?post=293807"}],"curies":[{"name":"wp","href":"https:\/\/api.w.org\/{rel}","templated":true}]}}