{"id":293809,"date":"2025-08-03T15:25:18","date_gmt":"2025-08-03T15:25:18","guid":{"rendered":"https:\/\/www.europesays.com\/fr\/293809\/"},"modified":"2025-08-03T15:25:18","modified_gmt":"2025-08-03T15:25:18","slug":"perla-dalexandra-makarova-le-portrait-sensible-dune-femme-tiraillee-entre-deux-mondes-telerama","status":"publish","type":"post","link":"https:\/\/www.europesays.com\/fr\/293809\/","title":{"rendered":"\u201cPerla\u201d, d\u2019Alexandra Makarov\u00e1 : le portrait sensible d\u2019une femme tiraill\u00e9e entre deux mondes &#8211; T\u00e9l\u00e9rama"},"content":{"rendered":"<ol>\n<li><a href=\"https:\/\/news.google.com\/rss\/articles\/CBMizwFBVV95cUxPdHNCN1pzY1JaaTVEeGtEbE5DcXRJMTVId1pBZnNwOHdHUEZRc0xrMFR6MEh2R2t0a0FYcF9OUkhyYXIyd0lNTXphUDR0ZVBocWY0cnFDUnFkWHAzSnJWVi1SUHFYSlgwYW9mc09PS2hDY2YxZDlfdkFiOHF0SVgyTldTVUd5aDlWeG9hUElzRWFyWGFsNXhxZWZlYUQtSDl0VWpYTlgzNW43OUxoZEx0d3lUeW9SZ2otNjFFaHY3bGNuWXZWekVXbkZGcHlGOTQ?oc=5\" target=\"_blank\" rel=\"nofollow noopener\">\u201cPerla\u201d, d\u2019Alexandra Makarov\u00e1 : le portrait sensible d\u2019une femme tiraill\u00e9e entre deux mondes<\/a>&nbsp;&nbsp;T\u00e9l\u00e9rama<\/li>\n<li><a href=\"https:\/\/news.google.com\/rss\/articles\/CBMiygFBVV95cUxPc2JpM0ZqVnM0aW9iTm1lOEdNRzREWFN1MGxEVlJTb0RFYTRVdEFwMGxySDZMN3pQWGR4dnVGdjN5ZzJ5OFB0VzBIQ0JXUzJBOEI3ajVLZVh3WXdiTjhhM3JxVzFqU0Uwd3BOa0xqQ2NvdDZDRGdqMzdpMEQ4cXNPRmxzUm5FdXpmUHhpM2ptU1NWM3gxZFZRZ3dyTTZSSWRPRUFIaEsxSWVmTHF1ZFVueDRSU1hlZGJuRFVHcFY0WkNLaElMZDlhZHlR?oc=5\" target=\"_blank\" rel=\"nofollow noopener\">Les films \u00e0 l\u2019affiche : \u00ab Perla \u00bb, \u00ab Substitution \u00bb, \u00ab Gangs of Ta\u00efwan \u00bb, \u00ab Touch \u00bb\u2026<\/a>&nbsp;&nbsp;Le Monde.fr<\/li>\n<li><a href=\"https:\/\/news.google.com\/rss\/articles\/CBMifkFVX3lxTE5xTEFTbFdzM1lNZHMxMGNJZ1VhT1BqaC1vTGNQcG1BUTRjVllBZUU0WTBvNXNfZkx6NFZVcVZfRE5RYzhzeXdXbC1mV3FWZ1JXSWpMYWZEeGZ6aGVfNXBINkJ3VmRFZUNkYXJUWE9aQzNqUGxRblE5V3cwQ0x1QQ?oc=5\" target=\"_blank\" rel=\"nofollow noopener\">Perla : un drame intense et f\u00e9ministe au c\u0153ur de la Tch\u00e9coslovaquie communiste de 1980<\/a>&nbsp;&nbsp;AlloCin\u00e9<\/li>\n<li><a href=\"https:\/\/news.google.com\/rss\/articles\/CBMiakFVX3lxTE1lMHlCZTYzYjdpSzgtU1E0QzBSbWhOS2Q1RFdqbWVQdzFiSmI1RzFSeXN1STA5UlY5LV9jYUJEeUdkUVVJcnRPcnU0VFFzc05SajRUbHh5cWhxaUR4SFVmdi1CSUZpdzV0ZEE?oc=5\" target=\"_blank\" rel=\"nofollow noopener\">L&rsquo;exil\u00e9e coup\u00e9e en deux&#8230; par seb2046<\/a>&nbsp;&nbsp;SensCritique<\/li>\n<li><a href=\"https:\/\/news.google.com\/rss\/articles\/CBMiwwFBVV95cUxOS1pKNlFqSVVvdjdIaS1abmtvTVpJNHFsZ0RpRXl6OEpqTkpmSlFEQW9qOVREcDJpZ3prS1dvQjM3M2huNnB5Sk43Snd4bHhDLW94S0ZDbVpieVM0ZlJCSno5ejJlbE1jdnBnN18xZkNZS3VleGc4OFBiUUttc1piTzZRb3k3NHRJUXNtc1JpVDlMNTRxRDJPVTFDbklhSVVTbTVqS290Q2dWWlJGSVVpZHVibHdfeEFMZGpOd2pNR1VvVm8?oc=5\" target=\"_blank\" rel=\"nofollow noopener\">\u201cSubstitution\u201d, \u201cTransamazonia\u201d et \u201cTouch\u201d : voici les sorties cin\u00e9 de la semaine !<\/a>&nbsp;&nbsp;Les Inrocks<\/li>\n<\/ol>\n","protected":false},"excerpt":{"rendered":"\u201cPerla\u201d, d\u2019Alexandra Makarov\u00e1 : le portrait sensible d\u2019une femme tiraill\u00e9e entre deux mondes&nbsp;&nbsp;T\u00e9l\u00e9rama Les films \u00e0 l\u2019affiche :&hellip;\n","protected":false},"author":2,"featured_media":293810,"comment_status":"","ping_status":"","sticky":false,"template":"","format":"standard","meta":{"footnotes":""},"categories":[1354],"tags":[58,59,1346,1011,27,1360],"class_list":{"0":"post-293809","1":"post","2":"type-post","3":"status-publish","4":"format-standard","5":"has-post-thumbnail","7":"category-films","8":"tag-divertissement","9":"tag-entertainment","10":"tag-films","11":"tag-fr","12":"tag-france","13":"tag-movies"},"share_on_mastodon":{"url":"https:\/\/pubeurope.com\/@fr\/114965533480117569","error":""},"_links":{"self":[{"href":"https:\/\/www.europesays.com\/fr\/wp-json\/wp\/v2\/posts\/293809","targetHints":{"allow":["GET"]}}],"collection":[{"href":"https:\/\/www.europesays.com\/fr\/wp-json\/wp\/v2\/posts"}],"about":[{"href":"https:\/\/www.europesays.com\/fr\/wp-json\/wp\/v2\/types\/post"}],"author":[{"embeddable":true,"href":"https:\/\/www.europesays.com\/fr\/wp-json\/wp\/v2\/users\/2"}],"replies":[{"embeddable":true,"href":"https:\/\/www.europesays.com\/fr\/wp-json\/wp\/v2\/comments?post=293809"}],"version-history":[{"count":0,"href":"https:\/\/www.europesays.com\/fr\/wp-json\/wp\/v2\/posts\/293809\/revisions"}],"wp:featuredmedia":[{"embeddable":true,"href":"https:\/\/www.europesays.com\/fr\/wp-json\/wp\/v2\/media\/293810"}],"wp:attachment":[{"href":"https:\/\/www.europesays.com\/fr\/wp-json\/wp\/v2\/media?parent=293809"}],"wp:term":[{"taxonomy":"category","embeddable":true,"href":"https:\/\/www.europesays.com\/fr\/wp-json\/wp\/v2\/categories?post=293809"},{"taxonomy":"post_tag","embeddable":true,"href":"https:\/\/www.europesays.com\/fr\/wp-json\/wp\/v2\/tags?post=293809"}],"curies":[{"name":"wp","href":"https:\/\/api.w.org\/{rel}","templated":true}]}}