{"id":293814,"date":"2025-08-03T15:28:12","date_gmt":"2025-08-03T15:28:12","guid":{"rendered":"https:\/\/www.europesays.com\/fr\/293814\/"},"modified":"2025-08-03T15:28:12","modified_gmt":"2025-08-03T15:28:12","slug":"harry-violent-avec-son-oncle-a-cause-de-meghan-markle-il-remet-leglise-au-milieu-du-village","status":"publish","type":"post","link":"https:\/\/www.europesays.com\/fr\/293814\/","title":{"rendered":"Harry violent avec son oncle \u00e0 cause de Meghan Markle ? Il remet l\u2019\u00e9glise au milieu du village"},"content":{"rendered":"<p>Le nouveau livre d&rsquo;Andrew Lownie a fait l&rsquo;effet d&rsquo;une bombe<br \/>\noutre-Manche. Intitul\u00e9 The Rise and Fall of the House of<br \/>\nYork, cet ouvrage d\u00e9peint le <a href=\"https:\/\/www.closermag.fr\/royautes\/prince-andrew-et-sarah-ferguson-cette-brutale-realite-qui-a-detruit-leur-mariage-3566478\" rel=\"nofollow noopener\" target=\"_blank\"><br \/>\nprince Andrew<\/a> comme <strong>une figure controvers\u00e9e au sein de<br \/>\nla monarchie britannique<\/strong>. Tout en explorant ses liens avec<br \/>\nle d\u00e9linquant sexuel condamn\u00e9 <a href=\"https:\/\/www.closermag.fr\/vecu\/jeffrey-epstein-ces-images-tournees-juste-avant-sa-mort-relancent-les-plus-folles-theories-3568365\" rel=\"nofollow noopener\" target=\"_blank\"><br \/>\nJeffrey Epstein<\/a>. L&rsquo;auteur affirme \u00e9galement que le <a href=\"https:\/\/www.closermag.fr\/royautes\/prince-harry-il-cherche-absolument-a-se-reconcilier-avec-la-famille-royale-nouvelles-revelations-sur-ses-engagements-3567257\" rel=\"nofollow noopener\" target=\"_blank\"><br \/>\nprince Harry<\/a> aurait eu une altercation physique avec son oncle.<br \/>\nEt que <a href=\"https:\/\/www.closermag.fr\/royautes\/meghan-markle-ce-divorce-qui-va-lui-en-mettre-un-coup-3568334\" rel=\"nofollow noopener\" target=\"_blank\"><br \/>\nMeghan Markle<\/a>\u00a0aurait \u00e9t\u00e9 la cible d&rsquo;insultes en<br \/>\ncoulisses.<\/p>\n<p>Suite \u00e0 la publication de ce livre. Un porte-parole du duc de<br \/>\nSussex a d\u00e9clar\u00e9 au magazine am\u00e9ricain <a href=\"https:\/\/people.com\/prince-harry-denies-physical-fight-prince-andrew-comments-meghan-markle-new-book-11783843\" rel=\"nofollow noopener\" target=\"_blank\"><br \/>\nPeople<\/a> : \u00ab\u00a0Je peux confirmer qu&rsquo;<strong>aucune de<br \/>\nces affirmations n&rsquo;est vraie<\/strong>. Le prince Harry et le prince<br \/>\nAndrew ne se sont jamais disput\u00e9s. Et le prince Andrew n&rsquo;a jamais<br \/>\ntenu de tels propos au sujet de la duchesse de Sussex au prince<br \/>\nHarry\u00a0\u00bb.<\/p>\n<p>Prince Harry : son oncle aurait qualifi\u00e9 son \u00e9pouse Meghan<br \/>\nMarkle \u00ab\u00a0d&rsquo;opportuniste\u00a0\u00bb<\/p>\n<p>La fameuse dispute relat\u00e9e par Andrew Lownie dans son livre se<br \/>\nserait d\u00e9roul\u00e9e lors d&rsquo;une r\u00e9union de la famille royale britannique<br \/>\nen 2013. Elle trouverait son origine dans \u00ab\u00a0<strong>quelque<br \/>\nchose qu&rsquo;Andrew aurait dit dans le dos de Harry<\/strong>\u00ab\u00a0.<br \/>\nL&rsquo;auteur affirme qu&rsquo;il y aurait eu des \u00ab\u00a0coups de poing<br \/>\n\u00e9chang\u00e9s\u00a0\u00bb. Et que le prince Andrew aurait fini le nez en<br \/>\nsang.<\/p>\n<p>L&rsquo;ouvrage d&rsquo;Andrew Lownie indique par ailleurs que l&rsquo;oncle du<br \/>\nprince Harry aurait <strong>remis en question sa relation avec<br \/>\nMeghan Markle<\/strong> en priv\u00e9. Le prince Andrew aurait ainsi<br \/>\nqualifi\u00e9 l&rsquo;ancienne star de la s\u00e9rie Suits<br \/>\n\u00ab\u00a0d&rsquo;opportuniste\u00a0\u00bb. Tout en sugg\u00e9rant que leur relation ne<br \/>\ndurerait pas. L&rsquo;auteur de ce livre relate \u00e9galement les tensions<br \/>\nexistantes entre le prince Andrew et son autre neveu : le prince<br \/>\nWilliam.<\/p>\n<p>Le prince William aurait \u0153uvr\u00e9 pour<br \/>\nfaire expulser le prince Andrew du Royal Lodge<\/p>\n<p>Selon Andrew Lownie, le fr\u00e8re du prince Harry aurait \u0153uvr\u00e9 en<br \/>\ncoulisses pour expulser son oncle du Royal Lodge. Le domaine de<br \/>\nWindsor qu&rsquo;il occupe toujours. Le fils a\u00een\u00e9 du <a href=\"https:\/\/www.telestar.fr\/people\/couronnement-de-charles-iii-revivez-le-moment-ou-le-roi-a-recu-la-couronne-de-saint-edouard-video-823647\" rel=\"nofollow noopener\" target=\"_blank\"><br \/>\nroi Charles III<\/a> aurait par ailleurs <strong>exprim\u00e9 son m\u00e9pris<br \/>\nenvers le prince Andrew<\/strong> et son ex-femme Sarah Ferguson en<br \/>\npriv\u00e9. Contact\u00e9 par le magazine People. Le palais de<br \/>\nKensington a refus\u00e9 de commenter les r\u00e9v\u00e9lations de cet<br \/>\nouvrage.<\/p>\n<p>De son c\u00f4t\u00e9, le palais de Buckingham n&rsquo;a pas imm\u00e9diatement<br \/>\nr\u00e9pondu \u00e0 la demande de nos confr\u00e8res am\u00e9ricains. Le nouveau livre<br \/>\nd&rsquo;Andrew Lownie est en fait le dernier ouvrage d&rsquo;une s\u00e9rie de<br \/>\npublications controvers\u00e9es sur la monarchie britannique.<br \/>\n<strong>Celle-ci relate en fait les divisions internes au sein de<br \/>\nla famille royale<\/strong>.\u00a0<\/p>\n","protected":false},"excerpt":{"rendered":"Le nouveau livre d&rsquo;Andrew Lownie a fait l&rsquo;effet d&rsquo;une bombe outre-Manche. Intitul\u00e9 The Rise and Fall of the&hellip;\n","protected":false},"author":2,"featured_media":293815,"comment_status":"","ping_status":"","sticky":false,"template":"","format":"standard","meta":{"footnotes":""},"categories":[8],"tags":[548,58,59,1011,27,267],"class_list":{"0":"post-293814","1":"post","2":"type-post","3":"status-publish","4":"format-standard","5":"has-post-thumbnail","7":"category-divertissement","8":"tag-article-simple","9":"tag-divertissement","10":"tag-entertainment","11":"tag-fr","12":"tag-france","13":"tag-prince-harry"},"share_on_mastodon":{"url":"https:\/\/pubeurope.com\/@fr\/114965545331129459","error":""},"_links":{"self":[{"href":"https:\/\/www.europesays.com\/fr\/wp-json\/wp\/v2\/posts\/293814","targetHints":{"allow":["GET"]}}],"collection":[{"href":"https:\/\/www.europesays.com\/fr\/wp-json\/wp\/v2\/posts"}],"about":[{"href":"https:\/\/www.europesays.com\/fr\/wp-json\/wp\/v2\/types\/post"}],"author":[{"embeddable":true,"href":"https:\/\/www.europesays.com\/fr\/wp-json\/wp\/v2\/users\/2"}],"replies":[{"embeddable":true,"href":"https:\/\/www.europesays.com\/fr\/wp-json\/wp\/v2\/comments?post=293814"}],"version-history":[{"count":0,"href":"https:\/\/www.europesays.com\/fr\/wp-json\/wp\/v2\/posts\/293814\/revisions"}],"wp:featuredmedia":[{"embeddable":true,"href":"https:\/\/www.europesays.com\/fr\/wp-json\/wp\/v2\/media\/293815"}],"wp:attachment":[{"href":"https:\/\/www.europesays.com\/fr\/wp-json\/wp\/v2\/media?parent=293814"}],"wp:term":[{"taxonomy":"category","embeddable":true,"href":"https:\/\/www.europesays.com\/fr\/wp-json\/wp\/v2\/categories?post=293814"},{"taxonomy":"post_tag","embeddable":true,"href":"https:\/\/www.europesays.com\/fr\/wp-json\/wp\/v2\/tags?post=293814"}],"curies":[{"name":"wp","href":"https:\/\/api.w.org\/{rel}","templated":true}]}}