{"id":293822,"date":"2025-08-03T15:32:12","date_gmt":"2025-08-03T15:32:12","guid":{"rendered":"https:\/\/www.europesays.com\/fr\/293822\/"},"modified":"2025-08-03T15:32:12","modified_gmt":"2025-08-03T15:32:12","slug":"insubmersible-leon-marchand-decroche-sa-deuxieme-couronne-mondiale-a-singapour","status":"publish","type":"post","link":"https:\/\/www.europesays.com\/fr\/293822\/","title":{"rendered":"insubmersible, L\u00e9on Marchand d\u00e9croche sa deuxi\u00e8me couronne mondiale \u00e0 Singapour"},"content":{"rendered":"<p>Ce dimanche, le Toulousain a conserv\u00e9 son tr\u00f4ne du 400m 4 nages, ajoutant un 7e titre mondial \u00e0 sa collection.<\/p>\n<p class=\"fig-paragraph\">Une d\u00e9monstration de force. Ce dimanche, les amateurs de suspense pouvaient passer leur chemin ou changer de cha\u00eene t\u00e9l\u00e9 car\u00a0<a href=\"https:\/\/www.lefigaro.fr\/sports\/autres-sports\/en-direct-mondiaux-de-natation-deux-courses-pour-deux-medailles-leon-marchand-veut-finir-en-beaute-20250803\" data-fig-type=\"Live\" data-gtm-custom-categorie=\"navigation\" data-gtm-custom-action=\"crossclick\" data-gtm-custom-label=\"Contextuel\" data-gtm-event=\"customEventSPE\" data-fig-domain=\"LEFIGARO\" target=\"_blank\" rel=\"noopener\">L\u00e9on Marchand<\/a>\u00a0n\u2019\u00e9tait pas d\u00e9cid\u00e9 \u00e0 laisser le moindre doute concernant sa supr\u00e9matie sur le 400m 4 nages, une distance o\u00f9 il compte d\u00e9sormais trois titres mondiaux apr\u00e8s celui conquis \u00e0 l\u2019OCBC Arena de Singapour dans un excellent chrono de 4\u201904\u2019\u201973.<\/p>\n<p class=\"fig-paragraph\">Son dauphin, Tomoyuki Matsushita, qui l\u2019avait domin\u00e9 en s\u00e9ries, en \u00e9tait quitte pour une m\u00e9daille d\u2019argent et pr\u00e8s de quatre secondes de retard \u00e0 l\u2019arriv\u00e9e (4\u201908\u2019\u201932), le Russe sous banni\u00e8re neutre Ilia Borodin prenant le bronze (4\u201909\u2019\u201916). Un gouffre, laissant le Fran\u00e7ais seul au monde.<\/p>\n<p>                                    <a class=\"fig-a11y-skip a11y-hidden\" href=\"#fig-a11y-skip-main-inarticle\"><br \/>\n        Passer la publicit\u00e9<br \/>\n    <\/a><\/p>\n<p>En argent sur le relais<\/p>\n<p class=\"fig-paragraph\">Finalement, l\u2019alerte des s\u00e9ries dans la matin\u00e9e, lorsque Marchand avait d\u00fb se contenter du 7e temps en plus de 4\u201913\u2019\u2019, donc pas tr\u00e8s loin d\u2019une catastrophe inattendue, restera anecdotique. Elle a cependant eu le m\u00e9rite d\u2019instiller une petite dose de suspense \u00e0 cette finale promise au recordman du monde la distance. \u00c9tait-il physiquement par\u00e9 pour relever le challenge d\u2019un 400m 4 nages le dernier jour des Mondiaux, lui qui \u00e9tait habitu\u00e9 \u00e0 d\u00e9buter ses campagnes internationales par cette conqu\u00eate\u00a0? Avait-il r\u00e9ellement dig\u00e9r\u00e9 son extraordinaire record du monde mercredi sur le 200m 4 nages, quand il signa un 1\u201952\u2019\u201969 venu d\u2019ailleurs\u00a0?<\/p>\n<p class=\"fig-paragraph\">La r\u00e9ponse ne tardait pas \u00e0 venir avec un premier 100m papillon parfaitement n\u00e9goci\u00e9 par le Fran\u00e7ais, m\u00eame si cela ne suffisait pas \u00e0 d\u00e9crocher totalement ses poursuivants. Mais d\u00e8s le dos, cela devenait trop dur pour ses adversaires de suivre sa cadence infernale, et ses coul\u00e9es d\u00e9moniaques qui le faisaient \u00e9merger cinq m\u00e8tres plus loin que les autres. Si bien qu\u2019\u00e0 mi-course, la messe \u00e9tait dite. Ce qui n\u2019emp\u00eachait pas Marchand de mettre la mani\u00e8re pour aller chercher son 7e titre mondial en carri\u00e8re.<\/p>\n<p class=\"fig-paragraph\">Une poign\u00e9e de minutes plus tard, le glouton Marchand participait activement \u00e0 la belle m\u00e9daille d\u2019argent du relais fran\u00e7ais, aux c\u00f4t\u00e9s de Ndoye-Brouard, Grousset et Le Goff sur 4x100m 4 nages. G\u00e9ant, jusqu\u2019au bout.<\/p>\n<p class=\"fig-paragraph\"><strong>\u00c0 VOIR AUSSI \u2013 <\/strong>\u00abAux armes\u00a0!\u00bb\u00a0: l\u2019accueil exceptionnel des supporters de l\u2019OM \u00e0 Pierre-Emerick Aubameyang, de retour au club<\/p>\n","protected":false},"excerpt":{"rendered":"Ce dimanche, le Toulousain a conserv\u00e9 son tr\u00f4ne du 400m 4 nages, ajoutant un 7e titre mondial \u00e0&hellip;\n","protected":false},"author":2,"featured_media":293823,"comment_status":"","ping_status":"","sticky":false,"template":"","format":"standard","meta":{"footnotes":""},"categories":[4],"tags":[11,1011,27,13283,5216,12,25],"class_list":{"0":"post-293822","1":"post","2":"type-post","3":"status-publish","4":"format-standard","5":"has-post-thumbnail","7":"category-france","8":"tag-actualites","9":"tag-fr","10":"tag-france","11":"tag-leon-marchand","12":"tag-natation","13":"tag-news","14":"tag-republique-francaise"},"share_on_mastodon":{"url":"https:\/\/pubeurope.com\/@fr\/114965560947559417","error":""},"_links":{"self":[{"href":"https:\/\/www.europesays.com\/fr\/wp-json\/wp\/v2\/posts\/293822","targetHints":{"allow":["GET"]}}],"collection":[{"href":"https:\/\/www.europesays.com\/fr\/wp-json\/wp\/v2\/posts"}],"about":[{"href":"https:\/\/www.europesays.com\/fr\/wp-json\/wp\/v2\/types\/post"}],"author":[{"embeddable":true,"href":"https:\/\/www.europesays.com\/fr\/wp-json\/wp\/v2\/users\/2"}],"replies":[{"embeddable":true,"href":"https:\/\/www.europesays.com\/fr\/wp-json\/wp\/v2\/comments?post=293822"}],"version-history":[{"count":0,"href":"https:\/\/www.europesays.com\/fr\/wp-json\/wp\/v2\/posts\/293822\/revisions"}],"wp:featuredmedia":[{"embeddable":true,"href":"https:\/\/www.europesays.com\/fr\/wp-json\/wp\/v2\/media\/293823"}],"wp:attachment":[{"href":"https:\/\/www.europesays.com\/fr\/wp-json\/wp\/v2\/media?parent=293822"}],"wp:term":[{"taxonomy":"category","embeddable":true,"href":"https:\/\/www.europesays.com\/fr\/wp-json\/wp\/v2\/categories?post=293822"},{"taxonomy":"post_tag","embeddable":true,"href":"https:\/\/www.europesays.com\/fr\/wp-json\/wp\/v2\/tags?post=293822"}],"curies":[{"name":"wp","href":"https:\/\/api.w.org\/{rel}","templated":true}]}}